{"id":60055,"date":"2014-10-16T11:26:52","date_gmt":"2014-10-16T10:26:52","guid":{"rendered":"http:\/\/www.filindeblogg.nu\/?p=60055"},"modified":"2014-10-16T11:26:52","modified_gmt":"2014-10-16T10:26:52","slug":"var-finns-tjansteforetagen","status":"publish","type":"post","link":"http:\/\/www.filindeblogg.nu\/?p=60055","title":{"rendered":"Var finns tj\u00e4nstef\u00f6retagen??"},"content":{"rendered":"<p><img loading=\"lazy\" class=\"alignnone size-medium wp-image-60057\" src=\"http:\/\/www.filindeblogg.nu\/wp-content\/uploads\/2014\/10\/0202-218x300.jpg\" alt=\"020\" width=\"218\" height=\"300\" srcset=\"http:\/\/www.filindeblogg.nu\/wp-content\/uploads\/2014\/10\/0202-218x300.jpg 218w, http:\/\/www.filindeblogg.nu\/wp-content\/uploads\/2014\/10\/0202.jpg 362w\" sizes=\"(max-width: 218px) 100vw, 218px\" \/> I dagens lokaltidning kan man l\u00e4sa om d\u00e5ligt sk\u00f6tt tr\u00e4dg\u00e5rdsservice i <strong>Arboga<\/strong>. <strong>Arboga<\/strong> <strong>kommun<\/strong> betalar 3 miljoner (!) kronor om \u00e5ret till <strong>Samuelssons Fastighetsservice<\/strong> och \u00e4nd\u00e5 ser det bedr\u00f6vligt ut runt om i stan. I tidningen ber\u00e4ttas att grannar till <strong>Vasagymnasiet<\/strong> uppr\u00f6rt ringt och klagat \u00f6ver att det ser bedr\u00f6vligt ut runt skolan.<\/p>\n<p>Enligt tidningen vill arbetsledaren hos Samuelssons inte uttala sig eller kommentera det hela men en anst\u00e4lld s\u00e4ger att de inte hinner med jobben. <em>&#8221;- Vi \u00e4r tre stycken som rensar ogr\u00e4s p\u00e5 61 omr\u00e5den.&#8221;<\/em><\/p>\n<p><strong>Bloggaren undrar: &#8211; Var finns konkurrenterna till Samuelssons? Var finns tj\u00e4nstef\u00f6retagen \u00f6ver huvud taget? M\u00e5nga g\u00e5r arbetsl\u00f6sa och det finns flyktingar och asyls\u00f6kande som s\u00e4kert skulle vilja jobba!<\/strong><\/p>\n<p><img loading=\"lazy\" class=\"alignnone  wp-image-60059\" src=\"http:\/\/www.filindeblogg.nu\/wp-content\/uploads\/2014\/10\/0214-300x225.jpg\" alt=\"021\" width=\"168\" height=\"126\" srcset=\"http:\/\/www.filindeblogg.nu\/wp-content\/uploads\/2014\/10\/0214-300x225.jpg 300w, http:\/\/www.filindeblogg.nu\/wp-content\/uploads\/2014\/10\/0214.jpg 600w\" sizes=\"(max-width: 168px) 100vw, 168px\" \/>\u00a0Bloggaren skulle sj\u00e4lv g\u00e4rna k\u00f6pa tj\u00e4nster &#8211; om det fanns att tillg\u00e5! <img loading=\"lazy\" class=\"alignnone  wp-image-60058\" src=\"http:\/\/www.filindeblogg.nu\/wp-content\/uploads\/2014\/10\/023-300x225.jpg\" alt=\"023\" width=\"164\" height=\"123\" srcset=\"http:\/\/www.filindeblogg.nu\/wp-content\/uploads\/2014\/10\/023-300x225.jpg 300w, http:\/\/www.filindeblogg.nu\/wp-content\/uploads\/2014\/10\/023.jpg 600w\" sizes=\"(max-width: 164px) 100vw, 164px\" \/> Det finns s\u00e4kerligen fler &#8211; b\u00e5de f\u00f6retag och privatpersoner som skulle kunna t\u00e4nka sig att k\u00f6pa tr\u00e4dg\u00e5rdsservice s\u00e4songsvis.<\/p>\n<p><img loading=\"lazy\" class=\"alignnone  wp-image-60060\" src=\"http:\/\/www.filindeblogg.nu\/wp-content\/uploads\/2014\/10\/027-300x225.jpg\" alt=\"027\" width=\"197\" height=\"148\" srcset=\"http:\/\/www.filindeblogg.nu\/wp-content\/uploads\/2014\/10\/027-300x225.jpg 300w, http:\/\/www.filindeblogg.nu\/wp-content\/uploads\/2014\/10\/027.jpg 600w\" sizes=\"(max-width: 197px) 100vw, 197px\" \/> Nu \u00e4r jobbet gjort &#8211; f\u00f6r denna g\u00e5ng, f\u00f6r idag&#8230;\u00a0<img loading=\"lazy\" class=\"alignnone  wp-image-60061\" src=\"http:\/\/www.filindeblogg.nu\/wp-content\/uploads\/2014\/10\/R\u00e4fsat-och-kliptt-16-okt-2014-300x225.jpg\" alt=\"R\u00e4fsat och kliptt 16 okt 2014\" width=\"199\" height=\"149\" srcset=\"http:\/\/www.filindeblogg.nu\/wp-content\/uploads\/2014\/10\/R\u00e4fsat-och-kliptt-16-okt-2014-300x225.jpg 300w, http:\/\/www.filindeblogg.nu\/wp-content\/uploads\/2014\/10\/R\u00e4fsat-och-kliptt-16-okt-2014.jpg 600w\" sizes=\"(max-width: 199px) 100vw, 199px\" \/> Men snart ser det likadant ut igen och det kommer fler h\u00f6star.<\/p>\n<p>Bloggaren har \u00e4ven haft problem att hitta hj\u00e4lp med sn\u00f6r\u00f6jning men k\u00f6per nu tj\u00e4nsten av<a href=\"http:\/\/www.ltlast.se\/\" target=\"_blank\"> <strong>LT Last &amp; Gr\u00e4v <\/strong><\/a>i Arboga.<\/p>\n<p>Varf\u00f6r finns det inga tj\u00e4nstef\u00f6retag att tillg\u00e5? Hur \u00e4r det med entrepren\u00f6rsandan? Kommunen s\u00e4ljer &#8221;pension\u00e4rsservice&#8221; via sin <strong>Arbetsmarknadsenhet AME<\/strong> &#8211; men den tj\u00e4nsten \u00e4r bara till f\u00f6r pension\u00e4rer.<br \/>\n<strong>Kanske LT Last &amp; Gr\u00e4v kan ut\u00f6ka sin verksamhet?<\/strong> N\u00e5gra fler ta upp konkurrensen?<\/p>\n<p><img loading=\"lazy\" class=\"alignnone size-full wp-image-60062\" src=\"http:\/\/www.filindeblogg.nu\/wp-content\/uploads\/2014\/10\/Tr\u00f6tt1.jpg\" alt=\"Tr\u00f6tt\" width=\"61\" height=\"132\" \/>\u00c4r man tr\u00f6tt och slut beh\u00f6ver man hj\u00e4lp. <strong>HJ\u00c4LP!<\/strong> <img loading=\"lazy\" class=\"alignnone size-full wp-image-60063\" src=\"http:\/\/www.filindeblogg.nu\/wp-content\/uploads\/2014\/10\/Tr\u00f6ttare1.jpg\" alt=\"Tr\u00f6ttare\" width=\"122\" height=\"110\" \/><\/p>\n<p>Slut \u00e4r \u00e4ven sommaren och slutblommat ute \u00e4r det ocks\u00e5 snart. <img loading=\"lazy\" class=\"alignnone size-medium wp-image-60064\" src=\"http:\/\/www.filindeblogg.nu\/wp-content\/uploads\/2014\/10\/0323-300x225.jpg\" alt=\"032\" width=\"300\" height=\"225\" srcset=\"http:\/\/www.filindeblogg.nu\/wp-content\/uploads\/2014\/10\/0323-300x225.jpg 300w, http:\/\/www.filindeblogg.nu\/wp-content\/uploads\/2014\/10\/0323.jpg 600w\" sizes=\"(max-width: 300px) 100vw, 300px\" \/> Ett par margueriter och n\u00e5gra pens\u00e9er ger sitt sista.<\/p>\n<p><strong>Entrepren\u00f6rskap efterfr\u00e5gas! Jobb till arbetsl\u00f6sa! Tj\u00e4nstef\u00f6retag s\u00f6kes! Det finns jobb att utf\u00f6ra! Kom igen!!<\/strong><\/p>\n<p><img loading=\"lazy\" class=\"aligncenter size-medium wp-image-60065\" src=\"http:\/\/www.filindeblogg.nu\/wp-content\/uploads\/2014\/10\/0312-300x225.jpg\" alt=\"031\" width=\"300\" height=\"225\" srcset=\"http:\/\/www.filindeblogg.nu\/wp-content\/uploads\/2014\/10\/0312-300x225.jpg 300w, http:\/\/www.filindeblogg.nu\/wp-content\/uploads\/2014\/10\/0312.jpg 600w\" sizes=\"(max-width: 300px) 100vw, 300px\" \/><\/p>\n<p>&nbsp;<\/p>\n<p>&nbsp;<\/p>\n","protected":false},"excerpt":{"rendered":"<p>I dagens lokaltidning kan man l\u00e4sa om d\u00e5ligt sk\u00f6tt tr\u00e4dg\u00e5rdsservice i Arboga. Arboga kommun betalar 3 miljoner (!) kronor om \u00e5ret till Samuelssons Fastighetsservice och \u00e4nd\u00e5 ser det bedr\u00f6vligt ut runt om i stan. I tidningen ber\u00e4ttas att grannar till Vasagymnasiet uppr\u00f6rt ringt och klagat \u00f6ver att det ser bedr\u00f6vligt ut runt skolan. Enligt tidningen [&hellip;]<\/p>\n","protected":false},"author":1,"featured_media":0,"comment_status":"open","ping_status":"open","sticky":false,"template":"","format":"standard","meta":[],"categories":[127,100,145,101],"tags":[],"_links":{"self":[{"href":"http:\/\/www.filindeblogg.nu\/index.php?rest_route=\/wp\/v2\/posts\/60055"}],"collection":[{"href":"http:\/\/www.filindeblogg.nu\/index.php?rest_route=\/wp\/v2\/posts"}],"about":[{"href":"http:\/\/www.filindeblogg.nu\/index.php?rest_route=\/wp\/v2\/types\/post"}],"author":[{"embeddable":true,"href":"http:\/\/www.filindeblogg.nu\/index.php?rest_route=\/wp\/v2\/users\/1"}],"replies":[{"embeddable":true,"href":"http:\/\/www.filindeblogg.nu\/index.php?rest_route=%2Fwp%2Fv2%2Fcomments&post=60055"}],"version-history":[{"count":5,"href":"http:\/\/www.filindeblogg.nu\/index.php?rest_route=\/wp\/v2\/posts\/60055\/revisions"}],"predecessor-version":[{"id":60070,"href":"http:\/\/www.filindeblogg.nu\/index.php?rest_route=\/wp\/v2\/posts\/60055\/revisions\/60070"}],"wp:attachment":[{"href":"http:\/\/www.filindeblogg.nu\/index.php?rest_route=%2Fwp%2Fv2%2Fmedia&parent=60055"}],"wp:term":[{"taxonomy":"category","embeddable":true,"href":"http:\/\/www.filindeblogg.nu\/index.php?rest_route=%2Fwp%2Fv2%2Fcategories&post=60055"},{"taxonomy":"post_tag","embeddable":true,"href":"http:\/\/www.filindeblogg.nu\/index.php?rest_route=%2Fwp%2Fv2%2Ftags&post=60055"}],"curies":[{"name":"wp","href":"https:\/\/api.w.org\/{rel}","templated":true}]}}