{"id":59952,"date":"2014-10-10T13:49:22","date_gmt":"2014-10-10T12:49:22","guid":{"rendered":"http:\/\/www.filindeblogg.nu\/?p=59952"},"modified":"2014-10-10T13:49:22","modified_gmt":"2014-10-10T12:49:22","slug":"vagval-i-arboga","status":"publish","type":"post","link":"http:\/\/www.filindeblogg.nu\/?p=59952","title":{"rendered":"V\u00e4gval i Arboga"},"content":{"rendered":"<p><img loading=\"lazy\" class=\"alignnone  wp-image-59953\" src=\"http:\/\/www.filindeblogg.nu\/wp-content\/uploads\/2014\/10\/0093-300x225.jpg\" alt=\"009\" width=\"207\" height=\"155\" srcset=\"http:\/\/www.filindeblogg.nu\/wp-content\/uploads\/2014\/10\/0093-300x225.jpg 300w, http:\/\/www.filindeblogg.nu\/wp-content\/uploads\/2014\/10\/0093.jpg 600w\" sizes=\"(max-width: 207px) 100vw, 207px\" \/> G\u00e5ng- och cykelbanor finns f\u00f6rst\u00e5s i <strong>Arboga<\/strong> &#8211; men h\u00e4nger de ihop? Finns det n\u00e5gon enhetlig plan s\u00e5 att g\u00e5ngtrafikanter och cyklister kan ta sig fram enkelt och framf\u00f6r allt s\u00e4kert inom staden? Icke!<\/p>\n<p>H\u00e4r om dagen promenerade bloggaren p\u00e5 norr &#8211; p\u00e5 v\u00e4g mot villakvarteren norr om <strong>Fellingsbrov\u00e4gen<\/strong>. Det gick s\u00e5 d\u00e4r&#8230; Fr\u00e5n centrum via <strong>J\u00e4dersv\u00e4gen <\/strong>och<strong> Gjutarev\u00e4gen<\/strong> kunde bloggaren promenera tryggt in p\u00e5 <strong>Sofiedalsgatan<\/strong> &#8211; s\u00e5 l\u00e5ngt gick det bra. Men framme vid <strong>K\u00e4rnmakarv\u00e4gen<\/strong> tog det slut! <img loading=\"lazy\" class=\"alignnone size-medium wp-image-59954\" src=\"http:\/\/www.filindeblogg.nu\/wp-content\/uploads\/2014\/10\/0061-225x300.jpg\" alt=\"006\" width=\"225\" height=\"300\" srcset=\"http:\/\/www.filindeblogg.nu\/wp-content\/uploads\/2014\/10\/0061-225x300.jpg 225w, http:\/\/www.filindeblogg.nu\/wp-content\/uploads\/2014\/10\/0061.jpg 450w\" sizes=\"(max-width: 225px) 100vw, 225px\" \/><br \/>\nNi ser &#8211; l\u00e4ngre bort finns en trottoar som f\u00f6rsvinner n\u00e4r man passerat K\u00e4rnmakarv\u00e4gen till h\u00f6ger.<\/p>\n<p><img loading=\"lazy\" class=\"alignnone size-medium wp-image-59955\" src=\"http:\/\/www.filindeblogg.nu\/wp-content\/uploads\/2014\/10\/0052-225x300.jpg\" alt=\"005\" width=\"225\" height=\"300\" srcset=\"http:\/\/www.filindeblogg.nu\/wp-content\/uploads\/2014\/10\/0052-225x300.jpg 225w, http:\/\/www.filindeblogg.nu\/wp-content\/uploads\/2014\/10\/0052.jpg 450w\" sizes=\"(max-width: 225px) 100vw, 225px\" \/>\u00a0Det verkar som om ingen ska promenera till <strong>Gustavsbergsv\u00e4gen<\/strong> och villakvarteren norr om Fellingsbrov\u00e4gen!<\/p>\n<p>\u00c4r det bara med bil man ska bes\u00f6ka villorna!? <img loading=\"lazy\" class=\"alignnone size-medium wp-image-59956\" src=\"http:\/\/www.filindeblogg.nu\/wp-content\/uploads\/2014\/10\/0071-300x225.jpg\" alt=\"007\" width=\"300\" height=\"225\" srcset=\"http:\/\/www.filindeblogg.nu\/wp-content\/uploads\/2014\/10\/0071-300x225.jpg 300w, http:\/\/www.filindeblogg.nu\/wp-content\/uploads\/2014\/10\/0071.jpg 600w\" sizes=\"(max-width: 300px) 100vw, 300px\" \/><\/p>\n<p>Jo, det finns en g\u00e5ng- och cykelbana &#8211; men bara om man kommer fr\u00e5n r\u00e4tt h\u00e5ll &#8211; eller t\u00e4nker ta en promenad eller cykeltur \u00f6sterut in mot centrum. <img loading=\"lazy\" class=\"alignnone size-medium wp-image-59957\" src=\"http:\/\/www.filindeblogg.nu\/wp-content\/uploads\/2014\/10\/0083-300x225.jpg\" alt=\"008\" width=\"300\" height=\"225\" srcset=\"http:\/\/www.filindeblogg.nu\/wp-content\/uploads\/2014\/10\/0083-300x225.jpg 300w, http:\/\/www.filindeblogg.nu\/wp-content\/uploads\/2014\/10\/0083.jpg 600w\" sizes=\"(max-width: 300px) 100vw, 300px\" \/><\/p>\n<p>Men n\u00e4r man v\u00e4l kommit fram till Gustavsbergsv\u00e4gen \u00e4r det bil som g\u00e4ller! <img loading=\"lazy\" class=\"alignnone  wp-image-59958\" src=\"http:\/\/www.filindeblogg.nu\/wp-content\/uploads\/2014\/10\/0122-300x225.jpg\" alt=\"012\" width=\"248\" height=\"186\" srcset=\"http:\/\/www.filindeblogg.nu\/wp-content\/uploads\/2014\/10\/0122-300x225.jpg 300w, http:\/\/www.filindeblogg.nu\/wp-content\/uploads\/2014\/10\/0122.jpg 600w\" sizes=\"(max-width: 248px) 100vw, 248px\" \/> Inga trottoarer eller cykelbanor! <img loading=\"lazy\" class=\"alignnone size-medium wp-image-59959\" src=\"http:\/\/www.filindeblogg.nu\/wp-content\/uploads\/2014\/10\/0141-300x225.jpg\" alt=\"014\" width=\"300\" height=\"225\" srcset=\"http:\/\/www.filindeblogg.nu\/wp-content\/uploads\/2014\/10\/0141-300x225.jpg 300w, http:\/\/www.filindeblogg.nu\/wp-content\/uploads\/2014\/10\/0141.jpg 600w\" sizes=\"(max-width: 300px) 100vw, 300px\" \/><\/p>\n<p>Boende har trampat upp en egen liten stig: <img loading=\"lazy\" class=\"alignnone size-medium wp-image-59960\" src=\"http:\/\/www.filindeblogg.nu\/wp-content\/uploads\/2014\/10\/0103-300x225.jpg\" alt=\"010\" width=\"300\" height=\"225\" srcset=\"http:\/\/www.filindeblogg.nu\/wp-content\/uploads\/2014\/10\/0103-300x225.jpg 300w, http:\/\/www.filindeblogg.nu\/wp-content\/uploads\/2014\/10\/0103.jpg 600w\" sizes=\"(max-width: 300px) 100vw, 300px\" \/><\/p>\n<p>Men ska det vara s\u00e5 h\u00e4r? \u00c4r det bara bil som g\u00e4ller inne p\u00e5 omr\u00e5det eller varf\u00f6r finns inga g\u00e5ng- och\/eller cykelbanor? Finns det ingen plan f\u00f6r trafiken inom Arboga eller sker saker bara lite hipp som happ?<br \/>\n<em>&#8211; En g\u00e5ng- och cykelbana r\u00e4cker fr\u00e5n Gustavsbergsv\u00e4gen &#8211; folk beh\u00f6ver inte ta sig s\u00f6derut! <\/em> \u00c4r det s\u00e5 de styrande resonerar?<\/p>\n<p>Det h\u00e4r kanske \u00e4r en fr\u00e5ga f\u00f6r alerte <strong>Ingemar<\/strong> att ta upp med <strong>Tekniska n\u00e4mnden<\/strong> i Arboga? Bloggaren tror sig veta att han som ny ledamot f\u00f6r <strong>Folkpartiet<\/strong> i kommunfullm\u00e4ktige kommer att vara p\u00e5 hugget. \ud83d\ude42<\/p>\n<p>Vad s\u00e4ger de boende i omr\u00e5det? Har de klagat eller finner de sig bara i det hela? Hur cyklar barnen s\u00e4kert till kompisar p\u00e5 andra sidan Fellingsbrov\u00e4gen och varf\u00f6r kan man inte ta en promenad p\u00e5 en trottoar hela v\u00e4gen till <strong>H\u00e4llbacken<\/strong>?<\/p>\n<p>Det finns fler &#8221;oplanerade omr\u00e5den&#8221; i Arboga. Gator utan trottoarer intill Vasastan till exempel och cykelbanor som bara tar slut pl\u00f6tsligt.<\/p>\n<p><img loading=\"lazy\" class=\"aligncenter size-full wp-image-59961\" src=\"http:\/\/www.filindeblogg.nu\/wp-content\/uploads\/2014\/10\/G\u00e5ng-och-cykelbana.jpg\" alt=\"G\u00e5ng och cykelbana\" width=\"120\" height=\"120\" \/><\/p>\n<p>Nu n\u00e5got helt annat! Bloggaren t\u00e4nker ofta p\u00e5 hur h\u00e5llbar mj\u00f6lken \u00e4r! <img loading=\"lazy\" class=\"alignnone  wp-image-59962\" src=\"http:\/\/www.filindeblogg.nu\/wp-content\/uploads\/2014\/10\/Mj\u00f6lk-st\u00e5r-sig-l\u00e4nge-300x225.jpg\" alt=\"Mj\u00f6lk st\u00e5r sig l\u00e4nge\" width=\"191\" height=\"143\" srcset=\"http:\/\/www.filindeblogg.nu\/wp-content\/uploads\/2014\/10\/Mj\u00f6lk-st\u00e5r-sig-l\u00e4nge-300x225.jpg 300w, http:\/\/www.filindeblogg.nu\/wp-content\/uploads\/2014\/10\/Mj\u00f6lk-st\u00e5r-sig-l\u00e4nge.jpg 600w\" sizes=\"(max-width: 191px) 100vw, 191px\" \/> <em>&#8221;B\u00e4st f\u00f6re 24 september&#8221;<\/em> kan man l\u00e4sa p\u00e5 det h\u00e4r ekologiska mj\u00f6lkpaketet men bloggaren tog sista skv\u00e4tten 1 oktober och det var inget fel p\u00e5 mj\u00f6lken alls! Lukta och smaka &#8211; det g\u00e5r ofta att anv\u00e4nda varor efter sista f\u00f6rbrukningsdatum.<\/p>\n<p>Dags f\u00f6r fredagsmys! Kanske ses vi igen under helgen &#8211; det beror p\u00e5 v\u00e4der och vind och m\u00e5ende.<\/p>\n<p><img loading=\"lazy\" class=\"aligncenter size-full wp-image-59963\" src=\"http:\/\/www.filindeblogg.nu\/wp-content\/uploads\/2014\/10\/Fredagsmys.jpg\" alt=\"Fredagsmys\" width=\"140\" height=\"91\" \/><\/p>\n<p>&nbsp;<\/p>\n","protected":false},"excerpt":{"rendered":"<p>G\u00e5ng- och cykelbanor finns f\u00f6rst\u00e5s i Arboga &#8211; men h\u00e4nger de ihop? Finns det n\u00e5gon enhetlig plan s\u00e5 att g\u00e5ngtrafikanter och cyklister kan ta sig fram enkelt och framf\u00f6r allt s\u00e4kert inom staden? Icke! H\u00e4r om dagen promenerade bloggaren p\u00e5 norr &#8211; p\u00e5 v\u00e4g mot villakvarteren norr om Fellingsbrov\u00e4gen. Det gick s\u00e5 d\u00e4r&#8230; Fr\u00e5n centrum [&hellip;]<\/p>\n","protected":false},"author":1,"featured_media":0,"comment_status":"open","ping_status":"open","sticky":false,"template":"","format":"standard","meta":[],"categories":[127,100,119,101,153],"tags":[],"_links":{"self":[{"href":"http:\/\/www.filindeblogg.nu\/index.php?rest_route=\/wp\/v2\/posts\/59952"}],"collection":[{"href":"http:\/\/www.filindeblogg.nu\/index.php?rest_route=\/wp\/v2\/posts"}],"about":[{"href":"http:\/\/www.filindeblogg.nu\/index.php?rest_route=\/wp\/v2\/types\/post"}],"author":[{"embeddable":true,"href":"http:\/\/www.filindeblogg.nu\/index.php?rest_route=\/wp\/v2\/users\/1"}],"replies":[{"embeddable":true,"href":"http:\/\/www.filindeblogg.nu\/index.php?rest_route=%2Fwp%2Fv2%2Fcomments&post=59952"}],"version-history":[{"count":10,"href":"http:\/\/www.filindeblogg.nu\/index.php?rest_route=\/wp\/v2\/posts\/59952\/revisions"}],"predecessor-version":[{"id":59973,"href":"http:\/\/www.filindeblogg.nu\/index.php?rest_route=\/wp\/v2\/posts\/59952\/revisions\/59973"}],"wp:attachment":[{"href":"http:\/\/www.filindeblogg.nu\/index.php?rest_route=%2Fwp%2Fv2%2Fmedia&parent=59952"}],"wp:term":[{"taxonomy":"category","embeddable":true,"href":"http:\/\/www.filindeblogg.nu\/index.php?rest_route=%2Fwp%2Fv2%2Fcategories&post=59952"},{"taxonomy":"post_tag","embeddable":true,"href":"http:\/\/www.filindeblogg.nu\/index.php?rest_route=%2Fwp%2Fv2%2Ftags&post=59952"}],"curies":[{"name":"wp","href":"https:\/\/api.w.org\/{rel}","templated":true}]}}