{"id":59549,"date":"2014-09-24T08:09:18","date_gmt":"2014-09-24T07:09:18","guid":{"rendered":"http:\/\/www.filindeblogg.nu\/?p=59549"},"modified":"2014-09-24T08:09:18","modified_gmt":"2014-09-24T07:09:18","slug":"gissade-du-ratt-pa-bilden-svar-kommer-har-lite-hostbilder-ocksa-och-om-olle-som-bade-vill-ata-kakan-och-ha-den-kvar","status":"publish","type":"post","link":"http:\/\/www.filindeblogg.nu\/?p=59549","title":{"rendered":"Gissade du r\u00e4tt p\u00e5 bilden? Svar kommer h\u00e4r! Lite h\u00f6stbilder ocks\u00e5 och om Olle som b\u00e5de vill \u00e4ta kakan och ha den kvar!"},"content":{"rendered":"<p><img loading=\"lazy\" class=\"alignnone  wp-image-59550\" src=\"http:\/\/www.filindeblogg.nu\/wp-content\/uploads\/2014\/09\/0311-225x300.jpg\" alt=\"031\" width=\"84\" height=\"112\" srcset=\"http:\/\/www.filindeblogg.nu\/wp-content\/uploads\/2014\/09\/0311-225x300.jpg 225w, http:\/\/www.filindeblogg.nu\/wp-content\/uploads\/2014\/09\/0311.jpg 450w\" sizes=\"(max-width: 84px) 100vw, 84px\" \/> H\u00f6stdagj\u00e4mningen inf\u00f6ll ig\u00e5r &#8211; men det k\u00e4ndes mer som om vintern b\u00f6rjade sitt int\u00e5g. I alla fall om man tittade p\u00e5 termometern p\u00e5 morgonkvisten&#8230; <img loading=\"lazy\" class=\"alignnone  wp-image-59551\" src=\"http:\/\/www.filindeblogg.nu\/wp-content\/uploads\/2014\/09\/Temperaturen-23-sept-2014-00.jpg\" alt=\"Temperaturen 23 sept 2014 00\" width=\"130\" height=\"173\" \/> Hu!! \ud83d\ude41<\/p>\n<p><img loading=\"lazy\" class=\"alignnone  wp-image-59552\" src=\"http:\/\/www.filindeblogg.nu\/wp-content\/uploads\/2014\/09\/0133-225x300.jpg\" alt=\"013\" width=\"154\" height=\"205\" srcset=\"http:\/\/www.filindeblogg.nu\/wp-content\/uploads\/2014\/09\/0133-225x300.jpg 225w, http:\/\/www.filindeblogg.nu\/wp-content\/uploads\/2014\/09\/0133.jpg 450w\" sizes=\"(max-width: 154px) 100vw, 154px\" \/> Dimmigt och r\u00e5tt fram p\u00e5 f\u00f6rmiddagen. <strong>Curry<\/strong> som tillf\u00e4lligt \u00e5terv\u00e4nt (!?) blickar ut \u00f6ver g\u00e5rden. Annars \u00e4r det sk\u00f6nast att h\u00e5lla sig inne, tycker katterna! <img loading=\"lazy\" class=\"alignnone  wp-image-59553\" src=\"http:\/\/www.filindeblogg.nu\/wp-content\/uploads\/2014\/09\/Tre-katter-inne-18-sept-14-under-kan-h\u00e4nda.jpg\" alt=\"Tre katter inne 18 sept 14 - under kan h\u00e4nda!\" width=\"143\" height=\"191\" \/> Alla hemma och p\u00e5 samma foto &#8211; inte illa! \ud83d\ude42<\/p>\n<p>I tv\u00e4ttstugan r\u00e4ddar bloggaren getingar! Av n\u00e5gon anledning har det kommit in ett flertal getingar som f\u00f6rmodligen varit inst\u00e4ngda ett tag. Lite pyssel att f\u00e5 ut dom alla &#8211; men det lyckades! <img loading=\"lazy\" class=\"alignnone  wp-image-59554\" src=\"http:\/\/www.filindeblogg.nu\/wp-content\/uploads\/2014\/09\/043-300x225.jpg\" alt=\"043\" width=\"196\" height=\"147\" srcset=\"http:\/\/www.filindeblogg.nu\/wp-content\/uploads\/2014\/09\/043-300x225.jpg 300w, http:\/\/www.filindeblogg.nu\/wp-content\/uploads\/2014\/09\/043.jpg 600w\" sizes=\"(max-width: 196px) 100vw, 196px\" \/> Man \u00e4r v\u00e4l djurv\u00e4n! Och djurv\u00e4nligheten inkluderar \u00e4ven insekter, vad g\u00e4ller bloggaren!<\/p>\n<p>Vackert \u00e4r det med alla l\u00f6v som b\u00f6rjar f\u00e4rgas i gult och r\u00f6tt. <img loading=\"lazy\" class=\"alignnone size-medium wp-image-59555\" src=\"http:\/\/www.filindeblogg.nu\/wp-content\/uploads\/2014\/09\/0015-225x300.jpg\" alt=\"001\" width=\"225\" height=\"300\" srcset=\"http:\/\/www.filindeblogg.nu\/wp-content\/uploads\/2014\/09\/0015-225x300.jpg 225w, http:\/\/www.filindeblogg.nu\/wp-content\/uploads\/2014\/09\/0015.jpg 450w\" sizes=\"(max-width: 225px) 100vw, 225px\" \/> Vill man inte vara ute och titta p\u00e5 l\u00f6v s\u00e5 kan man mysa inomhus. Nu b\u00f6rjar h\u00e4rliga tider d\u00e5 man kan t\u00e4nda ljus och njuta! <img loading=\"lazy\" class=\"alignnone size-medium wp-image-59556\" src=\"http:\/\/www.filindeblogg.nu\/wp-content\/uploads\/2014\/09\/0085-300x225.jpg\" alt=\"008\" width=\"300\" height=\"225\" srcset=\"http:\/\/www.filindeblogg.nu\/wp-content\/uploads\/2014\/09\/0085-300x225.jpg 300w, http:\/\/www.filindeblogg.nu\/wp-content\/uploads\/2014\/09\/0085.jpg 600w\" sizes=\"(max-width: 300px) 100vw, 300px\" \/> De vackra ljusen l\u00e4ngst fram \u00e4r k\u00f6pta i <a href=\"http:\/\/www.farnaherrgard.se\/hem-herrgardsbode\" target=\"_blank\">F\u00e4rna Herrg\u00e5rdsbod<\/a>.<\/p>\n<p>Det d\u00e4r med kakor d\u00e5? Jo, en del vill b\u00e5de \u00e4ta kakan och ha den kvar! <img loading=\"lazy\" class=\"alignnone size-full wp-image-59557\" src=\"http:\/\/www.filindeblogg.nu\/wp-content\/uploads\/2014\/09\/Kaka-\u00e4ta-den-och-ha-den-kvar.jpg\" alt=\"Kaka \u00e4ta den och ha den kvar\" width=\"133\" height=\"77\" \/> Bloggaren t\u00e4nker p\u00e5 <strong>Olle Ytterberg<\/strong> som h\u00f6gtidligen avtackades som kommunalr\u00e5d i v\u00e5ras men som dyker upp igen som gubben ur l\u00e5dan! <img loading=\"lazy\" class=\"alignnone  wp-image-59558\" src=\"http:\/\/www.filindeblogg.nu\/wp-content\/uploads\/2014\/09\/0421-300x225.jpg\" alt=\"042\" width=\"215\" height=\"161\" srcset=\"http:\/\/www.filindeblogg.nu\/wp-content\/uploads\/2014\/09\/0421-300x225.jpg 300w, http:\/\/www.filindeblogg.nu\/wp-content\/uploads\/2014\/09\/0421.jpg 600w\" sizes=\"(max-width: 215px) 100vw, 215px\" \/> En del har sv\u00e5rt att best\u00e4mma sig&#8230; Olle verkar man aldrig bli av med&#8230; \ud83d\ude09<\/p>\n<p>G\u00e5tan fr\u00e5n ig\u00e5r d\u00e5?\u00a0<img loading=\"lazy\" class=\"alignnone  wp-image-59559\" src=\"http:\/\/www.filindeblogg.nu\/wp-content\/uploads\/2014\/09\/Skogaholm-m\u00e5lning-fr\u00e5n-1939-E-Millberg-300x225.jpg\" alt=\"Skogaholm m\u00e5lning fr\u00e5n 1939 E Millberg\" width=\"228\" height=\"171\" srcset=\"http:\/\/www.filindeblogg.nu\/wp-content\/uploads\/2014\/09\/Skogaholm-m\u00e5lning-fr\u00e5n-1939-E-Millberg-300x225.jpg 300w, http:\/\/www.filindeblogg.nu\/wp-content\/uploads\/2014\/09\/Skogaholm-m\u00e5lning-fr\u00e5n-1939-E-Millberg.jpg 600w\" sizes=\"(max-width: 228px) 100vw, 228px\" \/> Inga gissningar! Inte ens fr\u00e5n <strong>Conny Hjalmarsson<\/strong> som brukar vara p\u00e5 hugget! Bloggaren undrade om n\u00e5gon visste var bilden ovan var ifr\u00e5n.<\/p>\n<p>S\u00e5 h\u00e4r ser det ut idag: <img loading=\"lazy\" class=\"alignnone size-full wp-image-59560\" src=\"http:\/\/www.filindeblogg.nu\/wp-content\/uploads\/2014\/09\/Stenkvistav\u00e4gen-14-fr\u00e5n-Internet.jpg\" alt=\"Stenkvistav\u00e4gen 14 fr\u00e5n Internet\" width=\"150\" height=\"112\" \/> Skogaholm!<\/p>\n<p><strong>G\u00e5rden Skogaholm<\/strong> ligger p\u00e5<strong> Stenkvistav\u00e4gen i Eskilstuna<\/strong> och den g\u00e5rden betyder mycket f\u00f6r bloggaren. H\u00e4r en detalj av m\u00e5lningen: <img loading=\"lazy\" class=\"alignnone size-medium wp-image-59561\" src=\"http:\/\/www.filindeblogg.nu\/wp-content\/uploads\/2014\/09\/119-300x225.jpg\" alt=\"119\" width=\"300\" height=\"225\" srcset=\"http:\/\/www.filindeblogg.nu\/wp-content\/uploads\/2014\/09\/119-300x225.jpg 300w, http:\/\/www.filindeblogg.nu\/wp-content\/uploads\/2014\/09\/119.jpg 600w\" sizes=\"(max-width: 300px) 100vw, 300px\" \/> I det lilla huset bodde bloggarens farmor och farfar en g\u00e5ng &#8211; <strong>Svea och Bror Wahlfeldt<\/strong> med sina barn<strong> G\u00f6te<\/strong> och <strong>Gun<\/strong> &#8211; varav G\u00f6te s\u00e5 sm\u00e5ningom blev bloggarens far.<br \/>\n<strong>Stenkvistav\u00e4gen 14<\/strong> var adressen men idag har huset adress <strong>Fridhemsgatan 2<\/strong>. Bloggaren tycker det \u00e4r underbart att den lilla, lilla stugan finns kvar mitt i Eskilstuna. \u00c5ker ni l\u00e4ngs med Stenkvistav\u00e4gen kan ni inte undg\u00e5 att se stugan!<\/p>\n<p>Farmor Sveas morbror Knut &#8211; <strong>Knut Eriksson<\/strong> &#8211; startade tillsammans med sin fru <strong>Greta<\/strong> <strong>Skogaholms Bageri<\/strong> i just huset <strong>Skogaholm<\/strong> p\u00e5 bilden &#8211; d\u00e4rav namnet p\u00e5 bageriet. Bloggarens far lekte ofta med Knut och Gretas s\u00f6ner i huset intill och han k\u00f6rde \u00e4ven ut limpor som springsjas.<\/p>\n<p>H\u00e4r en bild p\u00e5 farmor Svea med bloggaren i famnen en g\u00e5ng n\u00e4r det begav sig! <img loading=\"lazy\" class=\"alignnone size-medium wp-image-59562\" src=\"http:\/\/www.filindeblogg.nu\/wp-content\/uploads\/2014\/09\/Farmor-Svea-och-jag-som-liten-300x199.jpg\" alt=\"Farmor Svea och jag som liten\" width=\"300\" height=\"199\" srcset=\"http:\/\/www.filindeblogg.nu\/wp-content\/uploads\/2014\/09\/Farmor-Svea-och-jag-som-liten-300x199.jpg 300w, http:\/\/www.filindeblogg.nu\/wp-content\/uploads\/2014\/09\/Farmor-Svea-och-jag-som-liten.jpg 586w\" sizes=\"(max-width: 300px) 100vw, 300px\" \/> Fotot \u00e4r fr\u00e5n <strong>\u00d6sterled 12 B<\/strong> i <strong>Arboga<\/strong> d\u00e4r bloggaren bodde som mycket liten. Observera kyrktornet i bakgrunden.<\/p>\n<p><img loading=\"lazy\" class=\"alignnone size-full wp-image-59563\" src=\"http:\/\/www.filindeblogg.nu\/wp-content\/uploads\/2014\/09\/Skogaholms-br\u00f6d.png\" alt=\"Skogaholms br\u00f6d\" width=\"164\" height=\"82\" \/>Klicka <a href=\"http:\/\/www.skogaholm.se\/om_skogaholm_historia.aspx\" target=\"_blank\"><strong>H\u00c4R<\/strong> <\/a>f\u00f6r att l\u00e4sa mer om Skogaholms och dess historia m m.<\/p>\n<p>Njut dagen &#8211; den kommer aldrig mer \u00e5ter! Kanske kaffe och en skiva skogaholmslimpa till det! \ud83d\ude09<br \/>\nT\u00e4nd g\u00e4rna ett ljus och mys!<\/p>\n<p><img loading=\"lazy\" class=\"aligncenter size-medium wp-image-59564\" src=\"http:\/\/www.filindeblogg.nu\/wp-content\/uploads\/2014\/09\/0093-225x300.jpg\" alt=\"009\" width=\"225\" height=\"300\" srcset=\"http:\/\/www.filindeblogg.nu\/wp-content\/uploads\/2014\/09\/0093-225x300.jpg 225w, http:\/\/www.filindeblogg.nu\/wp-content\/uploads\/2014\/09\/0093.jpg 450w\" sizes=\"(max-width: 225px) 100vw, 225px\" \/><\/p>\n<p>&nbsp;<\/p>\n","protected":false},"excerpt":{"rendered":"<p>H\u00f6stdagj\u00e4mningen inf\u00f6ll ig\u00e5r &#8211; men det k\u00e4ndes mer som om vintern b\u00f6rjade sitt int\u00e5g. I alla fall om man tittade p\u00e5 termometern p\u00e5 morgonkvisten&#8230; Hu!! \ud83d\ude41 Dimmigt och r\u00e5tt fram p\u00e5 f\u00f6rmiddagen. Curry som tillf\u00e4lligt \u00e5terv\u00e4nt (!?) blickar ut \u00f6ver g\u00e5rden. Annars \u00e4r det sk\u00f6nast att h\u00e5lla sig inne, tycker katterna! Alla hemma och p\u00e5 [&hellip;]<\/p>\n","protected":false},"author":1,"featured_media":0,"comment_status":"open","ping_status":"open","sticky":false,"template":"","format":"standard","meta":[],"categories":[41,100,132,101],"tags":[],"_links":{"self":[{"href":"http:\/\/www.filindeblogg.nu\/index.php?rest_route=\/wp\/v2\/posts\/59549"}],"collection":[{"href":"http:\/\/www.filindeblogg.nu\/index.php?rest_route=\/wp\/v2\/posts"}],"about":[{"href":"http:\/\/www.filindeblogg.nu\/index.php?rest_route=\/wp\/v2\/types\/post"}],"author":[{"embeddable":true,"href":"http:\/\/www.filindeblogg.nu\/index.php?rest_route=\/wp\/v2\/users\/1"}],"replies":[{"embeddable":true,"href":"http:\/\/www.filindeblogg.nu\/index.php?rest_route=%2Fwp%2Fv2%2Fcomments&post=59549"}],"version-history":[{"count":9,"href":"http:\/\/www.filindeblogg.nu\/index.php?rest_route=\/wp\/v2\/posts\/59549\/revisions"}],"predecessor-version":[{"id":59573,"href":"http:\/\/www.filindeblogg.nu\/index.php?rest_route=\/wp\/v2\/posts\/59549\/revisions\/59573"}],"wp:attachment":[{"href":"http:\/\/www.filindeblogg.nu\/index.php?rest_route=%2Fwp%2Fv2%2Fmedia&parent=59549"}],"wp:term":[{"taxonomy":"category","embeddable":true,"href":"http:\/\/www.filindeblogg.nu\/index.php?rest_route=%2Fwp%2Fv2%2Fcategories&post=59549"},{"taxonomy":"post_tag","embeddable":true,"href":"http:\/\/www.filindeblogg.nu\/index.php?rest_route=%2Fwp%2Fv2%2Ftags&post=59549"}],"curies":[{"name":"wp","href":"https:\/\/api.w.org\/{rel}","templated":true}]}}