{"id":59358,"date":"2014-09-10T08:38:44","date_gmt":"2014-09-10T07:38:44","guid":{"rendered":"http:\/\/www.filindeblogg.nu\/?p=59358"},"modified":"2014-09-10T08:38:44","modified_gmt":"2014-09-10T07:38:44","slug":"4-f-en-valdigt-personlig-blogg","status":"publish","type":"post","link":"http:\/\/www.filindeblogg.nu\/?p=59358","title":{"rendered":"4 F &#8211; en v\u00e4ldigt personlig blogg"},"content":{"rendered":"<p><img loading=\"lazy\" class=\"alignnone size-full wp-image-59360\" src=\"http:\/\/www.filindeblogg.nu\/wp-content\/uploads\/2014\/09\/Fyra.jpg\" alt=\"Fyra\" width=\"100\" height=\"135\" \/>\u00a04H-g\u00e5rdar har man h\u00f6rt talas om &#8211; men<strong> 4F<\/strong>!?<\/p>\n<p>Och inte gick bloggaren i\u00a0 klass 4F i skolan heller &#8211; utan i 4B! Fast det h\u00e4r fotot \u00e4r nog fr\u00e5n 1B! \ud83d\ude42 <img loading=\"lazy\" class=\"alignnone size-medium wp-image-59359\" src=\"http:\/\/www.filindeblogg.nu\/wp-content\/uploads\/2014\/09\/0132-300x225.jpg\" alt=\"013\" width=\"300\" height=\"225\" srcset=\"http:\/\/www.filindeblogg.nu\/wp-content\/uploads\/2014\/09\/0132-300x225.jpg 300w, http:\/\/www.filindeblogg.nu\/wp-content\/uploads\/2014\/09\/0132.jpg 600w\" sizes=\"(max-width: 300px) 100vw, 300px\" \/><\/p>\n<p>Vad \u00e4r det d\u00e5 med siffran <img loading=\"lazy\" class=\"alignnone  wp-image-59361\" src=\"http:\/\/www.filindeblogg.nu\/wp-content\/uploads\/2014\/09\/4-regnb\u00e5g.jpg\" alt=\"4 regnb\u00e5g\" width=\"120\" height=\"120\" \/>?<\/p>\n<p><img loading=\"lazy\" class=\"alignnone size-full wp-image-59362\" src=\"http:\/\/www.filindeblogg.nu\/wp-content\/uploads\/2014\/09\/Fyrfaldigt-leve.jpg\" alt=\"Fyrfaldigt leve\" width=\"114\" height=\"80\" \/>\u00a0Jo, bloggaren tar ledigt f\u00f6r<strong> F<\/strong>antastiskt <strong>F<\/strong>yrfaldigt <strong>F<\/strong>irad <strong>F<\/strong>\u00f6delsedag!! 4 F och i 4 dagar!! <img loading=\"lazy\" class=\"alignnone size-full wp-image-59363\" src=\"http:\/\/www.filindeblogg.nu\/wp-content\/uploads\/2014\/09\/Fyra-i-guld.jpg\" alt=\"Fyra i guld\" width=\"124\" height=\"124\" \/><\/p>\n<p>F\u00f6r att \u00e5terg\u00e5r till fotoalbumet &#8211; det h\u00e4r \u00e4r klass 1 B i <strong>G\u00e4ddg\u00e5rdsskolan<\/strong> f\u00f6r ett ganska stort antal \u00e5r sedan! <img loading=\"lazy\" class=\"alignnone size-medium wp-image-59365\" src=\"http:\/\/www.filindeblogg.nu\/wp-content\/uploads\/2014\/09\/0143-300x223.jpg\" alt=\"014\" width=\"300\" height=\"223\" srcset=\"http:\/\/www.filindeblogg.nu\/wp-content\/uploads\/2014\/09\/0143-300x223.jpg 300w, http:\/\/www.filindeblogg.nu\/wp-content\/uploads\/2014\/09\/0143.jpg 560w\" sizes=\"(max-width: 300px) 100vw, 300px\" \/> Fr\u00f6ken heter <strong>Alice Hedlund<\/strong> &#8211; och var i den stora klassen befinner sig bloggaren??<\/p>\n<p>Jo, som otroligt blyg har hon g\u00f6mt sig bakom de andra&#8230; <img loading=\"lazy\" class=\"alignnone size-medium wp-image-59366\" src=\"http:\/\/www.filindeblogg.nu\/wp-content\/uploads\/2014\/09\/021-Kopia-Kopia-300x278.jpg\" alt=\"021 - Kopia - Kopia\" width=\"300\" height=\"278\" srcset=\"http:\/\/www.filindeblogg.nu\/wp-content\/uploads\/2014\/09\/021-Kopia-Kopia-300x278.jpg 300w, http:\/\/www.filindeblogg.nu\/wp-content\/uploads\/2014\/09\/021-Kopia-Kopia.jpg 412w\" sizes=\"(max-width: 300px) 100vw, 300px\" \/><\/p>\n<p>Lite \u00e4ldre tog hon sig ut s\u00e5 h\u00e4r: <img loading=\"lazy\" class=\"alignnone size-medium wp-image-59367\" src=\"http:\/\/www.filindeblogg.nu\/wp-content\/uploads\/2014\/09\/0102-300x259.jpg\" alt=\"010\" width=\"300\" height=\"259\" srcset=\"http:\/\/www.filindeblogg.nu\/wp-content\/uploads\/2014\/09\/0102-300x259.jpg 300w, http:\/\/www.filindeblogg.nu\/wp-content\/uploads\/2014\/09\/0102.jpg 479w\" sizes=\"(max-width: 300px) 100vw, 300px\" \/> Till v\u00e4nster i bild med l\u00e5dkamera i handen! Intill st\u00e5r kompisen <strong>Cecilia<\/strong> med hunden <strong>Osborne<\/strong>! Till h\u00f6ger i bild broder <strong>Mats!<\/strong><\/p>\n<p><img loading=\"lazy\" class=\"alignnone  wp-image-59369\" src=\"http:\/\/www.filindeblogg.nu\/wp-content\/uploads\/2014\/09\/0351-225x300.jpg\" alt=\"035\" width=\"172\" height=\"229\" srcset=\"http:\/\/www.filindeblogg.nu\/wp-content\/uploads\/2014\/09\/0351-225x300.jpg 225w, http:\/\/www.filindeblogg.nu\/wp-content\/uploads\/2014\/09\/0351.jpg 450w\" sizes=\"(max-width: 172px) 100vw, 172px\" \/> H\u00e4r i nedre ton\u00e5ren &#8211; just hemkommen fr\u00e5n feriejobbet p\u00e5 <strong>Arboga Maskiner<\/strong>! <strong>Raja<\/strong>, v\u00e5r str\u00e4vh\u00e5riga foxterrier h\u00e4lsar p\u00e5 b\u00e4sta v\u00e4nnen <strong>Junith<\/strong>.<\/p>\n<p>Men vad h\u00e4nde?? <img loading=\"lazy\" class=\"alignnone size-full wp-image-59370\" src=\"http:\/\/www.filindeblogg.nu\/wp-content\/uploads\/2014\/09\/Susanne.jpg\" alt=\"Susanne\" width=\"177\" height=\"173\" \/> Hur kunde allt g\u00e5 s\u00e5 fort?? <img loading=\"lazy\" class=\"alignnone  wp-image-59371\" src=\"http:\/\/www.filindeblogg.nu\/wp-content\/uploads\/2014\/09\/Susanne-och-Pappa-300x225.jpg\" alt=\"Susanne och Pappa\" width=\"231\" height=\"173\" srcset=\"http:\/\/www.filindeblogg.nu\/wp-content\/uploads\/2014\/09\/Susanne-och-Pappa-300x225.jpg 300w, http:\/\/www.filindeblogg.nu\/wp-content\/uploads\/2014\/09\/Susanne-och-Pappa.jpg 461w\" sizes=\"(max-width: 231px) 100vw, 231px\" \/><\/p>\n<p>Nyf\u00f6dd, liten, skolbarn och s\u00e5 vuxen! <img loading=\"lazy\" class=\"alignnone  wp-image-59372\" src=\"http:\/\/www.filindeblogg.nu\/wp-content\/uploads\/2014\/09\/0381-225x300.jpg\" alt=\"038\" width=\"142\" height=\"189\" srcset=\"http:\/\/www.filindeblogg.nu\/wp-content\/uploads\/2014\/09\/0381-225x300.jpg 225w, http:\/\/www.filindeblogg.nu\/wp-content\/uploads\/2014\/09\/0381.jpg 450w\" sizes=\"(max-width: 142px) 100vw, 142px\" \/><\/p>\n<p><img loading=\"lazy\" class=\"alignnone  wp-image-59373\" src=\"http:\/\/www.filindeblogg.nu\/wp-content\/uploads\/2014\/09\/0392-225x300.jpg\" alt=\"039\" width=\"167\" height=\"223\" srcset=\"http:\/\/www.filindeblogg.nu\/wp-content\/uploads\/2014\/09\/0392-225x300.jpg 225w, http:\/\/www.filindeblogg.nu\/wp-content\/uploads\/2014\/09\/0392.jpg 450w\" sizes=\"(max-width: 167px) 100vw, 167px\" \/> Ung kvinna! Sen politiker i nystartade <strong>Feministiskt initiativ<\/strong>! <img loading=\"lazy\" class=\"alignnone size-full wp-image-59375\" src=\"http:\/\/www.filindeblogg.nu\/wp-content\/uploads\/2014\/09\/Susanne-i-Fi.jpg\" alt=\"Susanne i Fi\" width=\"104\" height=\"75\" \/> Sen pl\u00f6tsligt r\u00e4tt m\u00e5nga \u00e5r \u00e4ldre&#8230; <img loading=\"lazy\" class=\"alignnone  wp-image-59376\" src=\"http:\/\/www.filindeblogg.nu\/wp-content\/uploads\/2014\/09\/Selfie-beskuren-21-mars-14-171x300.jpg\" alt=\"Selfie beskuren 21 mars 14\" width=\"103\" height=\"181\" srcset=\"http:\/\/www.filindeblogg.nu\/wp-content\/uploads\/2014\/09\/Selfie-beskuren-21-mars-14-171x300.jpg 171w, http:\/\/www.filindeblogg.nu\/wp-content\/uploads\/2014\/09\/Selfie-beskuren-21-mars-14.jpg 297w\" sizes=\"(max-width: 103px) 100vw, 103px\" \/><\/p>\n<p>Tiden! Tiden g\u00e5r s\u00e5 fort! <img loading=\"lazy\" class=\"alignnone size-full wp-image-59377\" src=\"http:\/\/www.filindeblogg.nu\/wp-content\/uploads\/2014\/09\/Fyra-hj\u00e4rtan.jpg\" alt=\"Fyra hj\u00e4rtan\" width=\"64\" height=\"123\" \/>Fyra hj\u00e4rtan &#8211; och fyra dagar! Fyrfaldigt firande med de \u00e4lskade barnen! <img loading=\"lazy\" class=\"alignnone size-full wp-image-59378\" src=\"http:\/\/www.filindeblogg.nu\/wp-content\/uploads\/2014\/09\/Mammahj\u00e4rta-och-tre-hj\u00e4rtebarn.jpg\" alt=\"Mammahj\u00e4rta och tre hj\u00e4rtebarn\" width=\"143\" height=\"107\" \/> Men ocks\u00e5 med upprinnelsen till det hela &#8211; hos \u00e4lskade mamma!\u00a0<img loading=\"lazy\" class=\"alignnone  wp-image-59382\" src=\"http:\/\/www.filindeblogg.nu\/wp-content\/uploads\/2014\/09\/IMG_9114-3-225x300.jpg\" alt=\"IMG_9114 (3)\" width=\"158\" height=\"211\" srcset=\"http:\/\/www.filindeblogg.nu\/wp-content\/uploads\/2014\/09\/IMG_9114-3-225x300.jpg 225w, http:\/\/www.filindeblogg.nu\/wp-content\/uploads\/2014\/09\/IMG_9114-3.jpg 346w\" sizes=\"(max-width: 158px) 100vw, 158px\" \/> Och med b\u00e4sta v\u00e4nnen Junith!\u00a0<img loading=\"lazy\" class=\"alignnone  wp-image-59383\" src=\"http:\/\/www.filindeblogg.nu\/wp-content\/uploads\/2014\/09\/Susanne-och-Junith-april-2011.jpg\" alt=\"Susanne och Junith april 2011\" width=\"159\" height=\"157\" \/> F\u00f6delsedagen blir en resa genom Sverige &#8211; i alla fall till en del av Sverige! \ud83d\ude09 <img loading=\"lazy\" class=\"alignnone size-medium wp-image-59379\" src=\"http:\/\/www.filindeblogg.nu\/wp-content\/uploads\/2014\/09\/Sverigekarta-Kopia-173x300.gif\" alt=\"Sverigekarta - Kopia\" width=\"173\" height=\"300\" \/> Fyrfaldigt firande! <img loading=\"lazy\" class=\"alignnone size-full wp-image-59380\" src=\"http:\/\/www.filindeblogg.nu\/wp-content\/uploads\/2014\/09\/4-vitt-i-r\u00f6tt.jpg\" alt=\"4 vitt i r\u00f6tt\" width=\"135\" height=\"135\" \/> Den r\u00f6da tr\u00e5den i firandet \u00e4r K\u00c4RLEK! <img loading=\"lazy\" class=\"alignnone size-full wp-image-59381\" src=\"http:\/\/www.filindeblogg.nu\/wp-content\/uploads\/2014\/09\/Hj\u00e4rta.jpg\" alt=\"Hj\u00e4rta\" width=\"116\" height=\"116\" \/><\/p>\n<p style=\"text-align: center;\">Hemma finns kattvakten som ocks\u00e5 vaktar huset &#8211; tack f\u00f6r det! \ud83d\ude42<\/p>\n<p style=\"text-align: left;\">Fler att fira!\u00a0<img loading=\"lazy\" class=\"alignnone  wp-image-59393\" src=\"http:\/\/www.filindeblogg.nu\/wp-content\/uploads\/2014\/09\/0121-249x300.jpg\" alt=\"012\" width=\"144\" height=\"173\" srcset=\"http:\/\/www.filindeblogg.nu\/wp-content\/uploads\/2014\/09\/0121-249x300.jpg 249w, http:\/\/www.filindeblogg.nu\/wp-content\/uploads\/2014\/09\/0121.jpg 450w\" sizes=\"(max-width: 144px) 100vw, 144px\" \/> Barnens farfars mor skulle ha fyllt 125 \u00e5r idag. <strong>Karin Linde<\/strong> var f\u00f6dd 10 september 1889. Lilla katten <strong>Wilma<\/strong> har fingerad f\u00f6delsedag idag ocks\u00e5 &#8211; hittekatt som hon \u00e4r.\u00a0<img loading=\"lazy\" class=\"alignnone  wp-image-59394\" src=\"http:\/\/www.filindeblogg.nu\/wp-content\/uploads\/2014\/09\/0075-241x300.jpg\" alt=\"007\" width=\"125\" height=\"156\" srcset=\"http:\/\/www.filindeblogg.nu\/wp-content\/uploads\/2014\/09\/0075-241x300.jpg 241w, http:\/\/www.filindeblogg.nu\/wp-content\/uploads\/2014\/09\/0075.jpg 450w\" sizes=\"(max-width: 125px) 100vw, 125px\" \/> Hon blir 8 \u00e5r!<\/p>\n<p style=\"text-align: center;\"><img loading=\"lazy\" class=\"aligncenter size-full wp-image-59362\" src=\"http:\/\/www.filindeblogg.nu\/wp-content\/uploads\/2014\/09\/Fyrfaldigt-leve.jpg\" alt=\"Fyrfaldigt leve\" width=\"114\" height=\"80\" \/><\/p>\n<p style=\"text-align: center;\">Vad h\u00e4nde? Det h\u00e4r sommardagen var ju som ig\u00e5r&#8230;<\/p>\n<p><img loading=\"lazy\" class=\"aligncenter size-medium wp-image-59384\" src=\"http:\/\/www.filindeblogg.nu\/wp-content\/uploads\/2014\/09\/0461-300x225.jpg\" alt=\"046\" width=\"300\" height=\"225\" srcset=\"http:\/\/www.filindeblogg.nu\/wp-content\/uploads\/2014\/09\/0461-300x225.jpg 300w, http:\/\/www.filindeblogg.nu\/wp-content\/uploads\/2014\/09\/0461.jpg 600w\" sizes=\"(max-width: 300px) 100vw, 300px\" \/><\/p>\n<p style=\"text-align: center;\">Ta tillvara tiden! Den g\u00e5r mycket, mycket fort&#8230;<\/p>\n<p style=\"text-align: center;\"><img loading=\"lazy\" class=\"aligncenter size-medium wp-image-59391\" src=\"http:\/\/www.filindeblogg.nu\/wp-content\/uploads\/2014\/09\/0151-225x300.jpg\" alt=\"015\" width=\"225\" height=\"300\" srcset=\"http:\/\/www.filindeblogg.nu\/wp-content\/uploads\/2014\/09\/0151-225x300.jpg 225w, http:\/\/www.filindeblogg.nu\/wp-content\/uploads\/2014\/09\/0151.jpg 450w\" sizes=\"(max-width: 225px) 100vw, 225px\" \/><\/p>\n<p style=\"text-align: center;\">Njut av \u00e5ren &#8211; lev, och &#8221;you never will be old&#8230;&#8221;<\/p>\n<p style=\"text-align: center;\"><img loading=\"lazy\" class=\"aligncenter size-medium wp-image-59392\" src=\"http:\/\/www.filindeblogg.nu\/wp-content\/uploads\/2014\/09\/0182-225x300.jpg\" alt=\"018\" width=\"225\" height=\"300\" srcset=\"http:\/\/www.filindeblogg.nu\/wp-content\/uploads\/2014\/09\/0182-225x300.jpg 225w, http:\/\/www.filindeblogg.nu\/wp-content\/uploads\/2014\/09\/0182.jpg 450w\" sizes=\"(max-width: 225px) 100vw, 225px\" \/><\/p>\n<p>&nbsp;<\/p>\n<p>&nbsp;<\/p>\n","protected":false},"excerpt":{"rendered":"<p>\u00a04H-g\u00e5rdar har man h\u00f6rt talas om &#8211; men 4F!? Och inte gick bloggaren i\u00a0 klass 4F i skolan heller &#8211; utan i 4B! Fast det h\u00e4r fotot \u00e4r nog fr\u00e5n 1B! \ud83d\ude42 Vad \u00e4r det d\u00e5 med siffran ? \u00a0Jo, bloggaren tar ledigt f\u00f6r Fantastiskt Fyrfaldigt Firad F\u00f6delsedag!! 4 F och i 4 dagar!! F\u00f6r [&hellip;]<\/p>\n","protected":false},"author":1,"featured_media":0,"comment_status":"open","ping_status":"open","sticky":false,"template":"","format":"standard","meta":[],"categories":[41,100,132,101],"tags":[],"_links":{"self":[{"href":"http:\/\/www.filindeblogg.nu\/index.php?rest_route=\/wp\/v2\/posts\/59358"}],"collection":[{"href":"http:\/\/www.filindeblogg.nu\/index.php?rest_route=\/wp\/v2\/posts"}],"about":[{"href":"http:\/\/www.filindeblogg.nu\/index.php?rest_route=\/wp\/v2\/types\/post"}],"author":[{"embeddable":true,"href":"http:\/\/www.filindeblogg.nu\/index.php?rest_route=\/wp\/v2\/users\/1"}],"replies":[{"embeddable":true,"href":"http:\/\/www.filindeblogg.nu\/index.php?rest_route=%2Fwp%2Fv2%2Fcomments&post=59358"}],"version-history":[{"count":10,"href":"http:\/\/www.filindeblogg.nu\/index.php?rest_route=\/wp\/v2\/posts\/59358\/revisions"}],"predecessor-version":[{"id":59397,"href":"http:\/\/www.filindeblogg.nu\/index.php?rest_route=\/wp\/v2\/posts\/59358\/revisions\/59397"}],"wp:attachment":[{"href":"http:\/\/www.filindeblogg.nu\/index.php?rest_route=%2Fwp%2Fv2%2Fmedia&parent=59358"}],"wp:term":[{"taxonomy":"category","embeddable":true,"href":"http:\/\/www.filindeblogg.nu\/index.php?rest_route=%2Fwp%2Fv2%2Fcategories&post=59358"},{"taxonomy":"post_tag","embeddable":true,"href":"http:\/\/www.filindeblogg.nu\/index.php?rest_route=%2Fwp%2Fv2%2Ftags&post=59358"}],"curies":[{"name":"wp","href":"https:\/\/api.w.org\/{rel}","templated":true}]}}