{"id":58699,"date":"2014-08-17T09:07:10","date_gmt":"2014-08-17T08:07:10","guid":{"rendered":"http:\/\/www.filindeblogg.nu\/?p=58699"},"modified":"2014-08-17T09:07:10","modified_gmt":"2014-08-17T08:07:10","slug":"nar-det-blir-tvartom-om-roster-infor-valet","status":"publish","type":"post","link":"http:\/\/www.filindeblogg.nu\/?p=58699","title":{"rendered":"N\u00e4r det blir tv\u00e4rtom! Om r\u00f6ster inf\u00f6r valet."},"content":{"rendered":"<p><img loading=\"lazy\" class=\"alignnone size-full wp-image-58651\" src=\"http:\/\/www.filindeblogg.nu\/wp-content\/uploads\/2014\/08\/Partier.jpg\" alt=\"Partier\" width=\"136\" height=\"78\" \/> Idag m\u00e5ste det bli en lite politisk predikan! F\u00f6r visst \u00e4r det m\u00e4rkligt att det liksom kan bli tv\u00e4rtom!<br \/>\nBloggaren t\u00e4nker p\u00e5 valet i h\u00f6st. Hur hon av omtanke om de svaga i samh\u00e4llet vill f\u00e5 till en ny regering &#8211; en r\u00f6dgr\u00f6n &#8211; men hur samma \u00f6nskan genererar en r\u00f6st p\u00e5 <strong><em>&#8221;bl\u00e5gr\u00f6n samverkan&#8221;<\/em><\/strong> i <strong>Arboga<\/strong>, bort fr\u00e5n n\u00e4stan hundra\u00e5rigt r\u00f6tt styre.<\/p>\n<p><img loading=\"lazy\" class=\"alignnone size-full wp-image-58700\" src=\"http:\/\/www.filindeblogg.nu\/wp-content\/uploads\/2014\/08\/Skolbarn.jpg\" alt=\"Skolbarn\" width=\"129\" height=\"86\" \/> Det viktigaste vi har \u00e4r barnen! Barn som ska v\u00e4xa upp, bli harmoniska och kloka vuxna f\u00f6r att ta \u00f6ver samh\u00e4llet. Hur behandlar vi barn? <img loading=\"lazy\" class=\"alignnone size-full wp-image-58701\" src=\"http:\/\/www.filindeblogg.nu\/wp-content\/uploads\/2014\/08\/Ledsen-pojke.jpg\" alt=\"Ledsen pojke\" width=\"137\" height=\"77\" \/> Bloggaren har i f\u00e4rskt minne sina egna barns skolg\u00e5ng i Arboga. En ber\u00e4ttelse fr\u00e5n den har tidigare publicerats h\u00e4r p\u00e5 bloggen och \u00e4ven i <strong>Magazin24<\/strong>.<\/p>\n<p><img loading=\"lazy\" class=\"alignnone size-medium wp-image-58702\" src=\"http:\/\/www.filindeblogg.nu\/wp-content\/uploads\/2014\/08\/hyperaktivt_barn-300x176.jpg\" alt=\"hyperaktivt_barn\" width=\"300\" height=\"176\" srcset=\"http:\/\/www.filindeblogg.nu\/wp-content\/uploads\/2014\/08\/hyperaktivt_barn-300x176.jpg 300w, http:\/\/www.filindeblogg.nu\/wp-content\/uploads\/2014\/08\/hyperaktivt_barn.jpg 460w\" sizes=\"(max-width: 300px) 100vw, 300px\" \/> Vad h\u00e4nder n\u00e4r inte alla barn f\u00e5r undervisning och st\u00f6d i skolan &#8211; trots att de enligt skollagen har r\u00e4tt till utbildning? Hur g\u00e5r det f\u00f6r de elever som skolan best\u00e4mt\u00a0 &#8221;inte passar in&#8221;?<\/p>\n<p><img loading=\"lazy\" class=\"alignnone size-full wp-image-58703\" src=\"http:\/\/www.filindeblogg.nu\/wp-content\/uploads\/2014\/08\/Ledsen-ton\u00e5ring.jpg\" alt=\"Ledsen ton\u00e5ring\" width=\"116\" height=\"109\" \/> Barn, ungdomar, elever och skola m\u00e5ste vara det absolut viktigaste i samh\u00e4llet!<\/p>\n<p>Det finns flera grupper som kan r\u00e4knas in bland &#8221;svaga i samh\u00e4llet&#8221; &#8211; de som har det sv\u00e5rast. Bloggaren v\u00e4ljer dock en grupp &#8211; de gamla! <img loading=\"lazy\" class=\"alignnone size-full wp-image-58704\" src=\"http:\/\/www.filindeblogg.nu\/wp-content\/uploads\/2014\/08\/Gammalt-par.jpg\" alt=\"Gammalt par\" width=\"132\" height=\"102\" \/><br \/>\nGamla m\u00e4nniskor som varit med att bygga upp v\u00e5rt svenska samh\u00e4lle! Vad f\u00e5r de f\u00f6r \u00e5lderdom? Vilken hj\u00e4lp f\u00e5r de av till exempel <strong>Arboga kommun<\/strong>? <img loading=\"lazy\" class=\"alignnone size-full wp-image-58705\" src=\"http:\/\/www.filindeblogg.nu\/wp-content\/uploads\/2014\/08\/Gammal-och-tr\u00f6tt.jpg\" alt=\"Gammal och tr\u00f6tt\" width=\"116\" height=\"65\" \/><\/p>\n<p><img loading=\"lazy\" class=\"alignnone size-full wp-image-58706\" src=\"http:\/\/www.filindeblogg.nu\/wp-content\/uploads\/2014\/08\/Hemtj\u00e4nst-1.jpg\" alt=\"Hemtj\u00e4nst 1\" width=\"126\" height=\"115\" \/>Arboga har en hemtj\u00e4nst med personal som f\u00f6rs\u00f6ker g\u00f6ra s\u00e5 gott de kan men d\u00e4r m\u00e5nga fel och misstag uppst\u00e5r. Felen beror inte p\u00e5 den duktiga personalen utan p\u00e5 bristande information och tid!<\/p>\n<p>Det \u00e4r oerh\u00f6rt skr\u00e4mmande att uppleva detta som anh\u00f6rig. Bloggaren kan bara ana hur gamla och sjuka har det d\u00e4r inga anh\u00f6riga finns n\u00e4ra som kan rycka in.<br \/>\n<img loading=\"lazy\" class=\"alignnone size-full wp-image-58707\" src=\"http:\/\/www.filindeblogg.nu\/wp-content\/uploads\/2014\/08\/Tr\u00f6tt-gammal-man.jpg\" alt=\"Tr\u00f6tt gammal man\" width=\"90\" height=\"137\" \/><\/p>\n<p>\u00c4r det s\u00e5 h\u00e4r vi vill ha det? Tycker vi att det \u00e4r OK att &#8221;k\u00f6ra r\u00f6tt&#8221; \u00e4ven i h\u00f6st av ren slentrian eller kanske partipiska? Bloggaren tror att omv\u00e4xling endast \u00e4r av godo.\u00a0 Att det kr\u00e4vs nya tag, nya s\u00e4tt att se p\u00e5 saker och ting i Arboga!<br \/>\nR\u00f6ra om lite i den politiska grytan! <img loading=\"lazy\" class=\"alignnone size-full wp-image-58708\" src=\"http:\/\/www.filindeblogg.nu\/wp-content\/uploads\/2014\/08\/R\u00f6ra-i-gryta.jpg\" alt=\"R\u00f6ra i gryta\" width=\"130\" height=\"96\" \/><\/p>\n<p><img loading=\"lazy\" class=\"alignnone size-full wp-image-58709\" src=\"http:\/\/www.filindeblogg.nu\/wp-content\/uploads\/2014\/08\/R\u00f6sta.jpg\" alt=\"R\u00f6sta\" width=\"123\" height=\"123\" \/>\u00a0Nu har ju bloggaren lite tur &#8211; hon kan r\u00f6sta gr\u00f6nt rakt av! Gr\u00f6nt p\u00e5 riks f\u00f6r en ny r\u00f6dgr\u00f6n regering och gr\u00f6nt p\u00e5 hemmaplan f\u00f6r nyt\u00e4nkande ihop med M, Fp och Kd. F\u00f6r se partipolitik ser v\u00e4ldigt olika ut n\u00e4r det kommer till kommunala angel\u00e4genheter!<\/p>\n<p>Hur t\u00e4nker du? Du har chansen n\u00e4sta m\u00e5nad! Hur vill du ha det? Vad t\u00e4nker du om barnen och framtiden? <img loading=\"lazy\" class=\"alignnone size-full wp-image-58710\" src=\"http:\/\/www.filindeblogg.nu\/wp-content\/uploads\/2014\/08\/Skolbarnen.jpg\" alt=\"Skolbarnen\" width=\"150\" height=\"100\" \/> Och hur k\u00e4nner du f\u00f6r de som gjort sitt, som byggt upp v\u00e5rt fina land? <img loading=\"lazy\" class=\"alignnone size-full wp-image-58711\" src=\"http:\/\/www.filindeblogg.nu\/wp-content\/uploads\/2014\/08\/Hemtj\u00e4nstens-h\u00e4nder.jpg\" alt=\"Hemtj\u00e4nstens h\u00e4nder\" width=\"148\" height=\"68\" \/><\/p>\n<p style=\"text-align: center;\">Valet \u00e4r ditt!<br \/>\n<img loading=\"lazy\" class=\"aligncenter size-full wp-image-58651\" src=\"http:\/\/www.filindeblogg.nu\/wp-content\/uploads\/2014\/08\/Partier.jpg\" alt=\"Partier\" width=\"136\" height=\"78\" \/><\/p>\n<p>&nbsp;<\/p>\n<p>&nbsp;<\/p>\n","protected":false},"excerpt":{"rendered":"<p>Idag m\u00e5ste det bli en lite politisk predikan! F\u00f6r visst \u00e4r det m\u00e4rkligt att det liksom kan bli tv\u00e4rtom! Bloggaren t\u00e4nker p\u00e5 valet i h\u00f6st. Hur hon av omtanke om de svaga i samh\u00e4llet vill f\u00e5 till en ny regering &#8211; en r\u00f6dgr\u00f6n &#8211; men hur samma \u00f6nskan genererar en r\u00f6st p\u00e5 &#8221;bl\u00e5gr\u00f6n samverkan&#8221; i [&hellip;]<\/p>\n","protected":false},"author":1,"featured_media":0,"comment_status":"open","ping_status":"open","sticky":false,"template":"","format":"standard","meta":[],"categories":[127,107,138,143,100,119,151,110,101],"tags":[],"_links":{"self":[{"href":"http:\/\/www.filindeblogg.nu\/index.php?rest_route=\/wp\/v2\/posts\/58699"}],"collection":[{"href":"http:\/\/www.filindeblogg.nu\/index.php?rest_route=\/wp\/v2\/posts"}],"about":[{"href":"http:\/\/www.filindeblogg.nu\/index.php?rest_route=\/wp\/v2\/types\/post"}],"author":[{"embeddable":true,"href":"http:\/\/www.filindeblogg.nu\/index.php?rest_route=\/wp\/v2\/users\/1"}],"replies":[{"embeddable":true,"href":"http:\/\/www.filindeblogg.nu\/index.php?rest_route=%2Fwp%2Fv2%2Fcomments&post=58699"}],"version-history":[{"count":3,"href":"http:\/\/www.filindeblogg.nu\/index.php?rest_route=\/wp\/v2\/posts\/58699\/revisions"}],"predecessor-version":[{"id":58714,"href":"http:\/\/www.filindeblogg.nu\/index.php?rest_route=\/wp\/v2\/posts\/58699\/revisions\/58714"}],"wp:attachment":[{"href":"http:\/\/www.filindeblogg.nu\/index.php?rest_route=%2Fwp%2Fv2%2Fmedia&parent=58699"}],"wp:term":[{"taxonomy":"category","embeddable":true,"href":"http:\/\/www.filindeblogg.nu\/index.php?rest_route=%2Fwp%2Fv2%2Fcategories&post=58699"},{"taxonomy":"post_tag","embeddable":true,"href":"http:\/\/www.filindeblogg.nu\/index.php?rest_route=%2Fwp%2Fv2%2Ftags&post=58699"}],"curies":[{"name":"wp","href":"https:\/\/api.w.org\/{rel}","templated":true}]}}