{"id":58648,"date":"2014-08-14T09:31:30","date_gmt":"2014-08-14T08:31:30","guid":{"rendered":"http:\/\/www.filindeblogg.nu\/?p=58648"},"modified":"2014-08-14T09:31:30","modified_gmt":"2014-08-14T08:31:30","slug":"om-1-manad-smaller-det-bland-blommor-och-fullmane","status":"publish","type":"post","link":"http:\/\/www.filindeblogg.nu\/?p=58648","title":{"rendered":"Om 1 m\u00e5nad sm\u00e4ller det! Bland blommor och fullm\u00e5ne&#8230;"},"content":{"rendered":"<p><img loading=\"lazy\" class=\"alignnone  wp-image-58649\" src=\"http:\/\/www.filindeblogg.nu\/wp-content\/uploads\/2014\/08\/060-228x300.jpg\" alt=\"060\" width=\"174\" height=\"229\" srcset=\"http:\/\/www.filindeblogg.nu\/wp-content\/uploads\/2014\/08\/060-228x300.jpg 228w, http:\/\/www.filindeblogg.nu\/wp-content\/uploads\/2014\/08\/060.jpg 450w\" sizes=\"(max-width: 174px) 100vw, 174px\" \/> Idag \u00e4r det den 14 augusti. Om 1 m\u00e5nad &#8211; den 14 september \u00e4r det val i <strong>Sverige<\/strong>! Bloggaren tycker inte att det m\u00e4rks s\u00e4rskilt v\u00e4l. Man kan undra om luften gick ur politikerna efter EU-valet i maj!?<\/p>\n<p>Men s\u00e5 \u00e4r det i alla fall: <img loading=\"lazy\" class=\"alignnone size-medium wp-image-58650\" src=\"http:\/\/www.filindeblogg.nu\/wp-content\/uploads\/2014\/08\/VAL-om-en-m\u00e5nad-300x169.gif\" alt=\"VAL om en m\u00e5nad\" width=\"300\" height=\"169\" \/> K\u00e4nner du dig vilsen, s\u00f6ker information &#8211; b\u00f6rja med att g\u00e5 in p\u00e5 <strong>Valmyndighetens<\/strong> hemsida och l\u00e4s p\u00e5. Sidan hittar du<a href=\"http:\/\/www.val.se\/\" target=\"_blank\"><strong> H\u00c4R!<\/strong><\/a><\/p>\n<p><img loading=\"lazy\" class=\"alignnone size-full wp-image-58651\" src=\"http:\/\/www.filindeblogg.nu\/wp-content\/uploads\/2014\/08\/Partier.jpg\" alt=\"Partier\" width=\"136\" height=\"78\" \/>\u00a0Vill du veta mer om hur du ska r\u00f6sta? Vilket parti som b\u00e4st speglar dina \u00e5sikter? Prova en av alla s\u00e5 kallade &#8221;valkompasser&#8221; som finns &#8211; <a href=\"http:\/\/www.dn.se\/valet-2014\/gor-dagens-nyheters-valkompass\/\" target=\"_blank\"><strong>H\u00c4R<\/strong><\/a> \u00e4r den i <strong>DN<\/strong>!<\/p>\n<p>Kartan ovan p\u00e5 partier har dock inte med alla &#8211; bloggaren t\u00e4nker bland annat p\u00e5 <img loading=\"lazy\" class=\"alignnone size-full wp-image-58652\" src=\"http:\/\/www.filindeblogg.nu\/wp-content\/uploads\/2014\/08\/Lotten-Fi.jpg\" alt=\"Lotten Fi\" width=\"132\" height=\"132\" \/> och p\u00e5 <img loading=\"lazy\" class=\"alignnone  wp-image-58653\" src=\"http:\/\/www.filindeblogg.nu\/wp-content\/uploads\/2014\/08\/Djurens-parti.jpg\" alt=\"Djurens parti\" width=\"100\" height=\"134\" \/> <strong>Feministiskt initiativ<\/strong> liksom nykomlingen <strong>Djurens Parti<\/strong>. <strong>DP<\/strong> hittar du bland annat p\u00e5 Facebook.<\/p>\n<p><img loading=\"lazy\" class=\"alignnone  wp-image-58654\" src=\"http:\/\/www.filindeblogg.nu\/wp-content\/uploads\/2014\/08\/063-211x300.jpg\" alt=\"063\" width=\"152\" height=\"216\" srcset=\"http:\/\/www.filindeblogg.nu\/wp-content\/uploads\/2014\/08\/063-211x300.jpg 211w, http:\/\/www.filindeblogg.nu\/wp-content\/uploads\/2014\/08\/063.jpg 404w\" sizes=\"(max-width: 152px) 100vw, 152px\" \/>\u00a0P\u00e5 tal om politik s\u00e5 kom bloggarens ins\u00e4ndare med i<a href=\"http:\/\/magazin24.se\/\" target=\"_blank\"><strong> Magazin24<\/strong><\/a> ig\u00e5r!<br \/>\nDen ins\u00e4ndare som <strong>Arboga Tidning<\/strong> inte ville publicera. I omtanke om l\u00e4rare som kunde k\u00e4nna sig kr\u00e4nkta&#8230;<\/p>\n<p><img loading=\"lazy\" class=\"aligncenter size-medium wp-image-58655\" src=\"http:\/\/www.filindeblogg.nu\/wp-content\/uploads\/2014\/08\/062-209x300.jpg\" alt=\"062\" width=\"209\" height=\"300\" srcset=\"http:\/\/www.filindeblogg.nu\/wp-content\/uploads\/2014\/08\/062-209x300.jpg 209w, http:\/\/www.filindeblogg.nu\/wp-content\/uploads\/2014\/08\/062.jpg 418w\" sizes=\"(max-width: 209px) 100vw, 209px\" \/><\/p>\n<p>Ins\u00e4ndaren hittar du i bloggen den 24 juni 2014 &#8211; <strong><em>&#8221;Skolminnen &#8211; en hemsk tid i Arboga&#8221;<\/em><\/strong> &#8211;<a href=\"http:\/\/www.filindeblogg.nu\/?p=57932\" target=\"_blank\"><strong> H\u00c4R!<\/strong><\/a><\/p>\n<p>N\u00e4r bloggaren gjorde valkompassen i DN stod skolfr\u00e5gorna h\u00f6gst p\u00e5 agendan. Man kanske kan s\u00e4ga att bloggaren blev en v\u00e4ldigt r\u00f6d gr\u00f6ng\u00f6ling av valanalysen att d\u00f6ma! \ud83d\ude09 <img loading=\"lazy\" class=\"alignnone size-full wp-image-58656\" src=\"http:\/\/www.filindeblogg.nu\/wp-content\/uploads\/2014\/08\/Gr\u00f6ng\u00f6ling.jpg\" alt=\"Gr\u00f6ng\u00f6ling\" width=\"129\" height=\"73\" \/><\/p>\n<p>N\u00e4r en bild s\u00e4ger mer \u00e4n ord! <img loading=\"lazy\" class=\"alignnone size-medium wp-image-58657\" src=\"http:\/\/www.filindeblogg.nu\/wp-content\/uploads\/2014\/08\/065-300x198.jpg\" alt=\"065\" width=\"300\" height=\"198\" srcset=\"http:\/\/www.filindeblogg.nu\/wp-content\/uploads\/2014\/08\/065-300x198.jpg 300w, http:\/\/www.filindeblogg.nu\/wp-content\/uploads\/2014\/08\/065.jpg 530w\" sizes=\"(max-width: 300px) 100vw, 300px\" \/> Det h\u00e4r tycker bloggaren \u00e4r en mycket bra bild ur Magazin24 ig\u00e5r! Fotot \u00e4r taget av<strong> Stefan Lindgren<\/strong> och artikeln handlar om en av de m\u00e5nga grupper som jobbade h\u00e5rt under den stora branden i de V\u00e4stmanl\u00e4ndska skogarna. P\u00e5 bilden vilar n\u00e5gra av de tr\u00f6tta hj\u00e4ltarna en stund.<br \/>\n<img loading=\"lazy\" class=\"alignnone size-medium wp-image-58658\" src=\"http:\/\/www.filindeblogg.nu\/wp-content\/uploads\/2014\/08\/064-218x300.jpg\" alt=\"064\" width=\"218\" height=\"300\" srcset=\"http:\/\/www.filindeblogg.nu\/wp-content\/uploads\/2014\/08\/064-218x300.jpg 218w, http:\/\/www.filindeblogg.nu\/wp-content\/uploads\/2014\/08\/064.jpg 423w\" sizes=\"(max-width: 218px) 100vw, 218px\" \/> <strong>Josef Bengtsson<\/strong> p\u00e5 Magazin24 skrev artikeln.<\/p>\n<p>Fullm\u00e5ne var det h\u00e4r om natten. D\u00e5 sm\u00f6g sig bloggaren ut i bara s\u00e4rken f\u00f6r att ta ett foto. <img loading=\"lazy\" class=\"alignnone  wp-image-58659\" src=\"http:\/\/www.filindeblogg.nu\/wp-content\/uploads\/2014\/08\/0282-300x225.jpg\" alt=\"028\" width=\"239\" height=\"179\" srcset=\"http:\/\/www.filindeblogg.nu\/wp-content\/uploads\/2014\/08\/0282-300x225.jpg 300w, http:\/\/www.filindeblogg.nu\/wp-content\/uploads\/2014\/08\/0282.jpg 600w\" sizes=\"(max-width: 239px) 100vw, 239px\" \/> Tyv\u00e4rr blev det sannerligen ingen pangbild &#8211; men h\u00e4r \u00e4r m\u00e5nen \u00f6ver<strong> Stureparken<\/strong>. <img loading=\"lazy\" class=\"alignnone size-medium wp-image-58660\" src=\"http:\/\/www.filindeblogg.nu\/wp-content\/uploads\/2014\/08\/0261-300x225.jpg\" alt=\"026\" width=\"300\" height=\"225\" srcset=\"http:\/\/www.filindeblogg.nu\/wp-content\/uploads\/2014\/08\/0261-300x225.jpg 300w, http:\/\/www.filindeblogg.nu\/wp-content\/uploads\/2014\/08\/0261.jpg 600w\" sizes=\"(max-width: 300px) 100vw, 300px\" \/><\/p>\n<p>Blommor s\u00e5 &#8211; en lisa f\u00f6r sj\u00e4len. <img loading=\"lazy\" class=\"alignnone  wp-image-58661\" src=\"http:\/\/www.filindeblogg.nu\/wp-content\/uploads\/2014\/08\/030-225x300.jpg\" alt=\"030\" width=\"185\" height=\"247\" srcset=\"http:\/\/www.filindeblogg.nu\/wp-content\/uploads\/2014\/08\/030-225x300.jpg 225w, http:\/\/www.filindeblogg.nu\/wp-content\/uploads\/2014\/08\/030.jpg 450w\" sizes=\"(max-width: 185px) 100vw, 185px\" \/> En fullm\u00e5neskv\u00e4ll&#8230;<\/p>\n<p>Och i dagsljus. <img loading=\"lazy\" class=\"alignnone  wp-image-58662\" src=\"http:\/\/www.filindeblogg.nu\/wp-content\/uploads\/2014\/08\/067-225x300.jpg\" alt=\"067\" width=\"176\" height=\"235\" srcset=\"http:\/\/www.filindeblogg.nu\/wp-content\/uploads\/2014\/08\/067-225x300.jpg 225w, http:\/\/www.filindeblogg.nu\/wp-content\/uploads\/2014\/08\/067.jpg 450w\" sizes=\"(max-width: 176px) 100vw, 176px\" \/> De \u00e4lskade pelargonerna! <img loading=\"lazy\" class=\"alignnone size-medium wp-image-58663\" src=\"http:\/\/www.filindeblogg.nu\/wp-content\/uploads\/2014\/08\/046-300x225.jpg\" alt=\"046\" width=\"300\" height=\"225\" srcset=\"http:\/\/www.filindeblogg.nu\/wp-content\/uploads\/2014\/08\/046-300x225.jpg 300w, http:\/\/www.filindeblogg.nu\/wp-content\/uploads\/2014\/08\/046.jpg 600w\" sizes=\"(max-width: 300px) 100vw, 300px\" \/> Bloggaren har en gr\u00f6n inst\u00e4llning politiskt men verkligen inte &#8221;gr\u00f6na fingrar&#8221;.\u00a0<img loading=\"lazy\" class=\"alignnone  wp-image-58666\" src=\"http:\/\/www.filindeblogg.nu\/wp-content\/uploads\/2014\/08\/0152-225x300.jpg\" alt=\"015\" width=\"136\" height=\"181\" srcset=\"http:\/\/www.filindeblogg.nu\/wp-content\/uploads\/2014\/08\/0152-225x300.jpg 225w, http:\/\/www.filindeblogg.nu\/wp-content\/uploads\/2014\/08\/0152.jpg 450w\" sizes=\"(max-width: 136px) 100vw, 136px\" \/> Trots det har denna azalea &#8211; azaleor anses s\u00e4rskilt sv\u00e5rsk\u00f6tta &#8211; klarat sig \u00e5r efter \u00e5r och blommar nu igen! <img loading=\"lazy\" class=\"alignnone  wp-image-58664\" src=\"http:\/\/www.filindeblogg.nu\/wp-content\/uploads\/2014\/08\/059-300x225.jpg\" alt=\"059\" width=\"235\" height=\"176\" srcset=\"http:\/\/www.filindeblogg.nu\/wp-content\/uploads\/2014\/08\/059-300x225.jpg 300w, http:\/\/www.filindeblogg.nu\/wp-content\/uploads\/2014\/08\/059.jpg 600w\" sizes=\"(max-width: 235px) 100vw, 235px\" \/> S\u00e4kert mer tur \u00e4n skicklighet.<\/p>\n<p>Misommarblomstren s\u00e5g ut att vissna ner och tyna bort ihop med pens\u00e9erna fr\u00e5n i v\u00e5ras. Men ut p\u00e5 g\u00e5rden och med rej\u00e4lt med vatten &#8211; ett under har skett! \ud83d\ude42 <img loading=\"lazy\" class=\"alignnone  wp-image-58665\" src=\"http:\/\/www.filindeblogg.nu\/wp-content\/uploads\/2014\/08\/011-225x300.jpg\" alt=\"011\" width=\"154\" height=\"205\" srcset=\"http:\/\/www.filindeblogg.nu\/wp-content\/uploads\/2014\/08\/011-225x300.jpg 225w, http:\/\/www.filindeblogg.nu\/wp-content\/uploads\/2014\/08\/011.jpg 450w\" sizes=\"(max-width: 154px) 100vw, 154px\" \/><\/p>\n<p>S\u00e5 d\u00e4r ja, idag lyckades bloggaren \u00e5stadkomma en blogg! Nu \u00e4r det dags att ta plats bredvid de h\u00e4r tv\u00e5 katterna! <img loading=\"lazy\" class=\"alignnone  wp-image-58667\" src=\"http:\/\/www.filindeblogg.nu\/wp-content\/uploads\/2014\/08\/Tr\u00f6tt-Wilma1-300x225.jpg\" alt=\"Tr\u00f6tt Wilma\" width=\"212\" height=\"159\" srcset=\"http:\/\/www.filindeblogg.nu\/wp-content\/uploads\/2014\/08\/Tr\u00f6tt-Wilma1-300x225.jpg 300w, http:\/\/www.filindeblogg.nu\/wp-content\/uploads\/2014\/08\/Tr\u00f6tt-Wilma1.jpg 308w\" sizes=\"(max-width: 212px) 100vw, 212px\" \/> <strong>Wilma!<\/strong><\/p>\n<p>Och <strong>Felix<\/strong>!! \ud83d\ude42 <img loading=\"lazy\" class=\"alignnone size-medium wp-image-58668\" src=\"http:\/\/www.filindeblogg.nu\/wp-content\/uploads\/2014\/08\/Felix-och-jag-13-aug-2014-300x252.jpg\" alt=\"Felix och jag 13 aug 2014\" width=\"300\" height=\"252\" srcset=\"http:\/\/www.filindeblogg.nu\/wp-content\/uploads\/2014\/08\/Felix-och-jag-13-aug-2014-300x252.jpg 300w, http:\/\/www.filindeblogg.nu\/wp-content\/uploads\/2014\/08\/Felix-och-jag-13-aug-2014.jpg 526w\" sizes=\"(max-width: 300px) 100vw, 300px\" \/><\/p>\n<p>Med lite tur kan ni f\u00e5 l\u00e4sa flera bloggar fram\u00f6ver. H\u00e5ll tummarna f\u00f6r orken hos bloggaren!<\/p>\n<p>&nbsp;<\/p>\n<p>&nbsp;<\/p>\n","protected":false},"excerpt":{"rendered":"<p>Idag \u00e4r det den 14 augusti. Om 1 m\u00e5nad &#8211; den 14 september \u00e4r det val i Sverige! Bloggaren tycker inte att det m\u00e4rks s\u00e4rskilt v\u00e4l. Man kan undra om luften gick ur politikerna efter EU-valet i maj!? Men s\u00e5 \u00e4r det i alla fall: K\u00e4nner du dig vilsen, s\u00f6ker information &#8211; b\u00f6rja med att [&hellip;]<\/p>\n","protected":false},"author":1,"featured_media":0,"comment_status":"open","ping_status":"open","sticky":false,"template":"","format":"standard","meta":[],"categories":[127,107,41,156,100,145,132,119,110,101],"tags":[],"_links":{"self":[{"href":"http:\/\/www.filindeblogg.nu\/index.php?rest_route=\/wp\/v2\/posts\/58648"}],"collection":[{"href":"http:\/\/www.filindeblogg.nu\/index.php?rest_route=\/wp\/v2\/posts"}],"about":[{"href":"http:\/\/www.filindeblogg.nu\/index.php?rest_route=\/wp\/v2\/types\/post"}],"author":[{"embeddable":true,"href":"http:\/\/www.filindeblogg.nu\/index.php?rest_route=\/wp\/v2\/users\/1"}],"replies":[{"embeddable":true,"href":"http:\/\/www.filindeblogg.nu\/index.php?rest_route=%2Fwp%2Fv2%2Fcomments&post=58648"}],"version-history":[{"count":2,"href":"http:\/\/www.filindeblogg.nu\/index.php?rest_route=\/wp\/v2\/posts\/58648\/revisions"}],"predecessor-version":[{"id":58670,"href":"http:\/\/www.filindeblogg.nu\/index.php?rest_route=\/wp\/v2\/posts\/58648\/revisions\/58670"}],"wp:attachment":[{"href":"http:\/\/www.filindeblogg.nu\/index.php?rest_route=%2Fwp%2Fv2%2Fmedia&parent=58648"}],"wp:term":[{"taxonomy":"category","embeddable":true,"href":"http:\/\/www.filindeblogg.nu\/index.php?rest_route=%2Fwp%2Fv2%2Fcategories&post=58648"},{"taxonomy":"post_tag","embeddable":true,"href":"http:\/\/www.filindeblogg.nu\/index.php?rest_route=%2Fwp%2Fv2%2Ftags&post=58648"}],"curies":[{"name":"wp","href":"https:\/\/api.w.org\/{rel}","templated":true}]}}