{"id":58330,"date":"2014-07-14T06:29:04","date_gmt":"2014-07-14T05:29:04","guid":{"rendered":"http:\/\/www.filindeblogg.nu\/?p=58330"},"modified":"2014-07-14T06:29:04","modified_gmt":"2014-07-14T05:29:04","slug":"140714-14-juli-allman-flaggdag","status":"publish","type":"post","link":"http:\/\/www.filindeblogg.nu\/?p=58330","title":{"rendered":"140714! 14 juli &#8211; allm\u00e4n flaggdag!"},"content":{"rendered":"<p>&nbsp;<\/p>\n<p><img loading=\"lazy\" class=\"aligncenter size-full wp-image-58331\" src=\"http:\/\/www.filindeblogg.nu\/wp-content\/uploads\/2014\/07\/Svenska-flaggan.jpg\" alt=\"Svenska flaggan\" width=\"103\" height=\"69\" \/><\/p>\n<p>Den 14 juli \u00e4r det allm\u00e4n flaggdag! Det beror p\u00e5 att denna dag \u00e4r <strong>kronprinsessan Victorias<\/strong> f\u00f6delsedag. <a href=\"http:\/\/www.filindeblogg.nu\/wp-content\/uploads\/2014\/07\/Kronprinsessan-fyller-37.jpg\"><img loading=\"lazy\" class=\"alignnone size-medium wp-image-58332\" src=\"http:\/\/www.filindeblogg.nu\/wp-content\/uploads\/2014\/07\/Kronprinsessan-fyller-37-156x300.jpg\" alt=\"Kronprinsessan fyller 37\" width=\"156\" height=\"300\" srcset=\"http:\/\/www.filindeblogg.nu\/wp-content\/uploads\/2014\/07\/Kronprinsessan-fyller-37-156x300.jpg 156w, http:\/\/www.filindeblogg.nu\/wp-content\/uploads\/2014\/07\/Kronprinsessan-fyller-37.jpg 200w\" sizes=\"(max-width: 156px) 100vw, 156px\" \/><\/a> Idag fyller hon 37! <strong>GRATTIS!<\/strong><\/p>\n<p>Om flaggdagar och regler f\u00f6r flaggning kan ni bland annat l\u00e4sa <a href=\"http:\/\/mera.se\/flaggRegler.html\" target=\"_blank\"><strong>H\u00c4R!<\/strong><\/a><\/p>\n<p>Bloggaren hissar naturligtvis flaggan p\u00e5 g\u00e5rden enligt reglerna och s\u00e5 g\u00f6rs det ocks\u00e5 p\u00e5 kungliga slottet. &#8221;De kungliga&#8221; har en alldeles egen flagga. Den ser ut s\u00e5 h\u00e4r: <a href=\"http:\/\/www.filindeblogg.nu\/wp-content\/uploads\/2014\/07\/Den-kungliga-flaggan.jpg\"><img loading=\"lazy\" class=\"alignnone size-medium wp-image-58333\" src=\"http:\/\/www.filindeblogg.nu\/wp-content\/uploads\/2014\/07\/Den-kungliga-flaggan-300x201.jpg\" alt=\"Den kungliga flaggan\" width=\"300\" height=\"201\" srcset=\"http:\/\/www.filindeblogg.nu\/wp-content\/uploads\/2014\/07\/Den-kungliga-flaggan-300x201.jpg 300w, http:\/\/www.filindeblogg.nu\/wp-content\/uploads\/2014\/07\/Den-kungliga-flaggan.jpg 390w\" sizes=\"(max-width: 300px) 100vw, 300px\" \/><\/a><br \/>\nOm den flaggan och om annat kungligt kan man l\u00e4sa p\u00e5 kungahusets hemsida <a href=\"http:\/\/www.kungahuset.se\/monarkin\/kungligasymboler\/flaggor.4.7c4768101a4e8883780001009.html\" target=\"_blank\"><strong>H\u00c4R!<\/strong><\/a><\/p>\n<p>Kort blogg idag &#8211; bloggaren har mycket annat att st\u00e5 i. D\u00e4refter VILA igen&#8230;<\/p>\n<p><a href=\"http:\/\/www.filindeblogg.nu\/wp-content\/uploads\/2014\/07\/Vila2.jpg\"><img loading=\"lazy\" class=\"aligncenter size-full wp-image-58334\" src=\"http:\/\/www.filindeblogg.nu\/wp-content\/uploads\/2014\/07\/Vila2.jpg\" alt=\"Vila\" width=\"150\" height=\"100\" \/><\/a><\/p>\n","protected":false},"excerpt":{"rendered":"<p>&nbsp; Den 14 juli \u00e4r det allm\u00e4n flaggdag! Det beror p\u00e5 att denna dag \u00e4r kronprinsessan Victorias f\u00f6delsedag. Idag fyller hon 37! GRATTIS! Om flaggdagar och regler f\u00f6r flaggning kan ni bland annat l\u00e4sa H\u00c4R! Bloggaren hissar naturligtvis flaggan p\u00e5 g\u00e5rden enligt reglerna och s\u00e5 g\u00f6rs det ocks\u00e5 p\u00e5 kungliga slottet. &#8221;De kungliga&#8221; har en [&hellip;]<\/p>\n","protected":false},"author":1,"featured_media":0,"comment_status":"open","ping_status":"open","sticky":false,"template":"","format":"standard","meta":[],"categories":[1,114,100,101],"tags":[],"_links":{"self":[{"href":"http:\/\/www.filindeblogg.nu\/index.php?rest_route=\/wp\/v2\/posts\/58330"}],"collection":[{"href":"http:\/\/www.filindeblogg.nu\/index.php?rest_route=\/wp\/v2\/posts"}],"about":[{"href":"http:\/\/www.filindeblogg.nu\/index.php?rest_route=\/wp\/v2\/types\/post"}],"author":[{"embeddable":true,"href":"http:\/\/www.filindeblogg.nu\/index.php?rest_route=\/wp\/v2\/users\/1"}],"replies":[{"embeddable":true,"href":"http:\/\/www.filindeblogg.nu\/index.php?rest_route=%2Fwp%2Fv2%2Fcomments&post=58330"}],"version-history":[{"count":3,"href":"http:\/\/www.filindeblogg.nu\/index.php?rest_route=\/wp\/v2\/posts\/58330\/revisions"}],"predecessor-version":[{"id":58345,"href":"http:\/\/www.filindeblogg.nu\/index.php?rest_route=\/wp\/v2\/posts\/58330\/revisions\/58345"}],"wp:attachment":[{"href":"http:\/\/www.filindeblogg.nu\/index.php?rest_route=%2Fwp%2Fv2%2Fmedia&parent=58330"}],"wp:term":[{"taxonomy":"category","embeddable":true,"href":"http:\/\/www.filindeblogg.nu\/index.php?rest_route=%2Fwp%2Fv2%2Fcategories&post=58330"},{"taxonomy":"post_tag","embeddable":true,"href":"http:\/\/www.filindeblogg.nu\/index.php?rest_route=%2Fwp%2Fv2%2Ftags&post=58330"}],"curies":[{"name":"wp","href":"https:\/\/api.w.org\/{rel}","templated":true}]}}