{"id":58113,"date":"2014-07-03T06:02:01","date_gmt":"2014-07-03T05:02:01","guid":{"rendered":"http:\/\/www.filindeblogg.nu\/?p=58113"},"modified":"2014-07-03T06:02:01","modified_gmt":"2014-07-03T05:02:01","slug":"vilande-aurora","status":"publish","type":"post","link":"http:\/\/www.filindeblogg.nu\/?p=58113","title":{"rendered":"Vilande Aurora"},"content":{"rendered":"<p><a href=\"http:\/\/www.filindeblogg.nu\/wp-content\/uploads\/2014\/07\/Aurora.jpg\"><img loading=\"lazy\" class=\"alignnone size-medium wp-image-58114\" src=\"http:\/\/www.filindeblogg.nu\/wp-content\/uploads\/2014\/07\/Aurora-300x119.jpg\" alt=\"Aurora\" width=\"300\" height=\"119\" srcset=\"http:\/\/www.filindeblogg.nu\/wp-content\/uploads\/2014\/07\/Aurora-300x119.jpg 300w, http:\/\/www.filindeblogg.nu\/wp-content\/uploads\/2014\/07\/Aurora.jpg 350w\" sizes=\"(max-width: 300px) 100vw, 300px\" \/><\/a> <strong>Aurora<\/strong> \u00e4r morgonrodnadens gudinna enligt den romerska mytologin. Aurora \u00e4r ocks\u00e5 dagens namnsdagsbarn!<\/p>\n<p>D\u00e5 vilar vi lite igen&#8230; <a href=\"http:\/\/www.filindeblogg.nu\/wp-content\/uploads\/2014\/07\/008.jpg\"><img loading=\"lazy\" class=\"alignnone  wp-image-58115\" src=\"http:\/\/www.filindeblogg.nu\/wp-content\/uploads\/2014\/07\/008-300x213.jpg\" alt=\"008\" width=\"239\" height=\"170\" srcset=\"http:\/\/www.filindeblogg.nu\/wp-content\/uploads\/2014\/07\/008-300x213.jpg 300w, http:\/\/www.filindeblogg.nu\/wp-content\/uploads\/2014\/07\/008.jpg 526w\" sizes=\"(max-width: 239px) 100vw, 239px\" \/><\/a> &#8230;som <strong>Felix<\/strong>.<\/p>\n<p>Den som inte vill vila kan kanske baka bullar! Stora! <a href=\"http:\/\/www.filindeblogg.nu\/wp-content\/uploads\/2014\/07\/006.jpg\"><img loading=\"lazy\" class=\"alignnone  wp-image-58116\" src=\"http:\/\/www.filindeblogg.nu\/wp-content\/uploads\/2014\/07\/006-300x225.jpg\" alt=\"006\" width=\"207\" height=\"155\" srcset=\"http:\/\/www.filindeblogg.nu\/wp-content\/uploads\/2014\/07\/006-300x225.jpg 300w, http:\/\/www.filindeblogg.nu\/wp-content\/uploads\/2014\/07\/006.jpg 600w\" sizes=\"(max-width: 207px) 100vw, 207px\" \/><\/a><\/p>\n<p>Eller sm\u00e5! <a href=\"http:\/\/www.filindeblogg.nu\/wp-content\/uploads\/2014\/07\/0021.jpg\"><img loading=\"lazy\" class=\"alignnone  wp-image-58117\" src=\"http:\/\/www.filindeblogg.nu\/wp-content\/uploads\/2014\/07\/0021-300x225.jpg\" alt=\"002\" width=\"239\" height=\"179\" srcset=\"http:\/\/www.filindeblogg.nu\/wp-content\/uploads\/2014\/07\/0021-300x225.jpg 300w, http:\/\/www.filindeblogg.nu\/wp-content\/uploads\/2014\/07\/0021.jpg 600w\" sizes=\"(max-width: 239px) 100vw, 239px\" \/><\/a><\/p>\n<p>Den som orkar borde boka in torsdagens eftermiddag f\u00f6r en sv\u00e4ng till <strong>Nygatan 17 i Arboga!<\/strong> Det t\u00e4nker bloggaren g\u00f6ra &#8211; om krafterna infinner sig igen vill s\u00e4ga.<br \/>\n<strong>ARBOGA ANTIK<\/strong> \u00f6ppnar kl 12! Nygatan 17 \u00e4r <strong>f d Bruns foto<\/strong> i Arboga!<\/p>\n<p><img loading=\"lazy\" class=\"aligncenter size-medium wp-image-58118\" src=\"http:\/\/www.filindeblogg.nu\/wp-content\/uploads\/2014\/07\/017-300x217.jpg\" alt=\"017\" width=\"300\" height=\"217\" srcset=\"http:\/\/www.filindeblogg.nu\/wp-content\/uploads\/2014\/07\/017-300x217.jpg 300w, http:\/\/www.filindeblogg.nu\/wp-content\/uploads\/2014\/07\/017.jpg 578w\" sizes=\"(max-width: 300px) 100vw, 300px\" \/><\/p>\n<p><a href=\"http:\/\/www.filindeblogg.nu\/wp-content\/uploads\/2014\/07\/Vila.jpg\"><img loading=\"lazy\" class=\"aligncenter size-full wp-image-58119\" src=\"http:\/\/www.filindeblogg.nu\/wp-content\/uploads\/2014\/07\/Vila.jpg\" alt=\"Vila\" width=\"150\" height=\"100\" \/><\/a><\/p>\n","protected":false},"excerpt":{"rendered":"<p>Aurora \u00e4r morgonrodnadens gudinna enligt den romerska mytologin. Aurora \u00e4r ocks\u00e5 dagens namnsdagsbarn! D\u00e5 vilar vi lite igen&#8230; &#8230;som Felix. Den som inte vill vila kan kanske baka bullar! Stora! Eller sm\u00e5! Den som orkar borde boka in torsdagens eftermiddag f\u00f6r en sv\u00e4ng till Nygatan 17 i Arboga! Det t\u00e4nker bloggaren g\u00f6ra &#8211; om krafterna [&hellip;]<\/p>\n","protected":false},"author":1,"featured_media":0,"comment_status":"open","ping_status":"open","sticky":false,"template":"","format":"standard","meta":[],"categories":[1,127,41,100,101],"tags":[],"_links":{"self":[{"href":"http:\/\/www.filindeblogg.nu\/index.php?rest_route=\/wp\/v2\/posts\/58113"}],"collection":[{"href":"http:\/\/www.filindeblogg.nu\/index.php?rest_route=\/wp\/v2\/posts"}],"about":[{"href":"http:\/\/www.filindeblogg.nu\/index.php?rest_route=\/wp\/v2\/types\/post"}],"author":[{"embeddable":true,"href":"http:\/\/www.filindeblogg.nu\/index.php?rest_route=\/wp\/v2\/users\/1"}],"replies":[{"embeddable":true,"href":"http:\/\/www.filindeblogg.nu\/index.php?rest_route=%2Fwp%2Fv2%2Fcomments&post=58113"}],"version-history":[{"count":2,"href":"http:\/\/www.filindeblogg.nu\/index.php?rest_route=\/wp\/v2\/posts\/58113\/revisions"}],"predecessor-version":[{"id":58121,"href":"http:\/\/www.filindeblogg.nu\/index.php?rest_route=\/wp\/v2\/posts\/58113\/revisions\/58121"}],"wp:attachment":[{"href":"http:\/\/www.filindeblogg.nu\/index.php?rest_route=%2Fwp%2Fv2%2Fmedia&parent=58113"}],"wp:term":[{"taxonomy":"category","embeddable":true,"href":"http:\/\/www.filindeblogg.nu\/index.php?rest_route=%2Fwp%2Fv2%2Fcategories&post=58113"},{"taxonomy":"post_tag","embeddable":true,"href":"http:\/\/www.filindeblogg.nu\/index.php?rest_route=%2Fwp%2Fv2%2Ftags&post=58113"}],"curies":[{"name":"wp","href":"https:\/\/api.w.org\/{rel}","templated":true}]}}