{"id":57932,"date":"2014-06-24T06:07:00","date_gmt":"2014-06-24T05:07:00","guid":{"rendered":"http:\/\/www.filindeblogg.nu\/?p=57932"},"modified":"2014-06-24T06:10:44","modified_gmt":"2014-06-24T05:10:44","slug":"skolminnen-en-hemsk-tid-i-arboga","status":"publish","type":"post","link":"http:\/\/www.filindeblogg.nu\/?p=57932","title":{"rendered":"Skolminnen &#8211; en hemsk tid i Arboga"},"content":{"rendered":"<p>H\u00e4r f\u00f6ljer en annorlunda blogg. En ins\u00e4ndare som lokaltidningarna valt att inte publicera<a href=\"http:\/\/www.expressen.se\/kvallsposten\/larare-anmald-for-tafs--fick-nara-en-miljon\/\" target=\"_blank\">.<\/a> En tidning f\u00f6rklarar beslutet med att de vill skydda de inblandade som kan k\u00e4nna sig utpekade (!).<br \/>\nCitat: <em>&#8221;Jag har valt att inte publicera din ins\u00e4ndare, eftersom s\u00e5 m\u00e5nga personer \u00e4r involverade i texten. <strong>Ansvarig utgivare anser att l\u00e4rarna inte f\u00e5r pekas ut, vilket de indirekt blir eftersom staden \u00e4r liten<a href=\"http:\/\/www.dn.se\/nyheter\/sverige\/jag-vill-bryta-blockpolitiken-den-ar-fordummande\/\" target=\"_blank\">.<\/a>&#8221;<\/strong><\/em><\/p>\n<p>H\u00e4ndelserna ligger 15-20 \u00e5r bak\u00e5t i tiden och \u00e4nd\u00e5 ska de l\u00e4rare skyddas som eventuellt skulle kunna k\u00e4nna igen sig<a href=\"http:\/\/www.svd.se\/nyheter\/inrikes\/lofven-rycker-ifran-reinfeldt_3683664.svd\" target=\"_blank\">.<\/a><br \/>\nDen person som det\u00a0 handlar om, pojken som kr\u00e4nkts och som \u00e4r det verkliga offret, har godk\u00e4nt publiceringen, ja v\u00e4lkomnat den<a href=\"http:\/\/www.aftonbladet.se\/debatt\/debattamnen\/skola\/article18991507.ab\" target=\"_blank\">.<\/a> Han ser det som en form av revansch &#8211; det g\u00f6r bloggaren ocks\u00e5.<br \/>\nHan ser det ocks\u00e5 som en chans att visa andra att det finns hopp. Att aldrig ge upp! F\u00f6r tyv\u00e4rr p\u00e5g\u00e5r liknande h\u00e4ndelser fortfarande runt om i v\u00e5ra skolor i Sverige idag.<\/p>\n<p>D\u00e4rf\u00f6r kommer ins\u00e4ndaren h\u00e4r!<\/p>\n<p>&nbsp;<\/p>\n<p><a href=\"http:\/\/www.filindeblogg.nu\/wp-content\/uploads\/2014\/06\/Ledsen-pojke-i-skolan.jpg\"><img loading=\"lazy\" class=\"aligncenter size-full wp-image-57933\" src=\"http:\/\/www.filindeblogg.nu\/wp-content\/uploads\/2014\/06\/Ledsen-pojke-i-skolan.jpg\" alt=\"Ledsen pojke i skolan\" width=\"136\" height=\"68\" \/><\/a><\/p>\n<p><strong><em>Det var en g\u00e5ng en liten pojke som skulle b\u00f6rja skolan. Han var sp\u00e4nd och f\u00f6rv\u00e4ntansfull. Lite orolig \u00f6ver det nya men glad \u00f6ver att han skulle f\u00e5 l\u00e4ra sig saker. Han var en intelligent och vetgirig liten pojke.<\/em><\/strong><\/p>\n<p><strong><em>Skolan blev inte rolig f\u00f6r pojken. Han tyckte klassen var f\u00f6r stor och lektionerna f\u00f6r st\u00f6kiga. Pojken blev orolig och ist\u00e4llet f\u00f6r att f\u00e5 hj\u00e4lp fick han bestraffningar, sk\u00e4ll och motades ut fr\u00e5n klassrummet. Ibland h\u00f6lls han fast och st\u00e4lldes ut p\u00e5 skolg\u00e5rden. Mamman fick ofta telefonp\u00e5ringningar hem.<\/em><\/strong><\/p>\n<p><strong><em>N\u00e4r pojken var 9 \u00e5r blev det b\u00e4ttre. Han fick en underbar assistent och till fyran fick hon f\u00f6lja med till \u201dmellanstadiet\u201d d\u00e4r det fanns en klok l\u00e4rare som tog honom till sitt hj\u00e4rta. Det blev en ljus och fin tid f\u00f6r pojken. Han var lycklig och l\u00e4rde sig mycket.<\/em><\/strong><\/p>\n<p><strong><em>N\u00e4r pojken skulle b\u00f6rja sexan blev det \u00e5ter byte av l\u00e4rare och klass. D\u00e5 b\u00f6rjade helvetet igen \u2013 f\u00f6r pojkens grundskoletid blev faktiskt till ett helvete. En \u00e4nnu st\u00f6rre klass med m\u00e5nga st\u00f6kiga elever och l\u00e4rare som inte klarade jobbet. Pojken f\u00f6rtalades, anm\u00e4ldes och flyttades till en mindre skolgrupp. D\u00e4r blev det om m\u00f6jligt \u00e4nnu v\u00e4rre. <\/em><\/strong><br \/>\n<strong><em>Pojken fick inte tillg\u00e5ng till alla \u00e4mnen. Fysik och kemi blev uteslutet \u2013 liksom ett antal andra. L\u00e4raren var hotfull, m\u00e5nga br\u00e5k och m\u00e5nga t\u00e5rar &#8211; f\u00f6r p\u00e5 denna lilla grupp gick m\u00e5nga elever med problem. Det h\u00e4nde att l\u00e4raren ringde mamman och bad henne h\u00e4mta pojken eftersom han inte ville g\u00e5 hem fr\u00e5n skolan. Vid den tiden fick pojken endast en lektionstimma per dag.<\/em><\/strong><\/p>\n<p><strong><em>Pojken som var en lugn och sn\u00e4ll liten pojke m\u00e5dde mycket d\u00e5ligt. Blev ledsen \u00e4ven hemma och f\u00f6rstod inte vad han gjorde f\u00f6r fel. Det enda han ville var att g\u00e5 i skolan och l\u00e4ra sig mycket.<\/em><\/strong><\/p>\n<p><strong><em>N\u00e4r \u00e5rskurs 9 var \u00f6ver ville skolan \u00f6verf\u00f6ra pojken till Individuella programmet p\u00e5 gymnasiet, ett \u201dslasktrattsprogram\u201d f\u00f6r alla som inte klarar grundskolan. Mamman v\u00e4grade och letade med ljus och lykta efter ett annat gymnasium. Ett gymnasium som klarade av att l\u00e4ra ut \u00e4ven till elever med ADHD, Aspergers syndrom och liknande egenskaper.<\/em><\/strong><br \/>\n<strong><em>Skolverket hade ingen aning men mamman lyckades. Det fanns ett gymnasium i \u00d6rebro! Men pojken fick inte g\u00e5 d\u00e4r eftersom \u00d6rebro tillh\u00f6r ett annat l\u00e4n \u00e4n d\u00e4r pojken bodde. Efter mycket br\u00e5k och kr\u00e5ngel med hemkommunen fick pojken \u00e4nd\u00e5 b\u00f6rja p\u00e5 gymnasiet d\u00e4r.<\/em><\/strong><\/p>\n<p><strong><em>Pojken fick en fantastisk l\u00e4rare, trivdes mycket bra och b\u00f6rjade v\u00e4xa som m\u00e4nniska. Han l\u00e4rde sig mycket men eftersom gymnasiet endast tillhandah\u00f6ll Samh\u00e4llsprogrammet fick han inte l\u00e4sa favorit\u00e4mnena.<\/em><\/strong><\/p>\n<p><strong><em>Efter gymnasieskolan b\u00f6rjade pojken p\u00e5 folkh\u00f6gskola och flyttade hemifr\u00e5n. Han l\u00e4ste in Naturvetenskapligt bas\u00e5r f\u00f6r att komplettera sin utbildning. D\u00e5 fick han \u00e4ntligen studera favorit\u00e4mnena fysik och kemi som han aldrig f\u00e5tt i grundskolan.<\/em><\/strong><br \/>\n<strong><em>Pojken klarade bas\u00e5ret galant och s\u00f6kte till universitetet. Den 5 juni tog pojken sin examen som biomedicinsk analytiker vid G\u00f6teborgs Universitet. Den pojken \u00e4r min son.<\/em><\/strong><\/p>\n<p><strong><em>Tack till er som f\u00f6rstod vad en liten pojke i skolan beh\u00f6ver och fy sk\u00e4ms p\u00e5 er som f\u00f6rst\u00f6rde s\u00e5 m\u00e5nga \u00e5r f\u00f6r honom!<\/em><\/strong><\/p>\n<p><a href=\"http:\/\/www.filindeblogg.nu\/wp-content\/uploads\/2014\/06\/Mobbing-2.jpg\"><img loading=\"lazy\" class=\"aligncenter size-full wp-image-57934\" src=\"http:\/\/www.filindeblogg.nu\/wp-content\/uploads\/2014\/06\/Mobbing-2.jpg\" alt=\"Mobbing 2\" width=\"87\" height=\"120\" \/><\/a><\/p>\n","protected":false},"excerpt":{"rendered":"<p>H\u00e4r f\u00f6ljer en annorlunda blogg. En ins\u00e4ndare som lokaltidningarna valt att inte publicera. En tidning f\u00f6rklarar beslutet med att de vill skydda de inblandade som kan k\u00e4nna sig utpekade (!). Citat: &#8221;Jag har valt att inte publicera din ins\u00e4ndare, eftersom s\u00e5 m\u00e5nga personer \u00e4r involverade i texten. Ansvarig utgivare anser att l\u00e4rarna inte f\u00e5r pekas [&hellip;]<\/p>\n","protected":false},"author":1,"featured_media":0,"comment_status":"open","ping_status":"open","sticky":false,"template":"","format":"standard","meta":[],"categories":[127,156,100,110,101,150],"tags":[],"_links":{"self":[{"href":"http:\/\/www.filindeblogg.nu\/index.php?rest_route=\/wp\/v2\/posts\/57932"}],"collection":[{"href":"http:\/\/www.filindeblogg.nu\/index.php?rest_route=\/wp\/v2\/posts"}],"about":[{"href":"http:\/\/www.filindeblogg.nu\/index.php?rest_route=\/wp\/v2\/types\/post"}],"author":[{"embeddable":true,"href":"http:\/\/www.filindeblogg.nu\/index.php?rest_route=\/wp\/v2\/users\/1"}],"replies":[{"embeddable":true,"href":"http:\/\/www.filindeblogg.nu\/index.php?rest_route=%2Fwp%2Fv2%2Fcomments&post=57932"}],"version-history":[{"count":6,"href":"http:\/\/www.filindeblogg.nu\/index.php?rest_route=\/wp\/v2\/posts\/57932\/revisions"}],"predecessor-version":[{"id":57940,"href":"http:\/\/www.filindeblogg.nu\/index.php?rest_route=\/wp\/v2\/posts\/57932\/revisions\/57940"}],"wp:attachment":[{"href":"http:\/\/www.filindeblogg.nu\/index.php?rest_route=%2Fwp%2Fv2%2Fmedia&parent=57932"}],"wp:term":[{"taxonomy":"category","embeddable":true,"href":"http:\/\/www.filindeblogg.nu\/index.php?rest_route=%2Fwp%2Fv2%2Fcategories&post=57932"},{"taxonomy":"post_tag","embeddable":true,"href":"http:\/\/www.filindeblogg.nu\/index.php?rest_route=%2Fwp%2Fv2%2Ftags&post=57932"}],"curies":[{"name":"wp","href":"https:\/\/api.w.org\/{rel}","templated":true}]}}