{"id":56658,"date":"2014-05-06T04:03:17","date_gmt":"2014-05-06T03:03:17","guid":{"rendered":"http:\/\/www.filindeblogg.nu\/?p=56658"},"modified":"2014-05-06T04:03:37","modified_gmt":"2014-05-06T03:03:37","slug":"en-dag-av-sorg-men-ocksa-lite-gladje","status":"publish","type":"post","link":"http:\/\/www.filindeblogg.nu\/?p=56658","title":{"rendered":"En dag av sorg men ocks\u00e5 lite gl\u00e4dje."},"content":{"rendered":"<p><a href=\"http:\/\/www.filindeblogg.nu\/wp-content\/uploads\/2014\/05\/Pappas-rosor-30-april-2014.jpg\"><img loading=\"lazy\" class=\"alignnone  wp-image-56659\" alt=\"Pappas rosor 30 april 2014\" src=\"http:\/\/www.filindeblogg.nu\/wp-content\/uploads\/2014\/05\/Pappas-rosor-30-april-2014-225x300.jpg\" width=\"135\" height=\"180\" srcset=\"http:\/\/www.filindeblogg.nu\/wp-content\/uploads\/2014\/05\/Pappas-rosor-30-april-2014-225x300.jpg 225w, http:\/\/www.filindeblogg.nu\/wp-content\/uploads\/2014\/05\/Pappas-rosor-30-april-2014.jpg 450w\" sizes=\"(max-width: 135px) 100vw, 135px\" \/><\/a> P\u00e5 Valborgsm\u00e4ssoafton fyller mamma \u00e5r. D\u00e5 gav jag henne den rosenbukett som pappa skulle ha gett henne. En likadan som han gav henne n\u00e4r han var s\u00e5 sjuk f\u00f6r 1 \u00e5r sedan&#8230;<\/p>\n<p><a href=\"http:\/\/www.filindeblogg.nu\/wp-content\/uploads\/2014\/05\/G\u00f6te-i-lumpen.jpg\"><img loading=\"lazy\" class=\"alignnone  wp-image-56660\" alt=\"G\u00f6te i lumpen\" src=\"http:\/\/www.filindeblogg.nu\/wp-content\/uploads\/2014\/05\/G\u00f6te-i-lumpen-234x300.jpg\" width=\"140\" height=\"180\" srcset=\"http:\/\/www.filindeblogg.nu\/wp-content\/uploads\/2014\/05\/G\u00f6te-i-lumpen-234x300.jpg 234w, http:\/\/www.filindeblogg.nu\/wp-content\/uploads\/2014\/05\/G\u00f6te-i-lumpen.jpg 346w\" sizes=\"(max-width: 140px) 100vw, 140px\" \/><\/a> <strong>Pappa G\u00f6te!<\/strong> En g\u00e5ng en ung pojke.<br \/>\nS\u00e5 sm\u00e5ningom blev han min far. <a href=\"http:\/\/www.filindeblogg.nu\/wp-content\/uploads\/2014\/05\/Pappa-och-jag.jpg\"><img loading=\"lazy\" class=\"alignnone  wp-image-56661\" alt=\"Pappa och jag\" src=\"http:\/\/www.filindeblogg.nu\/wp-content\/uploads\/2014\/05\/Pappa-och-jag-300x225.jpg\" width=\"180\" height=\"135\" srcset=\"http:\/\/www.filindeblogg.nu\/wp-content\/uploads\/2014\/05\/Pappa-och-jag-300x225.jpg 300w, http:\/\/www.filindeblogg.nu\/wp-content\/uploads\/2014\/05\/Pappa-och-jag.jpg 600w\" sizes=\"(max-width: 180px) 100vw, 180px\" \/><\/a>\u00a0 Min pappa &#8211; i v\u00e5tt och torrt! <a href=\"http:\/\/www.filindeblogg.nu\/wp-content\/uploads\/2014\/05\/G\u00f6te-och-jag-23-nov-2010-i-Eskilstuna.jpg\"><img loading=\"lazy\" class=\"alignnone  wp-image-56662\" alt=\"G\u00f6te och jag 23 nov 2010 i Eskilstuna\" src=\"http:\/\/www.filindeblogg.nu\/wp-content\/uploads\/2014\/05\/G\u00f6te-och-jag-23-nov-2010-i-Eskilstuna-300x225.jpg\" width=\"180\" height=\"135\" srcset=\"http:\/\/www.filindeblogg.nu\/wp-content\/uploads\/2014\/05\/G\u00f6te-och-jag-23-nov-2010-i-Eskilstuna-300x225.jpg 300w, http:\/\/www.filindeblogg.nu\/wp-content\/uploads\/2014\/05\/G\u00f6te-och-jag-23-nov-2010-i-Eskilstuna.jpg 461w\" sizes=\"(max-width: 180px) 100vw, 180px\" \/><\/a><br \/>\nHan blev 86 \u00e5r &#8211; min pappa&#8230; <a href=\"http:\/\/www.filindeblogg.nu\/wp-content\/uploads\/2014\/05\/Min-\u00e4lskade-pappa-foto-Maria-Wahlfeldt.jpg\"><img loading=\"lazy\" class=\"alignnone size-medium wp-image-56663\" alt=\"Min \u00e4lskade pappa (foto Maria Wahlfeldt\" src=\"http:\/\/www.filindeblogg.nu\/wp-content\/uploads\/2014\/05\/Min-\u00e4lskade-pappa-foto-Maria-Wahlfeldt-300x193.jpg\" width=\"300\" height=\"193\" srcset=\"http:\/\/www.filindeblogg.nu\/wp-content\/uploads\/2014\/05\/Min-\u00e4lskade-pappa-foto-Maria-Wahlfeldt-300x193.jpg 300w, http:\/\/www.filindeblogg.nu\/wp-content\/uploads\/2014\/05\/Min-\u00e4lskade-pappa-foto-Maria-Wahlfeldt.jpg 386w\" sizes=\"(max-width: 300px) 100vw, 300px\" \/><\/a> (Foto: Maria Wahlfeldt)<\/p>\n<p><a href=\"http:\/\/www.filindeblogg.nu\/wp-content\/uploads\/2014\/05\/014.jpg\"><img loading=\"lazy\" class=\"alignnone  wp-image-56664\" alt=\"014\" src=\"http:\/\/www.filindeblogg.nu\/wp-content\/uploads\/2014\/05\/014-225x300.jpg\" width=\"135\" height=\"180\" srcset=\"http:\/\/www.filindeblogg.nu\/wp-content\/uploads\/2014\/05\/014-225x300.jpg 225w, http:\/\/www.filindeblogg.nu\/wp-content\/uploads\/2014\/05\/014.jpg 450w\" sizes=\"(max-width: 135px) 100vw, 135px\" \/><\/a>\u00a0Idag vilar han under mullen p\u00e5 kyrkog\u00e5rden&#8230; Ofattbart&#8230; S\u00e5 sorgligt, s\u00e5 ledsamt, s\u00e5 m\u00e5nga t\u00e5rar&#8230; <a href=\"http:\/\/www.filindeblogg.nu\/wp-content\/uploads\/2014\/05\/0102.jpg\"><img loading=\"lazy\" class=\"alignnone  wp-image-56665\" alt=\"010\" src=\"http:\/\/www.filindeblogg.nu\/wp-content\/uploads\/2014\/05\/0102-300x225.jpg\" width=\"180\" height=\"135\" srcset=\"http:\/\/www.filindeblogg.nu\/wp-content\/uploads\/2014\/05\/0102-300x225.jpg 300w, http:\/\/www.filindeblogg.nu\/wp-content\/uploads\/2014\/05\/0102.jpg 600w\" sizes=\"(max-width: 180px) 100vw, 180px\" \/><\/a><\/p>\n<p style=\"text-align: center;\"><em>&#8221;Vid en sn\u00e4ckbes\u00e5llad havsstrand st\u00e5r en port av rosor tunga,<\/em><br \/>\n<em> d\u00e4r i vila multna vraken och de tr\u00f6tta m\u00e4n f\u00e5 ro.<\/em><br \/>\n<em> Aldrig h\u00f6rda h\u00f6ga s\u00e5nger likt fiolers ekon sjunga<\/em><br \/>\n<em> under valv d\u00e4r evigt unga barn av saligheten bo.&#8221;<br \/>\n(Dan Andersson)<br \/>\n<\/em><\/p>\n<p style=\"text-align: center;\"><a href=\"http:\/\/www.filindeblogg.nu\/wp-content\/uploads\/2014\/05\/0073.jpg\"><img loading=\"lazy\" class=\"aligncenter size-medium wp-image-56666\" alt=\"007\" src=\"http:\/\/www.filindeblogg.nu\/wp-content\/uploads\/2014\/05\/0073-300x245.jpg\" width=\"300\" height=\"245\" srcset=\"http:\/\/www.filindeblogg.nu\/wp-content\/uploads\/2014\/05\/0073-300x245.jpg 300w, http:\/\/www.filindeblogg.nu\/wp-content\/uploads\/2014\/05\/0073.jpg 549w\" sizes=\"(max-width: 300px) 100vw, 300px\" \/><\/a><\/p>\n<p style=\"text-align: left;\">Men livet g\u00e5r vidare \u00e4nd\u00e5. Dag l\u00e4ggs till dag och idag \u00e4r det ett \u00e5r sedan min \u00e4lskade pappa dog.<br \/>\n\u00c4ven om han ligger begravd d\u00e4r under stenen p\u00e5 kyrkog\u00e5rden s\u00e5 finns han \u00e4nd\u00e5 f\u00f6r alltid med mig i mitt hj\u00e4rta.<\/p>\n<p style=\"text-align: left;\"><a href=\"http:\/\/www.filindeblogg.nu\/wp-content\/uploads\/2014\/05\/Hj\u00e4rta-av-rosor.jpg\"><img loading=\"lazy\" class=\"size-full wp-image-56668 aligncenter\" alt=\"Hj\u00e4rta av rosor\" src=\"http:\/\/www.filindeblogg.nu\/wp-content\/uploads\/2014\/05\/Hj\u00e4rta-av-rosor.jpg\" width=\"127\" height=\"127\" \/><\/a><\/p>\n<p style=\"text-align: left;\"><a href=\"http:\/\/www.filindeblogg.nu\/wp-content\/uploads\/2014\/05\/Othium-Clothing-halsband-SwL1.jpg\"><img loading=\"lazy\" class=\"alignnone  wp-image-56669\" alt=\"Othium Clothing halsband SwL\" src=\"http:\/\/www.filindeblogg.nu\/wp-content\/uploads\/2014\/05\/Othium-Clothing-halsband-SwL1-225x300.jpg\" width=\"135\" height=\"180\" srcset=\"http:\/\/www.filindeblogg.nu\/wp-content\/uploads\/2014\/05\/Othium-Clothing-halsband-SwL1-225x300.jpg 225w, http:\/\/www.filindeblogg.nu\/wp-content\/uploads\/2014\/05\/Othium-Clothing-halsband-SwL1.jpg 308w\" sizes=\"(max-width: 135px) 100vw, 135px\" \/><\/a> Med en ny, passande halskedja fr\u00e5n det numera nedlagda<a href=\"http:\/\/www.odiumclothing.net\/index.asp?main=main.asp&amp;svenska=yes\" target=\"_blank\"><strong> Odium Clothing<\/strong> <\/a>reser bloggaren nu till <strong>Aidensfield Arms<\/strong> i <strong>England<\/strong>! \u00c4ven om puben inte \u00e4gs av<strong> Oscar Blaketon<\/strong> (sk\u00e5despelaren <strong>Derek Fowlds)<\/strong> s\u00e5 kommer det k\u00e4nnas fantastiskt att best\u00e4lla en pint d\u00e4r! \ud83d\ude42 <a href=\"http:\/\/www.filindeblogg.nu\/wp-content\/uploads\/2014\/05\/Oscar-Blaketon.jpg\"><img loading=\"lazy\" class=\"alignnone size-full wp-image-56670\" alt=\"Oscar Blaketon\" src=\"http:\/\/www.filindeblogg.nu\/wp-content\/uploads\/2014\/05\/Oscar-Blaketon.jpg\" width=\"150\" height=\"119\" \/><\/a><\/p>\n<p style=\"text-align: left;\">En blogg idag med b\u00e5de sorg och gl\u00e4dje i. Sorg n\u00e4r n\u00e5gon man \u00e4lskar d\u00f6r och gl\u00e4dje \u00f6ver nya upplevelser.<br \/>\nP\u00e5 tal om \u00e5lderdom och d\u00f6d s\u00e5 l\u00e4ser bloggaren i <a href=\"http:\/\/www.dn.se\/nyheter\/varlden\/115-arigt-blod-avslojar-livets-grans\/\" target=\"_blank\"><strong>DN<\/strong> <\/a>om forskare som tror att blodcellerna tar slut med \u00e5ren. Det \u00e4r d\u00e4rf\u00f6r man inte kan leva hur l\u00e4nge som helst. Forskaren\u00a0<strong>Henne Holstege<\/strong> vid <strong>VU Medisch Centrum<\/strong> i <strong>Amsterdam<\/strong> spekulerar s\u00e5 h\u00e4r: <em>&#8221;Kanske \u00e4r det m\u00f6jligt att lura d\u00f6den genom att frysa in n\u00e5gra av dessa celler p\u00e5 ett tidigt stadium och sedan, p\u00e5 \u00e5lderns h\u00f6st, ge sig sj\u00e4lv en uppfriskande blodtransfusion.&#8221;<br \/>\n<\/em>Och nu blir det ett uppeh\u00e5ll i bloggandet f\u00f6r resa! Bloggaren t\u00e4nker ge sig sj\u00e4lv en uppfriskande transfusion av annat slag! \ud83d\ude42<br \/>\nDet kan h\u00e4nda att det dyker upp n\u00e5gra rader och en bild d\u00e5 och d\u00e5 men det \u00e4r h\u00f6gst os\u00e4kert. Vi ses om drygt en vecka!<\/p>\n<p style=\"text-align: left;\"><a href=\"http:\/\/www.filindeblogg.nu\/wp-content\/uploads\/2014\/05\/Aidensfield_Arms1.jpg\"><img loading=\"lazy\" class=\"wp-image-56650 aligncenter\" alt=\"Aidensfield_Arms\" src=\"http:\/\/www.filindeblogg.nu\/wp-content\/uploads\/2014\/05\/Aidensfield_Arms1-300x225.jpg\" width=\"300\" height=\"225\" srcset=\"http:\/\/www.filindeblogg.nu\/wp-content\/uploads\/2014\/05\/Aidensfield_Arms1-300x225.jpg 300w, http:\/\/www.filindeblogg.nu\/wp-content\/uploads\/2014\/05\/Aidensfield_Arms1.jpg 640w\" sizes=\"(max-width: 300px) 100vw, 300px\" \/><\/a><\/p>\n<p style=\"text-align: left;\">\n","protected":false},"excerpt":{"rendered":"<p>P\u00e5 Valborgsm\u00e4ssoafton fyller mamma \u00e5r. D\u00e5 gav jag henne den rosenbukett som pappa skulle ha gett henne. En likadan som han gav henne n\u00e4r han var s\u00e5 sjuk f\u00f6r 1 \u00e5r sedan&#8230; Pappa G\u00f6te! En g\u00e5ng en ung pojke. S\u00e5 sm\u00e5ningom blev han min far. \u00a0 Min pappa &#8211; i v\u00e5tt och torrt! Han blev [&hellip;]<\/p>\n","protected":false},"author":1,"featured_media":0,"comment_status":"open","ping_status":"open","sticky":false,"template":"","format":"standard","meta":[],"categories":[1,130],"tags":[],"_links":{"self":[{"href":"http:\/\/www.filindeblogg.nu\/index.php?rest_route=\/wp\/v2\/posts\/56658"}],"collection":[{"href":"http:\/\/www.filindeblogg.nu\/index.php?rest_route=\/wp\/v2\/posts"}],"about":[{"href":"http:\/\/www.filindeblogg.nu\/index.php?rest_route=\/wp\/v2\/types\/post"}],"author":[{"embeddable":true,"href":"http:\/\/www.filindeblogg.nu\/index.php?rest_route=\/wp\/v2\/users\/1"}],"replies":[{"embeddable":true,"href":"http:\/\/www.filindeblogg.nu\/index.php?rest_route=%2Fwp%2Fv2%2Fcomments&post=56658"}],"version-history":[{"count":9,"href":"http:\/\/www.filindeblogg.nu\/index.php?rest_route=\/wp\/v2\/posts\/56658\/revisions"}],"predecessor-version":[{"id":56679,"href":"http:\/\/www.filindeblogg.nu\/index.php?rest_route=\/wp\/v2\/posts\/56658\/revisions\/56679"}],"wp:attachment":[{"href":"http:\/\/www.filindeblogg.nu\/index.php?rest_route=%2Fwp%2Fv2%2Fmedia&parent=56658"}],"wp:term":[{"taxonomy":"category","embeddable":true,"href":"http:\/\/www.filindeblogg.nu\/index.php?rest_route=%2Fwp%2Fv2%2Fcategories&post=56658"},{"taxonomy":"post_tag","embeddable":true,"href":"http:\/\/www.filindeblogg.nu\/index.php?rest_route=%2Fwp%2Fv2%2Ftags&post=56658"}],"curies":[{"name":"wp","href":"https:\/\/api.w.org\/{rel}","templated":true}]}}