{"id":56448,"date":"2014-04-29T06:57:00","date_gmt":"2014-04-29T05:57:00","guid":{"rendered":"http:\/\/www.filindeblogg.nu\/?p=56448"},"modified":"2014-04-29T06:57:00","modified_gmt":"2014-04-29T05:57:00","slug":"sommarvader-i-april","status":"publish","type":"post","link":"http:\/\/www.filindeblogg.nu\/?p=56448","title":{"rendered":"Sommarv\u00e4der i april!"},"content":{"rendered":"<p><a href=\"http:\/\/www.filindeblogg.nu\/wp-content\/uploads\/2014\/04\/046.jpg\"><img loading=\"lazy\" class=\"alignnone  wp-image-56449\" alt=\"046\" src=\"http:\/\/www.filindeblogg.nu\/wp-content\/uploads\/2014\/04\/046-225x300.jpg\" width=\"135\" height=\"180\" srcset=\"http:\/\/www.filindeblogg.nu\/wp-content\/uploads\/2014\/04\/046-225x300.jpg 225w, http:\/\/www.filindeblogg.nu\/wp-content\/uploads\/2014\/04\/046.jpg 450w\" sizes=\"(max-width: 135px) 100vw, 135px\" \/><\/a> 22 grader inne och 22 grader ute! Vilket v\u00e4der! Rena sommaren i april!<\/p>\n<p>Men f\u00f6rst lite tidningsnytt! <a href=\"http:\/\/www.filindeblogg.nu\/wp-content\/uploads\/2014\/04\/060.jpg\"><img loading=\"lazy\" class=\"alignnone  wp-image-56450\" alt=\"060\" src=\"http:\/\/www.filindeblogg.nu\/wp-content\/uploads\/2014\/04\/060-225x300.jpg\" width=\"135\" height=\"180\" srcset=\"http:\/\/www.filindeblogg.nu\/wp-content\/uploads\/2014\/04\/060-225x300.jpg 225w, http:\/\/www.filindeblogg.nu\/wp-content\/uploads\/2014\/04\/060.jpg 450w\" sizes=\"(max-width: 135px) 100vw, 135px\" \/><\/a>\u00a0 Vardagsmorgnarna b\u00f6rjar alltid med <strong>Arboga Tidning<\/strong> och en mugge latte ocks\u00e5 f\u00f6rst\u00e5s! \ud83d\ude42<br \/>\nDet h\u00e4r kan man l\u00e4sa om i <a href=\"http:\/\/bblat.se\/\" target=\"_blank\"><strong>Bbl\/AT<\/strong><\/a> idag: <a href=\"http:\/\/www.filindeblogg.nu\/wp-content\/uploads\/2014\/04\/057.jpg\"><img loading=\"lazy\" class=\"alignnone size-medium wp-image-56451\" alt=\"057\" src=\"http:\/\/www.filindeblogg.nu\/wp-content\/uploads\/2014\/04\/057-300x225.jpg\" width=\"300\" height=\"225\" srcset=\"http:\/\/www.filindeblogg.nu\/wp-content\/uploads\/2014\/04\/057-300x225.jpg 300w, http:\/\/www.filindeblogg.nu\/wp-content\/uploads\/2014\/04\/057.jpg 600w\" sizes=\"(max-width: 300px) 100vw, 300px\" \/><\/a> <strong>\u00c5terbruket<\/strong> i <strong>Arboga<\/strong> ska flyttas i en framtid p\u00e5 grund av behov av \u00f6kat utrymme.<br \/>\nMen det bloggaren markerat \u00e4r<em> &#8221;Stort intresse&#8221; att flytta med Seco-jobbet till Arboga&#8221;<\/em>.<br \/>\nAtt det stora intresset \u00e4r satt med citationstecken beror p\u00e5 att de tillfr\u00e5gade som arbetar p\u00e5 Seco i <strong>Norrk\u00f6ping<\/strong> f\u00f6rmodligen tackat ja till flytt f\u00f6r att beh\u00e5lla jobbet men kanske inte \u00e4r lika h\u00e5gade att byta till annan bostadsort.<\/p>\n<p>Bloggaren hoppas nu att <a href=\"http:\/\/www.arboga.se\/naringsliv-arbete\/\" target=\"_blank\"><strong>Arboga kommun<\/strong> <\/a>g\u00e5r p\u00e5 charmoffensiven och bjuder in de anst\u00e4llda p\u00e5 Seco i <strong>\u00d6sterg\u00f6tland<\/strong> och deras familjer till bes\u00f6k i Arboga! Visar upp staden fr\u00e5n sin b\u00e4sta sida och v\u00e4lkomnar alla att flytta hit! Kanske det till och med kan generera fler nya inv\u00e5nare ut\u00f6ver de som blir av med jobben i Norrk\u00f6ping!<\/p>\n<p>N\u00e5gra som inte \u00e4r lika v\u00e4lkomna, vad det verkar, \u00e4r den h\u00e4r mannen och hans familj: <a href=\"http:\/\/www.filindeblogg.nu\/wp-content\/uploads\/2014\/04\/058.jpg\"><img loading=\"lazy\" class=\"alignnone  wp-image-56452\" alt=\"058\" src=\"http:\/\/www.filindeblogg.nu\/wp-content\/uploads\/2014\/04\/058-225x300.jpg\" width=\"135\" height=\"180\" srcset=\"http:\/\/www.filindeblogg.nu\/wp-content\/uploads\/2014\/04\/058-225x300.jpg 225w, http:\/\/www.filindeblogg.nu\/wp-content\/uploads\/2014\/04\/058.jpg 450w\" sizes=\"(max-width: 135px) 100vw, 135px\" \/><\/a> <strong>Elez&#8217;<\/strong> grillutflykt med familjen fick ett abrupt slut n\u00e4r de lekande barnen togs f\u00f6r tjuvfiskare och motades bort. \ud83d\ude41<\/p>\n<p>L\u00e4s om allt detta i din lokala tidning!<\/p>\n<p>P\u00e5 tal om tidningar s\u00e5 har <a href=\"http:\/\/www.dn.se\/kultur-noje\/nyheter\/nu-skickar-julia-kravbrev-till-nathatarna\/\" target=\"_blank\"><strong>DN<\/strong> <\/a>skaffat sig en ny rubrik: <a href=\"http:\/\/www.filindeblogg.nu\/wp-content\/uploads\/2014\/04\/0035.jpg\"><img loading=\"lazy\" class=\"alignnone  wp-image-56453\" alt=\"003\" src=\"http:\/\/www.filindeblogg.nu\/wp-content\/uploads\/2014\/04\/0035-300x188.jpg\" width=\"180\" height=\"113\" srcset=\"http:\/\/www.filindeblogg.nu\/wp-content\/uploads\/2014\/04\/0035-300x188.jpg 300w, http:\/\/www.filindeblogg.nu\/wp-content\/uploads\/2014\/04\/0035.jpg 559w\" sizes=\"(max-width: 180px) 100vw, 180px\" \/><\/a> <strong><em>&#8221;KRITIK ETC&#8221;<\/em><\/strong> &#8211; n\u00e5got som bloggaren tycker f\u00f6rvillar.\u00a0<a href=\"http:\/\/www.filindeblogg.nu\/wp-content\/uploads\/2014\/04\/0026.jpg\"><img loading=\"lazy\" class=\"alignnone  wp-image-56454\" alt=\"002\" src=\"http:\/\/www.filindeblogg.nu\/wp-content\/uploads\/2014\/04\/0026-206x300.jpg\" width=\"124\" height=\"180\" srcset=\"http:\/\/www.filindeblogg.nu\/wp-content\/uploads\/2014\/04\/0026-206x300.jpg 206w, http:\/\/www.filindeblogg.nu\/wp-content\/uploads\/2014\/04\/0026.jpg 412w\" sizes=\"(max-width: 124px) 100vw, 124px\" \/><\/a><br \/>\nHon kommer direkt att t\u00e4nka p\u00e5 en eventuell kritik riktad mot tidningen med just namnet <a href=\"http:\/\/www.etc.se\/\" target=\"_blank\"><strong>ETC<\/strong><\/a>!<\/p>\n<p>\u00d6ver till sommarv\u00e4dret! <a href=\"http:\/\/www.filindeblogg.nu\/wp-content\/uploads\/2014\/04\/0128.jpg\"><img loading=\"lazy\" class=\"alignnone  wp-image-56455\" alt=\"012\" src=\"http:\/\/www.filindeblogg.nu\/wp-content\/uploads\/2014\/04\/0128-225x300.jpg\" width=\"135\" height=\"180\" srcset=\"http:\/\/www.filindeblogg.nu\/wp-content\/uploads\/2014\/04\/0128-225x300.jpg 225w, http:\/\/www.filindeblogg.nu\/wp-content\/uploads\/2014\/04\/0128.jpg 450w\" sizes=\"(max-width: 135px) 100vw, 135px\" \/><\/a> Bloggaren har klippt gr\u00e4smattan f\u00f6r f\u00f6rsta g\u00e5ngen i \u00e5r och uppt\u00e4ckte d\u00e5 \u00e4nnu mer av allt det ljuvliga! <a href=\"http:\/\/www.filindeblogg.nu\/wp-content\/uploads\/2014\/04\/0079.jpg\"><img loading=\"lazy\" class=\"alignnone  wp-image-56456\" alt=\"007\" src=\"http:\/\/www.filindeblogg.nu\/wp-content\/uploads\/2014\/04\/0079-300x225.jpg\" width=\"108\" height=\"81\" srcset=\"http:\/\/www.filindeblogg.nu\/wp-content\/uploads\/2014\/04\/0079-300x225.jpg 300w, http:\/\/www.filindeblogg.nu\/wp-content\/uploads\/2014\/04\/0079.jpg 600w\" sizes=\"(max-width: 108px) 100vw, 108px\" \/><\/a><\/p>\n<p><a href=\"http:\/\/www.filindeblogg.nu\/wp-content\/uploads\/2014\/04\/0137.jpg\"><img loading=\"lazy\" class=\"alignnone  wp-image-56457\" alt=\"013\" src=\"http:\/\/www.filindeblogg.nu\/wp-content\/uploads\/2014\/04\/0137-300x225.jpg\" width=\"180\" height=\"135\" srcset=\"http:\/\/www.filindeblogg.nu\/wp-content\/uploads\/2014\/04\/0137-300x225.jpg 300w, http:\/\/www.filindeblogg.nu\/wp-content\/uploads\/2014\/04\/0137.jpg 600w\" sizes=\"(max-width: 180px) 100vw, 180px\" \/><\/a> Bigarr\u00e5tr\u00e4det st\u00e5r i full blom p\u00e5 baksidan!<\/p>\n<p><a href=\"http:\/\/www.filindeblogg.nu\/wp-content\/uploads\/2014\/04\/0146.jpg\"><img loading=\"lazy\" class=\"wp-image-56458 aligncenter\" alt=\"014\" src=\"http:\/\/www.filindeblogg.nu\/wp-content\/uploads\/2014\/04\/0146-225x300.jpg\" width=\"225\" height=\"300\" srcset=\"http:\/\/www.filindeblogg.nu\/wp-content\/uploads\/2014\/04\/0146-225x300.jpg 225w, http:\/\/www.filindeblogg.nu\/wp-content\/uploads\/2014\/04\/0146.jpg 450w\" sizes=\"(max-width: 225px) 100vw, 225px\" \/><\/a><\/p>\n<p>Otroligt vackert mot den bl\u00e5 himlen! <a href=\"http:\/\/www.filindeblogg.nu\/wp-content\/uploads\/2014\/04\/0216.jpg\"><img loading=\"lazy\" class=\"alignnone  wp-image-56459\" alt=\"021\" src=\"http:\/\/www.filindeblogg.nu\/wp-content\/uploads\/2014\/04\/0216-300x225.jpg\" width=\"180\" height=\"135\" srcset=\"http:\/\/www.filindeblogg.nu\/wp-content\/uploads\/2014\/04\/0216-300x225.jpg 300w, http:\/\/www.filindeblogg.nu\/wp-content\/uploads\/2014\/04\/0216.jpg 600w\" sizes=\"(max-width: 180px) 100vw, 180px\" \/><\/a> Klasar av k\u00f6rsb\u00e4rsblom! <a href=\"http:\/\/www.filindeblogg.nu\/wp-content\/uploads\/2014\/04\/0234.jpg\"><img loading=\"lazy\" class=\"alignnone  wp-image-56460\" alt=\"023\" src=\"http:\/\/www.filindeblogg.nu\/wp-content\/uploads\/2014\/04\/0234-300x225.jpg\" width=\"180\" height=\"135\" srcset=\"http:\/\/www.filindeblogg.nu\/wp-content\/uploads\/2014\/04\/0234-300x225.jpg 300w, http:\/\/www.filindeblogg.nu\/wp-content\/uploads\/2014\/04\/0234.jpg 600w\" sizes=\"(max-width: 180px) 100vw, 180px\" \/><\/a><br \/>\nOch ett evigt surrande av flitiga bin! <a href=\"http:\/\/www.filindeblogg.nu\/wp-content\/uploads\/2014\/04\/0303.jpg\"><img loading=\"lazy\" class=\"alignnone  wp-image-56461\" alt=\"030\" src=\"http:\/\/www.filindeblogg.nu\/wp-content\/uploads\/2014\/04\/0303-300x225.jpg\" width=\"180\" height=\"135\" srcset=\"http:\/\/www.filindeblogg.nu\/wp-content\/uploads\/2014\/04\/0303-300x225.jpg 300w, http:\/\/www.filindeblogg.nu\/wp-content\/uploads\/2014\/04\/0303.jpg 600w\" sizes=\"(max-width: 180px) 100vw, 180px\" \/><\/a><\/p>\n<p><a href=\"http:\/\/www.filindeblogg.nu\/wp-content\/uploads\/2014\/04\/0168.jpg\"><img loading=\"lazy\" class=\"alignnone  wp-image-56462\" alt=\"016\" src=\"http:\/\/www.filindeblogg.nu\/wp-content\/uploads\/2014\/04\/0168-300x225.jpg\" width=\"180\" height=\"135\" srcset=\"http:\/\/www.filindeblogg.nu\/wp-content\/uploads\/2014\/04\/0168-300x225.jpg 300w, http:\/\/www.filindeblogg.nu\/wp-content\/uploads\/2014\/04\/0168.jpg 600w\" sizes=\"(max-width: 180px) 100vw, 180px\" \/><\/a> En sv\u00e4ng runt i tr\u00e4dg\u00e5rden f\u00f6r lite proviantering! \ud83d\ude42 <a href=\"http:\/\/www.filindeblogg.nu\/wp-content\/uploads\/2014\/04\/0343.jpg\"><img loading=\"lazy\" class=\"alignnone  wp-image-56463\" alt=\"034\" src=\"http:\/\/www.filindeblogg.nu\/wp-content\/uploads\/2014\/04\/0343-225x300.jpg\" width=\"135\" height=\"180\" srcset=\"http:\/\/www.filindeblogg.nu\/wp-content\/uploads\/2014\/04\/0343-225x300.jpg 225w, http:\/\/www.filindeblogg.nu\/wp-content\/uploads\/2014\/04\/0343.jpg 450w\" sizes=\"(max-width: 135px) 100vw, 135px\" \/><\/a> F\u00f6r vad passar b\u00e4ttre \u00e4n en pinf\u00e4rsk efterr\u00e4tt fr\u00e5n det egna tr\u00e4dg\u00e5rdslandet efter middagen! <a href=\"http:\/\/www.filindeblogg.nu\/wp-content\/uploads\/2014\/04\/0174.jpg\"><img loading=\"lazy\" class=\"alignnone  wp-image-56464\" alt=\"017\" src=\"http:\/\/www.filindeblogg.nu\/wp-content\/uploads\/2014\/04\/0174-300x248.jpg\" width=\"180\" height=\"149\" srcset=\"http:\/\/www.filindeblogg.nu\/wp-content\/uploads\/2014\/04\/0174-300x248.jpg 300w, http:\/\/www.filindeblogg.nu\/wp-content\/uploads\/2014\/04\/0174.jpg 543w\" sizes=\"(max-width: 180px) 100vw, 180px\" \/><\/a><\/p>\n<p><a href=\"http:\/\/www.filindeblogg.nu\/wp-content\/uploads\/2014\/04\/0471.jpg\"><img loading=\"lazy\" class=\"alignnone  wp-image-56465\" alt=\"047\" src=\"http:\/\/www.filindeblogg.nu\/wp-content\/uploads\/2014\/04\/0471-300x225.jpg\" width=\"180\" height=\"135\" srcset=\"http:\/\/www.filindeblogg.nu\/wp-content\/uploads\/2014\/04\/0471-300x225.jpg 300w, http:\/\/www.filindeblogg.nu\/wp-content\/uploads\/2014\/04\/0471.jpg 600w\" sizes=\"(max-width: 180px) 100vw, 180px\" \/><\/a> Sk\u00f6lj rabarbern och sk\u00e4r den i bitar! Koka upp vatten och socker och l\u00e5t rabarberbitarna koka 4-5 minuter. <a href=\"http:\/\/www.filindeblogg.nu\/wp-content\/uploads\/2014\/04\/0492.jpg\"><img loading=\"lazy\" class=\"alignnone  wp-image-56466\" alt=\"049\" src=\"http:\/\/www.filindeblogg.nu\/wp-content\/uploads\/2014\/04\/0492-300x225.jpg\" width=\"180\" height=\"135\" srcset=\"http:\/\/www.filindeblogg.nu\/wp-content\/uploads\/2014\/04\/0492-300x225.jpg 300w, http:\/\/www.filindeblogg.nu\/wp-content\/uploads\/2014\/04\/0492.jpg 600w\" sizes=\"(max-width: 180px) 100vw, 180px\" \/><\/a> Red med potatismj\u00f6l och l\u00e5t kr\u00e4men sen bara f\u00e5 ett uppkok. Klart! <a href=\"http:\/\/www.filindeblogg.nu\/wp-content\/uploads\/2014\/04\/0521.jpg\"><img loading=\"lazy\" class=\"alignnone  wp-image-56467\" alt=\"052\" src=\"http:\/\/www.filindeblogg.nu\/wp-content\/uploads\/2014\/04\/0521-225x300.jpg\" width=\"135\" height=\"180\" srcset=\"http:\/\/www.filindeblogg.nu\/wp-content\/uploads\/2014\/04\/0521-225x300.jpg 225w, http:\/\/www.filindeblogg.nu\/wp-content\/uploads\/2014\/04\/0521.jpg 450w\" sizes=\"(max-width: 135px) 100vw, 135px\" \/><\/a><\/p>\n<p><a href=\"http:\/\/www.filindeblogg.nu\/wp-content\/uploads\/2014\/04\/0532.jpg\"><img loading=\"lazy\" class=\"alignnone  wp-image-56468\" alt=\"053\" src=\"http:\/\/www.filindeblogg.nu\/wp-content\/uploads\/2014\/04\/0532-300x225.jpg\" width=\"180\" height=\"135\" srcset=\"http:\/\/www.filindeblogg.nu\/wp-content\/uploads\/2014\/04\/0532-300x225.jpg 300w, http:\/\/www.filindeblogg.nu\/wp-content\/uploads\/2014\/04\/0532.jpg 600w\" sizes=\"(max-width: 180px) 100vw, 180px\" \/><\/a> Servera med mj\u00f6lk &#8211; ekologisk f\u00f6rst\u00e5s!<br \/>\nSmaklig m\u00e5ltid! \ud83d\ude42 <a href=\"http:\/\/www.filindeblogg.nu\/wp-content\/uploads\/2014\/04\/0553.jpg\"><img loading=\"lazy\" class=\"alignnone  wp-image-56469\" alt=\"055\" src=\"http:\/\/www.filindeblogg.nu\/wp-content\/uploads\/2014\/04\/0553-300x225.jpg\" width=\"180\" height=\"135\" srcset=\"http:\/\/www.filindeblogg.nu\/wp-content\/uploads\/2014\/04\/0553-300x225.jpg 300w, http:\/\/www.filindeblogg.nu\/wp-content\/uploads\/2014\/04\/0553.jpg 600w\" sizes=\"(max-width: 180px) 100vw, 180px\" \/><\/a><\/p>\n<p>P\u00e5 tal om ekologisk mj\u00f6lk! Dottern skickade \u00f6ver en bild fr\u00e5n en matvaruaff\u00e4r i <strong>Stockholm<\/strong>. S\u00e5 h\u00e4r s\u00e5g mj\u00f6lkdisken ut d\u00e4r!\u00a0 <a href=\"http:\/\/www.filindeblogg.nu\/wp-content\/uploads\/2014\/04\/Ekomj\u00f6lk-eller-inte.jpeg\"><img loading=\"lazy\" class=\"alignnone  wp-image-56470\" alt=\"Ekomj\u00f6lk eller inte\" src=\"http:\/\/www.filindeblogg.nu\/wp-content\/uploads\/2014\/04\/Ekomj\u00f6lk-eller-inte-300x225.jpeg\" width=\"210\" height=\"158\" srcset=\"http:\/\/www.filindeblogg.nu\/wp-content\/uploads\/2014\/04\/Ekomj\u00f6lk-eller-inte-300x225.jpeg 300w, http:\/\/www.filindeblogg.nu\/wp-content\/uploads\/2014\/04\/Ekomj\u00f6lk-eller-inte.jpeg 450w\" sizes=\"(max-width: 210px) 100vw, 210px\" \/><\/a><br \/>\nDe tv\u00e5 n\u00e4stan tomma avdelningarna till v\u00e4nster \u00e4r f\u00f6r ekologisk mj\u00f6lk! Den &#8221;vanliga mj\u00f6lken&#8221; syns till h\u00f6ger. BRA GJORT STOCKHOLM!<\/p>\n<p>Njut sommarv\u00e4dret just nu f\u00f6r det s\u00e4gs att kyla, regn och rusk v\u00e4ntar&#8230; V\u00e4ntar g\u00f6r ocks\u00e5 bloggaren &#8211; men p\u00e5 resan som ska f\u00f6retas om exakt 1 vecka!!<br \/>\nF\u00e4rden g\u00e5r mot: <a href=\"http:\/\/www.filindeblogg.nu\/wp-content\/uploads\/2014\/04\/Aidensfield_Arms.jpg\"><img loading=\"lazy\" class=\"alignnone size-medium wp-image-56471\" alt=\"Aidensfield_Arms\" src=\"http:\/\/www.filindeblogg.nu\/wp-content\/uploads\/2014\/04\/Aidensfield_Arms-300x225.jpg\" width=\"300\" height=\"225\" srcset=\"http:\/\/www.filindeblogg.nu\/wp-content\/uploads\/2014\/04\/Aidensfield_Arms-300x225.jpg 300w, http:\/\/www.filindeblogg.nu\/wp-content\/uploads\/2014\/04\/Aidensfield_Arms.jpg 640w\" sizes=\"(max-width: 300px) 100vw, 300px\" \/><\/a><\/p>\n<p><a href=\"http:\/\/www.filindeblogg.nu\/wp-content\/uploads\/2014\/04\/0371.jpg\"><img loading=\"lazy\" class=\"aligncenter size-medium wp-image-56472\" alt=\"037\" src=\"http:\/\/www.filindeblogg.nu\/wp-content\/uploads\/2014\/04\/0371-225x300.jpg\" width=\"225\" height=\"300\" srcset=\"http:\/\/www.filindeblogg.nu\/wp-content\/uploads\/2014\/04\/0371-225x300.jpg 225w, http:\/\/www.filindeblogg.nu\/wp-content\/uploads\/2014\/04\/0371.jpg 450w\" sizes=\"(max-width: 225px) 100vw, 225px\" \/><\/a><\/p>\n<p>&nbsp;<\/p>\n<p>&nbsp;<\/p>\n","protected":false},"excerpt":{"rendered":"<p>22 grader inne och 22 grader ute! Vilket v\u00e4der! Rena sommaren i april! Men f\u00f6rst lite tidningsnytt! \u00a0 Vardagsmorgnarna b\u00f6rjar alltid med Arboga Tidning och en mugge latte ocks\u00e5 f\u00f6rst\u00e5s! \ud83d\ude42 Det h\u00e4r kan man l\u00e4sa om i Bbl\/AT idag: \u00c5terbruket i Arboga ska flyttas i en framtid p\u00e5 grund av behov av \u00f6kat utrymme. [&hellip;]<\/p>\n","protected":false},"author":1,"featured_media":0,"comment_status":"open","ping_status":"open","sticky":false,"template":"","format":"standard","meta":[],"categories":[125,127,100,158,145,160,132,168,141,101],"tags":[],"_links":{"self":[{"href":"http:\/\/www.filindeblogg.nu\/index.php?rest_route=\/wp\/v2\/posts\/56448"}],"collection":[{"href":"http:\/\/www.filindeblogg.nu\/index.php?rest_route=\/wp\/v2\/posts"}],"about":[{"href":"http:\/\/www.filindeblogg.nu\/index.php?rest_route=\/wp\/v2\/types\/post"}],"author":[{"embeddable":true,"href":"http:\/\/www.filindeblogg.nu\/index.php?rest_route=\/wp\/v2\/users\/1"}],"replies":[{"embeddable":true,"href":"http:\/\/www.filindeblogg.nu\/index.php?rest_route=%2Fwp%2Fv2%2Fcomments&post=56448"}],"version-history":[{"count":14,"href":"http:\/\/www.filindeblogg.nu\/index.php?rest_route=\/wp\/v2\/posts\/56448\/revisions"}],"predecessor-version":[{"id":56486,"href":"http:\/\/www.filindeblogg.nu\/index.php?rest_route=\/wp\/v2\/posts\/56448\/revisions\/56486"}],"wp:attachment":[{"href":"http:\/\/www.filindeblogg.nu\/index.php?rest_route=%2Fwp%2Fv2%2Fmedia&parent=56448"}],"wp:term":[{"taxonomy":"category","embeddable":true,"href":"http:\/\/www.filindeblogg.nu\/index.php?rest_route=%2Fwp%2Fv2%2Fcategories&post=56448"},{"taxonomy":"post_tag","embeddable":true,"href":"http:\/\/www.filindeblogg.nu\/index.php?rest_route=%2Fwp%2Fv2%2Ftags&post=56448"}],"curies":[{"name":"wp","href":"https:\/\/api.w.org\/{rel}","templated":true}]}}