{"id":56333,"date":"2014-04-24T10:56:06","date_gmt":"2014-04-24T09:56:06","guid":{"rendered":"http:\/\/www.filindeblogg.nu\/?p=56333"},"modified":"2014-04-24T10:56:06","modified_gmt":"2014-04-24T09:56:06","slug":"dags-for-jordgubbar-eller","status":"publish","type":"post","link":"http:\/\/www.filindeblogg.nu\/?p=56333","title":{"rendered":"Dags f\u00f6r jordgubbar &#8211; eller&#8230;"},"content":{"rendered":"<p><a href=\"http:\/\/www.filindeblogg.nu\/wp-content\/uploads\/2014\/04\/Jordgubbe.jpg\"><img loading=\"lazy\" class=\"alignnone size-full wp-image-56334\" alt=\"Jordgubbe\" src=\"http:\/\/www.filindeblogg.nu\/wp-content\/uploads\/2014\/04\/Jordgubbe.jpg\" width=\"104\" height=\"94\" \/><\/a> Bloggaren kommer att t\u00e4nka p\u00e5 jordgubbar! Varf\u00f6r d\u00e5? Jo, anledningen \u00e4r ett paket ekologisk mj\u00f6lk fr\u00e5n <strong>Arla<\/strong>! <a href=\"http:\/\/www.filindeblogg.nu\/wp-content\/uploads\/2014\/04\/0015.jpg\"><img loading=\"lazy\" class=\"alignnone  wp-image-56335\" alt=\"001\" src=\"http:\/\/www.filindeblogg.nu\/wp-content\/uploads\/2014\/04\/0015-225x300.jpg\" width=\"158\" height=\"210\" srcset=\"http:\/\/www.filindeblogg.nu\/wp-content\/uploads\/2014\/04\/0015-225x300.jpg 225w, http:\/\/www.filindeblogg.nu\/wp-content\/uploads\/2014\/04\/0015.jpg 450w\" sizes=\"(max-width: 158px) 100vw, 158px\" \/><\/a><br \/>\nBaka din egen jordgubbst\u00e5rta ekologiskt! S\u00e5 bra!<br \/>\nBloggaren s\u00f6ker p\u00e5<a href=\"http:\/\/www.arla.se\/\" target=\"_blank\"><strong> Arla.se<\/strong> <\/a>men hittar inte listan \u00f6ver ekologiska g\u00e5rdar som ska finnas d\u00e4r enligt mj\u00f6lkpaketet. Har f\u00f6rst\u00e5r skrivit nu till Arla och fr\u00e5gat.<br \/>\n<a href=\"http:\/\/www.filindeblogg.nu\/wp-content\/uploads\/2014\/04\/Eklogiska-jordgubbar.jpg\"><img loading=\"lazy\" class=\"alignnone size-medium wp-image-56336\" alt=\"Eklogiska jordgubbar\" src=\"http:\/\/www.filindeblogg.nu\/wp-content\/uploads\/2014\/04\/Eklogiska-jordgubbar-300x152.jpg\" width=\"300\" height=\"152\" srcset=\"http:\/\/www.filindeblogg.nu\/wp-content\/uploads\/2014\/04\/Eklogiska-jordgubbar-300x152.jpg 300w, http:\/\/www.filindeblogg.nu\/wp-content\/uploads\/2014\/04\/Eklogiska-jordgubbar.jpg 520w\" sizes=\"(max-width: 300px) 100vw, 300px\" \/><\/a>\u00a0Men skam den som ger sig! Bloggaren hittade en sida hos <strong>KRAV<\/strong> som visar ekologiskt t\u00e5rtrecept! Se <a href=\"http:\/\/www.krav.se\/nyhet\/baka-en-jordgubbstarta-som-gor-skillnad\" target=\"_blank\"><strong>H\u00c4R<\/strong><\/a><\/p>\n<p><a href=\"http:\/\/www.filindeblogg.nu\/wp-content\/uploads\/2014\/04\/Jordgubbar.jpg\"><img loading=\"lazy\" class=\"alignnone size-full wp-image-56337\" alt=\"Jordgubbar\" src=\"http:\/\/www.filindeblogg.nu\/wp-content\/uploads\/2014\/04\/Jordgubbar.jpg\" width=\"143\" height=\"80\" \/><\/a> Jordgubbar \u00e4r redan klara, l\u00e4ser bloggaren! <strong>V\u00e4stg\u00f6tabladet<\/strong> skriver om det<a href=\"http:\/\/www.vastgotabladet.se\/artikel\/71531\/jordgubbar-redan-i-april\" target=\"_blank\"><strong> H\u00c4R!<\/strong><\/a><\/p>\n<p>Bloggaren hittar till och med lediga jobb som jordgubbsf\u00f6rs\u00e4ljare h\u00e4r i trakten! Se <a href=\"http:\/\/vakanser.se\/tagg\/jordgubbar\/\" target=\"_blank\"><strong>H\u00c4R!<\/strong><\/a><\/p>\n<p>Men \u00e4n \u00e4r det bara april m\u00e5nad och bloggaren \u00e4r glad om det finns jordgubbar f\u00f6r henne och familjen till midsommar! \ud83d\ude42<\/p>\n<p><a href=\"http:\/\/www.filindeblogg.nu\/wp-content\/uploads\/2014\/04\/0293.jpg\"><img loading=\"lazy\" class=\"alignnone  wp-image-56338\" alt=\"029\" src=\"http:\/\/www.filindeblogg.nu\/wp-content\/uploads\/2014\/04\/0293-255x300.jpg\" width=\"153\" height=\"180\" srcset=\"http:\/\/www.filindeblogg.nu\/wp-content\/uploads\/2014\/04\/0293-255x300.jpg 255w, http:\/\/www.filindeblogg.nu\/wp-content\/uploads\/2014\/04\/0293.jpg 450w\" sizes=\"(max-width: 153px) 100vw, 153px\" \/><\/a> Den h\u00e4r vackra bilden av ett blomsterdekorerat h\u00e5rsvall finns p\u00e5<a href=\"http:\/\/www.interflora.se\/?gclid=CJjy8vLs-L0CFeLOcgodSh4AWA\" target=\"_blank\"><strong> Interflora<\/strong><\/a>s kalender f\u00f6r just april!<br \/>\nEn blomstersl\u00f6ja av Mimosa, orkid\u00e9 och vide! <img loading=\"lazy\" class=\"alignnone  wp-image-56339\" alt=\"030\" src=\"http:\/\/www.filindeblogg.nu\/wp-content\/uploads\/2014\/04\/0302-300x225.jpg\" width=\"180\" height=\"135\" srcset=\"http:\/\/www.filindeblogg.nu\/wp-content\/uploads\/2014\/04\/0302-300x225.jpg 300w, http:\/\/www.filindeblogg.nu\/wp-content\/uploads\/2014\/04\/0302.jpg 600w\" sizes=\"(max-width: 180px) 100vw, 180px\" \/><\/p>\n<p>Bloggaren klippte sig ig\u00e5r hos <strong>Jenny<\/strong> p\u00e5 <a href=\"http:\/\/www.slinganvidtorget.se\/\" target=\"_blank\"><strong><em>&#8221;Slingan vid Torget&#8221;<\/em> <\/strong><\/a>i <strong>K\u00f6ping<\/strong>. Ibland v\u00e4ljer hon <strong>Eveline<\/strong> p\u00e5 <a href=\"https:\/\/www.facebook.com\/klippdigikoping\" target=\"_blank\"><strong><em>&#8221;Salong Klipp Dig<\/em><em>&#8221;<\/em><\/strong><\/a>, ocks\u00e5 i K\u00f6ping. Dessa tv\u00e5 duktiga fris\u00f6rer kan s\u00e4kert ocks\u00e5 fixa s\u00e5dana vackra h\u00e5rupps\u00e4ttningar, det \u00e4r bloggaren s\u00e4ker p\u00e5! Fast inte p\u00e5 bloggaren d\u00e5&#8230; \ud83d\ude09<\/p>\n<p>Vacker var ocks\u00e5 kv\u00e4llen ig\u00e5r \u00f6ver <strong>Arboga<\/strong>. Ett par flygplan hade gjort rosa streck p\u00e5 himlen i solnedg\u00e5ngen.<\/p>\n<p><a href=\"http:\/\/www.filindeblogg.nu\/wp-content\/uploads\/2014\/04\/0055.jpg\"><img loading=\"lazy\" class=\"aligncenter size-medium wp-image-56340\" alt=\"005\" src=\"http:\/\/www.filindeblogg.nu\/wp-content\/uploads\/2014\/04\/0055-300x225.jpg\" width=\"300\" height=\"225\" srcset=\"http:\/\/www.filindeblogg.nu\/wp-content\/uploads\/2014\/04\/0055-300x225.jpg 300w, http:\/\/www.filindeblogg.nu\/wp-content\/uploads\/2014\/04\/0055.jpg 600w\" sizes=\"(max-width: 300px) 100vw, 300px\" \/><\/a><\/p>\n","protected":false},"excerpt":{"rendered":"<p>Bloggaren kommer att t\u00e4nka p\u00e5 jordgubbar! Varf\u00f6r d\u00e5? Jo, anledningen \u00e4r ett paket ekologisk mj\u00f6lk fr\u00e5n Arla! Baka din egen jordgubbst\u00e5rta ekologiskt! S\u00e5 bra! Bloggaren s\u00f6ker p\u00e5 Arla.se men hittar inte listan \u00f6ver ekologiska g\u00e5rdar som ska finnas d\u00e4r enligt mj\u00f6lkpaketet. Har f\u00f6rst\u00e5r skrivit nu till Arla och fr\u00e5gat. \u00a0Men skam den som ger sig! [&hellip;]<\/p>\n","protected":false},"author":1,"featured_media":0,"comment_status":"open","ping_status":"open","sticky":false,"template":"","format":"standard","meta":[],"categories":[100,158,122,145,168,101],"tags":[],"_links":{"self":[{"href":"http:\/\/www.filindeblogg.nu\/index.php?rest_route=\/wp\/v2\/posts\/56333"}],"collection":[{"href":"http:\/\/www.filindeblogg.nu\/index.php?rest_route=\/wp\/v2\/posts"}],"about":[{"href":"http:\/\/www.filindeblogg.nu\/index.php?rest_route=\/wp\/v2\/types\/post"}],"author":[{"embeddable":true,"href":"http:\/\/www.filindeblogg.nu\/index.php?rest_route=\/wp\/v2\/users\/1"}],"replies":[{"embeddable":true,"href":"http:\/\/www.filindeblogg.nu\/index.php?rest_route=%2Fwp%2Fv2%2Fcomments&post=56333"}],"version-history":[{"count":5,"href":"http:\/\/www.filindeblogg.nu\/index.php?rest_route=\/wp\/v2\/posts\/56333\/revisions"}],"predecessor-version":[{"id":56345,"href":"http:\/\/www.filindeblogg.nu\/index.php?rest_route=\/wp\/v2\/posts\/56333\/revisions\/56345"}],"wp:attachment":[{"href":"http:\/\/www.filindeblogg.nu\/index.php?rest_route=%2Fwp%2Fv2%2Fmedia&parent=56333"}],"wp:term":[{"taxonomy":"category","embeddable":true,"href":"http:\/\/www.filindeblogg.nu\/index.php?rest_route=%2Fwp%2Fv2%2Fcategories&post=56333"},{"taxonomy":"post_tag","embeddable":true,"href":"http:\/\/www.filindeblogg.nu\/index.php?rest_route=%2Fwp%2Fv2%2Ftags&post=56333"}],"curies":[{"name":"wp","href":"https:\/\/api.w.org\/{rel}","templated":true}]}}