{"id":56143,"date":"2014-04-16T13:44:36","date_gmt":"2014-04-16T12:44:36","guid":{"rendered":"http:\/\/www.filindeblogg.nu\/?p=56143"},"modified":"2014-04-16T13:44:36","modified_gmt":"2014-04-16T12:44:36","slug":"dymmelonsdagen-2014","status":"publish","type":"post","link":"http:\/\/www.filindeblogg.nu\/?p=56143","title":{"rendered":"Dymmelonsdagen 2014"},"content":{"rendered":"<p>Dymlar eller dymblar &#8211; vad \u00e4r det? Vad betyder Dymmelonsdag?<br \/>\n<a href=\"http:\/\/www.filindeblogg.nu\/wp-content\/uploads\/2014\/04\/Dymbel-i-klocka.jpg\"><img loading=\"lazy\" class=\"alignnone size-full wp-image-56144\" alt=\"Dymbel i klocka\" src=\"http:\/\/www.filindeblogg.nu\/wp-content\/uploads\/2014\/04\/Dymbel-i-klocka.jpg\" width=\"89\" height=\"119\" \/><\/a>\u00a0S\u00e5 h\u00e4r skriver <a href=\"http:\/\/sv.wikipedia.org\/wiki\/Dymmelonsdag\" target=\"_blank\"><strong>Wikipedia<\/strong><\/a>: <em>&#8221;<b>Dymmelonsdagen<\/b>, onsdagen f\u00f6re p\u00e5sk, d\u00e5 p\u00e5skfriden inleddes. Namnet kommer av traditionen att i Skandinavien, ers\u00e4tta metallkl\u00e4pparna i kyrkklockorna denna dag av tr\u00e4stavar, dymblar, f\u00f6r att ge en s\u00e5 d\u00e4mpad klang som m\u00f6jligt, en markering av att det var stilla veckan och att l\u00e5ngfredagen var i ant\u00e5gande.&#8221;<\/em><\/p>\n<p><img loading=\"lazy\" class=\"wp-image-56145 aligncenter\" alt=\"006\" src=\"http:\/\/www.filindeblogg.nu\/wp-content\/uploads\/2014\/04\/0061-300x225.jpg\" width=\"180\" height=\"135\" srcset=\"http:\/\/www.filindeblogg.nu\/wp-content\/uploads\/2014\/04\/0061-300x225.jpg 300w, http:\/\/www.filindeblogg.nu\/wp-content\/uploads\/2014\/04\/0061.jpg 600w\" sizes=\"(max-width: 180px) 100vw, 180px\" \/><br \/>\nVad g\u00f6r man d\u00e5 en dymmelonsdag? Bloggaren har ingen aning om vad ni andra sysslar med men sj\u00e4lv tar hon det lugnt! <a href=\"http:\/\/www.filindeblogg.nu\/wp-content\/uploads\/2014\/04\/0401.jpg\"><img loading=\"lazy\" class=\"alignnone  wp-image-56146\" alt=\"040\" src=\"http:\/\/www.filindeblogg.nu\/wp-content\/uploads\/2014\/04\/0401-300x225.jpg\" width=\"180\" height=\"135\" srcset=\"http:\/\/www.filindeblogg.nu\/wp-content\/uploads\/2014\/04\/0401-300x225.jpg 300w, http:\/\/www.filindeblogg.nu\/wp-content\/uploads\/2014\/04\/0401.jpg 600w\" sizes=\"(max-width: 180px) 100vw, 180px\" \/><\/a> Njuter av det vackra v\u00e4dret och allt som h\u00e4nder i naturen! <a href=\"http:\/\/www.filindeblogg.nu\/wp-content\/uploads\/2014\/04\/0205.jpg\"><img loading=\"lazy\" class=\"alignnone  wp-image-56147\" alt=\"020\" src=\"http:\/\/www.filindeblogg.nu\/wp-content\/uploads\/2014\/04\/0205-300x225.jpg\" width=\"180\" height=\"135\" srcset=\"http:\/\/www.filindeblogg.nu\/wp-content\/uploads\/2014\/04\/0205-300x225.jpg 300w, http:\/\/www.filindeblogg.nu\/wp-content\/uploads\/2014\/04\/0205.jpg 600w\" sizes=\"(max-width: 180px) 100vw, 180px\" \/><\/a> Det knoppas \u00f6verallt och f\u00e5glarna kvittrar &#8211; en h\u00e4rlig tid! <a href=\"http:\/\/www.filindeblogg.nu\/wp-content\/uploads\/2014\/04\/0242.jpg\"><img loading=\"lazy\" class=\"alignnone  wp-image-56148\" alt=\"024\" src=\"http:\/\/www.filindeblogg.nu\/wp-content\/uploads\/2014\/04\/0242-225x300.jpg\" width=\"135\" height=\"180\" srcset=\"http:\/\/www.filindeblogg.nu\/wp-content\/uploads\/2014\/04\/0242-225x300.jpg 225w, http:\/\/www.filindeblogg.nu\/wp-content\/uploads\/2014\/04\/0242.jpg 450w\" sizes=\"(max-width: 135px) 100vw, 135px\" \/><\/a><\/p>\n<p><a href=\"http:\/\/www.filindeblogg.nu\/wp-content\/uploads\/2014\/04\/037.jpg\"><img loading=\"lazy\" class=\"alignnone  wp-image-56149\" alt=\"037\" src=\"http:\/\/www.filindeblogg.nu\/wp-content\/uploads\/2014\/04\/037-300x225.jpg\" width=\"180\" height=\"135\" srcset=\"http:\/\/www.filindeblogg.nu\/wp-content\/uploads\/2014\/04\/037-300x225.jpg 300w, http:\/\/www.filindeblogg.nu\/wp-content\/uploads\/2014\/04\/037.jpg 600w\" sizes=\"(max-width: 180px) 100vw, 180px\" \/><\/a> K\u00e4ra mor m\u00e5ste f\u00e5 en v\u00e5rbukett!<\/p>\n<p><a href=\"http:\/\/www.filindeblogg.nu\/wp-content\/uploads\/2014\/04\/0301.jpg\"><img loading=\"lazy\" class=\"wp-image-56150 aligncenter\" alt=\"030\" src=\"http:\/\/www.filindeblogg.nu\/wp-content\/uploads\/2014\/04\/0301-300x225.jpg\" width=\"180\" height=\"135\" srcset=\"http:\/\/www.filindeblogg.nu\/wp-content\/uploads\/2014\/04\/0301-300x225.jpg 300w, http:\/\/www.filindeblogg.nu\/wp-content\/uploads\/2014\/04\/0301.jpg 600w\" sizes=\"(max-width: 180px) 100vw, 180px\" \/><\/a><\/p>\n<p>Vitsippor och bl\u00e5sippor blommar f\u00f6r fullt nu. <a href=\"http:\/\/www.filindeblogg.nu\/wp-content\/uploads\/2014\/04\/0362.jpg\"><img loading=\"lazy\" class=\"alignnone  wp-image-56152\" alt=\"036\" src=\"http:\/\/www.filindeblogg.nu\/wp-content\/uploads\/2014\/04\/0362-300x225.jpg\" width=\"180\" height=\"135\" srcset=\"http:\/\/www.filindeblogg.nu\/wp-content\/uploads\/2014\/04\/0362-300x225.jpg 300w, http:\/\/www.filindeblogg.nu\/wp-content\/uploads\/2014\/04\/0362.jpg 600w\" sizes=\"(max-width: 180px) 100vw, 180px\" \/><\/a><\/p>\n<p><a href=\"http:\/\/www.filindeblogg.nu\/wp-content\/uploads\/2014\/04\/0181.jpg\"><img loading=\"lazy\" class=\"alignnone  wp-image-56153\" alt=\"018\" src=\"http:\/\/www.filindeblogg.nu\/wp-content\/uploads\/2014\/04\/0181-300x278.jpg\" width=\"180\" height=\"167\" srcset=\"http:\/\/www.filindeblogg.nu\/wp-content\/uploads\/2014\/04\/0181-300x278.jpg 300w, http:\/\/www.filindeblogg.nu\/wp-content\/uploads\/2014\/04\/0181.jpg 484w\" sizes=\"(max-width: 180px) 100vw, 180px\" \/><\/a> Sen var det dags att locka ut katterna p\u00e5 g\u00e5rden! Det \u00e4r ju s\u00e5 fantastiskt v\u00e4der! <a href=\"http:\/\/www.filindeblogg.nu\/wp-content\/uploads\/2014\/04\/0143.jpg\"><img loading=\"lazy\" class=\"alignnone  wp-image-56154\" alt=\"014\" src=\"http:\/\/www.filindeblogg.nu\/wp-content\/uploads\/2014\/04\/0143-300x213.jpg\" width=\"180\" height=\"128\" srcset=\"http:\/\/www.filindeblogg.nu\/wp-content\/uploads\/2014\/04\/0143-300x213.jpg 300w, http:\/\/www.filindeblogg.nu\/wp-content\/uploads\/2014\/04\/0143.jpg 600w\" sizes=\"(max-width: 180px) 100vw, 180px\" \/><\/a><br \/>\nJo d\u00e5, <strong>Felix<\/strong> f\u00f6ljde med! <a href=\"http:\/\/www.filindeblogg.nu\/wp-content\/uploads\/2014\/04\/0451.jpg\"><img loading=\"lazy\" class=\"alignnone  wp-image-56155\" alt=\"045\" src=\"http:\/\/www.filindeblogg.nu\/wp-content\/uploads\/2014\/04\/0451-265x300.jpg\" width=\"159\" height=\"180\" srcset=\"http:\/\/www.filindeblogg.nu\/wp-content\/uploads\/2014\/04\/0451-265x300.jpg 265w, http:\/\/www.filindeblogg.nu\/wp-content\/uploads\/2014\/04\/0451.jpg 450w\" sizes=\"(max-width: 159px) 100vw, 159px\" \/><\/a><br \/>\nOch sj\u00e4lvklart skulle det sittas i kn\u00e4! \ud83d\ude42 <a href=\"http:\/\/www.filindeblogg.nu\/wp-content\/uploads\/2014\/04\/0491.jpg\"><img loading=\"lazy\" class=\"alignnone  wp-image-56156\" alt=\"049\" src=\"http:\/\/www.filindeblogg.nu\/wp-content\/uploads\/2014\/04\/0491-225x300.jpg\" width=\"135\" height=\"180\" srcset=\"http:\/\/www.filindeblogg.nu\/wp-content\/uploads\/2014\/04\/0491-225x300.jpg 225w, http:\/\/www.filindeblogg.nu\/wp-content\/uploads\/2014\/04\/0491.jpg 450w\" sizes=\"(max-width: 135px) 100vw, 135px\" \/><\/a> Men sen blir det alldeles f\u00f6r varmt, tycker Felix och l\u00e4gger sig i skuggan ist\u00e4llet. <a href=\"http:\/\/www.filindeblogg.nu\/wp-content\/uploads\/2014\/04\/0531.jpg\"><img loading=\"lazy\" class=\"alignnone  wp-image-56157\" alt=\"053\" src=\"http:\/\/www.filindeblogg.nu\/wp-content\/uploads\/2014\/04\/0531-300x225.jpg\" width=\"180\" height=\"135\" srcset=\"http:\/\/www.filindeblogg.nu\/wp-content\/uploads\/2014\/04\/0531-300x225.jpg 300w, http:\/\/www.filindeblogg.nu\/wp-content\/uploads\/2014\/04\/0531.jpg 600w\" sizes=\"(max-width: 180px) 100vw, 180px\" \/><\/a> Klokt!<\/p>\n<p><a href=\"http:\/\/www.filindeblogg.nu\/wp-content\/uploads\/2014\/04\/0082.jpg\"><img loading=\"lazy\" class=\"alignnone  wp-image-56158\" alt=\"008\" src=\"http:\/\/www.filindeblogg.nu\/wp-content\/uploads\/2014\/04\/0082-225x300.jpg\" width=\"135\" height=\"180\" srcset=\"http:\/\/www.filindeblogg.nu\/wp-content\/uploads\/2014\/04\/0082-225x300.jpg 225w, http:\/\/www.filindeblogg.nu\/wp-content\/uploads\/2014\/04\/0082.jpg 450w\" sizes=\"(max-width: 135px) 100vw, 135px\" \/><\/a> Sen kommer <strong>Wilma<\/strong>! Katterna tycker det \u00e4r toppen n\u00e4r husbondfolket vistas ute. <a href=\"http:\/\/www.filindeblogg.nu\/wp-content\/uploads\/2014\/04\/011.jpg\"><img loading=\"lazy\" class=\"alignnone  wp-image-56159\" alt=\"011\" src=\"http:\/\/www.filindeblogg.nu\/wp-content\/uploads\/2014\/04\/011-300x225.jpg\" width=\"180\" height=\"135\" srcset=\"http:\/\/www.filindeblogg.nu\/wp-content\/uploads\/2014\/04\/011-300x225.jpg 300w, http:\/\/www.filindeblogg.nu\/wp-content\/uploads\/2014\/04\/011.jpg 600w\" sizes=\"(max-width: 180px) 100vw, 180px\" \/><\/a> Men det \u00e4r f\u00f6r varmt i solen \u00e4ven f\u00f6r Wilma. <a href=\"http:\/\/www.filindeblogg.nu\/wp-content\/uploads\/2014\/04\/0103.jpg\"><img loading=\"lazy\" class=\"alignnone  wp-image-56161\" alt=\"010\" src=\"http:\/\/www.filindeblogg.nu\/wp-content\/uploads\/2014\/04\/0103-300x225.jpg\" width=\"180\" height=\"135\" srcset=\"http:\/\/www.filindeblogg.nu\/wp-content\/uploads\/2014\/04\/0103-300x225.jpg 300w, http:\/\/www.filindeblogg.nu\/wp-content\/uploads\/2014\/04\/0103.jpg 600w\" sizes=\"(max-width: 180px) 100vw, 180px\" \/><\/a> Sk\u00f6nare att njuta i skuggan.<\/p>\n<p>Men n\u00e4r morsan gick in f\u00f6ljde katterna med! Och sen var det s\u00e5 otroligt sk\u00f6nt att slappa p\u00e5 stora s\u00e4ngen! <a href=\"http:\/\/www.filindeblogg.nu\/wp-content\/uploads\/2014\/04\/044.jpg\"><img loading=\"lazy\" class=\"alignnone  wp-image-56162\" alt=\"044\" src=\"http:\/\/www.filindeblogg.nu\/wp-content\/uploads\/2014\/04\/044-300x225.jpg\" width=\"180\" height=\"135\" srcset=\"http:\/\/www.filindeblogg.nu\/wp-content\/uploads\/2014\/04\/044-300x225.jpg 300w, http:\/\/www.filindeblogg.nu\/wp-content\/uploads\/2014\/04\/044.jpg 600w\" sizes=\"(max-width: 180px) 100vw, 180px\" \/><\/a> Str\u00e4cka p\u00e5 sig! <a href=\"http:\/\/www.filindeblogg.nu\/wp-content\/uploads\/2014\/04\/0412.jpg\"><img loading=\"lazy\" class=\"alignnone  wp-image-56163\" alt=\"041\" src=\"http:\/\/www.filindeblogg.nu\/wp-content\/uploads\/2014\/04\/0412-300x225.jpg\" width=\"180\" height=\"135\" srcset=\"http:\/\/www.filindeblogg.nu\/wp-content\/uploads\/2014\/04\/0412-300x225.jpg 300w, http:\/\/www.filindeblogg.nu\/wp-content\/uploads\/2014\/04\/0412.jpg 600w\" sizes=\"(max-width: 180px) 100vw, 180px\" \/><\/a> Kura ihop sig.<br \/>\nOch s\u00e5 sova lite igen! <a href=\"http:\/\/www.filindeblogg.nu\/wp-content\/uploads\/2014\/04\/0421.jpg\"><img loading=\"lazy\" class=\"alignnone  wp-image-56164\" alt=\"042\" src=\"http:\/\/www.filindeblogg.nu\/wp-content\/uploads\/2014\/04\/0421-300x225.jpg\" width=\"180\" height=\"135\" srcset=\"http:\/\/www.filindeblogg.nu\/wp-content\/uploads\/2014\/04\/0421-300x225.jpg 300w, http:\/\/www.filindeblogg.nu\/wp-content\/uploads\/2014\/04\/0421.jpg 600w\" sizes=\"(max-width: 180px) 100vw, 180px\" \/><\/a><\/p>\n<p>Lev livet mera som en katt &#8211; de vet hur man njuter och tar tillvara! S\u00e5 njut livet som en katt! \ud83d\ude09<\/p>\n<p>Dymmelonsdagen blev ocks\u00e5 lite pyssel inf\u00f6r p\u00e5sken &#8211; och \u00e4nnu en tulpanbukett placerades ut. \ud83d\ude42<\/p>\n<p style=\"text-align: center;\"><a href=\"http:\/\/www.filindeblogg.nu\/wp-content\/uploads\/2014\/04\/0551.jpg\"><img loading=\"lazy\" class=\"aligncenter size-medium wp-image-56165\" alt=\"055\" src=\"http:\/\/www.filindeblogg.nu\/wp-content\/uploads\/2014\/04\/0551-217x300.jpg\" width=\"217\" height=\"300\" srcset=\"http:\/\/www.filindeblogg.nu\/wp-content\/uploads\/2014\/04\/0551-217x300.jpg 217w, http:\/\/www.filindeblogg.nu\/wp-content\/uploads\/2014\/04\/0551.jpg 435w\" sizes=\"(max-width: 217px) 100vw, 217px\" \/><\/a><\/p>\n","protected":false},"excerpt":{"rendered":"<p>Dymlar eller dymblar &#8211; vad \u00e4r det? Vad betyder Dymmelonsdag? \u00a0S\u00e5 h\u00e4r skriver Wikipedia: &#8221;Dymmelonsdagen, onsdagen f\u00f6re p\u00e5sk, d\u00e5 p\u00e5skfriden inleddes. Namnet kommer av traditionen att i Skandinavien, ers\u00e4tta metallkl\u00e4pparna i kyrkklockorna denna dag av tr\u00e4stavar, dymblar, f\u00f6r att ge en s\u00e5 d\u00e4mpad klang som m\u00f6jligt, en markering av att det var stilla veckan och [&hellip;]<\/p>\n","protected":false},"author":1,"featured_media":0,"comment_status":"open","ping_status":"open","sticky":false,"template":"","format":"standard","meta":[],"categories":[1,41,100,145,132,101],"tags":[],"_links":{"self":[{"href":"http:\/\/www.filindeblogg.nu\/index.php?rest_route=\/wp\/v2\/posts\/56143"}],"collection":[{"href":"http:\/\/www.filindeblogg.nu\/index.php?rest_route=\/wp\/v2\/posts"}],"about":[{"href":"http:\/\/www.filindeblogg.nu\/index.php?rest_route=\/wp\/v2\/types\/post"}],"author":[{"embeddable":true,"href":"http:\/\/www.filindeblogg.nu\/index.php?rest_route=\/wp\/v2\/users\/1"}],"replies":[{"embeddable":true,"href":"http:\/\/www.filindeblogg.nu\/index.php?rest_route=%2Fwp%2Fv2%2Fcomments&post=56143"}],"version-history":[{"count":8,"href":"http:\/\/www.filindeblogg.nu\/index.php?rest_route=\/wp\/v2\/posts\/56143\/revisions"}],"predecessor-version":[{"id":56173,"href":"http:\/\/www.filindeblogg.nu\/index.php?rest_route=\/wp\/v2\/posts\/56143\/revisions\/56173"}],"wp:attachment":[{"href":"http:\/\/www.filindeblogg.nu\/index.php?rest_route=%2Fwp%2Fv2%2Fmedia&parent=56143"}],"wp:term":[{"taxonomy":"category","embeddable":true,"href":"http:\/\/www.filindeblogg.nu\/index.php?rest_route=%2Fwp%2Fv2%2Fcategories&post=56143"},{"taxonomy":"post_tag","embeddable":true,"href":"http:\/\/www.filindeblogg.nu\/index.php?rest_route=%2Fwp%2Fv2%2Ftags&post=56143"}],"curies":[{"name":"wp","href":"https:\/\/api.w.org\/{rel}","templated":true}]}}