{"id":55447,"date":"2014-03-20T09:25:58","date_gmt":"2014-03-20T08:25:58","guid":{"rendered":"http:\/\/www.filindeblogg.nu\/?p=55447"},"modified":"2014-03-20T09:25:58","modified_gmt":"2014-03-20T08:25:58","slug":"vadret-alla-pratar-om-vadret-snokaos-och-vardagjamning-men-ocksa-en-ny-cykelverkstad-varen-till-ara","status":"publish","type":"post","link":"http:\/\/www.filindeblogg.nu\/?p=55447","title":{"rendered":"V\u00e4dret &#8211; alla pratar om v\u00e4dret! Sn\u00f6kaos och v\u00e5rdagj\u00e4mning men ocks\u00e5 en ny cykelverkstad v\u00e5ren till \u00e4ra!"},"content":{"rendered":"<p><a href=\"http:\/\/www.filindeblogg.nu\/wp-content\/uploads\/2014\/03\/0024.jpg\"><img loading=\"lazy\" class=\"alignnone  wp-image-55448\" alt=\"002\" src=\"http:\/\/www.filindeblogg.nu\/wp-content\/uploads\/2014\/03\/0024-300x225.jpg\" width=\"180\" height=\"135\" srcset=\"http:\/\/www.filindeblogg.nu\/wp-content\/uploads\/2014\/03\/0024-300x225.jpg 300w, http:\/\/www.filindeblogg.nu\/wp-content\/uploads\/2014\/03\/0024.jpg 600w\" sizes=\"(max-width: 180px) 100vw, 180px\" \/><\/a> Hej!!<br \/>\nMen det borde st\u00e5 s\u00e5 h\u00e4r: <a href=\"http:\/\/www.filindeblogg.nu\/wp-content\/uploads\/2014\/03\/002-Kopia.jpg\"><img loading=\"lazy\" class=\"alignnone  wp-image-55449\" alt=\"002 - Kopia\" src=\"http:\/\/www.filindeblogg.nu\/wp-content\/uploads\/2014\/03\/002-Kopia-300x225.jpg\" width=\"180\" height=\"135\" srcset=\"http:\/\/www.filindeblogg.nu\/wp-content\/uploads\/2014\/03\/002-Kopia-300x225.jpg 300w, http:\/\/www.filindeblogg.nu\/wp-content\/uploads\/2014\/03\/002-Kopia.jpg 600w\" sizes=\"(max-width: 180px) 100vw, 180px\" \/><\/a> Bloggaren menar f\u00f6rst\u00e5s v\u00e4dret&#8230;<br \/>\nSom alla svenskar s\u00e5 ska det nu pratas extra mycket om v\u00e4dret! Och varf\u00f6r det? Jo, vi \u00e4r snuvade p\u00e5 v\u00e5ren!<br \/>\n<a href=\"http:\/\/www.filindeblogg.nu\/wp-content\/uploads\/2014\/03\/0234.jpg\"><img loading=\"lazy\" class=\"alignnone  wp-image-55450\" alt=\"023\" src=\"http:\/\/www.filindeblogg.nu\/wp-content\/uploads\/2014\/03\/0234-225x300.jpg\" width=\"95\" height=\"126\" srcset=\"http:\/\/www.filindeblogg.nu\/wp-content\/uploads\/2014\/03\/0234-225x300.jpg 225w, http:\/\/www.filindeblogg.nu\/wp-content\/uploads\/2014\/03\/0234.jpg 450w\" sizes=\"(max-width: 95px) 100vw, 95px\" \/><\/a> G\u00e5rdagen, 19 mars, b\u00f6rjade det sn\u00f6a rej\u00e4lt! <a href=\"http:\/\/www.filindeblogg.nu\/wp-content\/uploads\/2014\/03\/0106.jpg\"><img loading=\"lazy\" class=\"alignnone  wp-image-55451\" alt=\"010\" src=\"http:\/\/www.filindeblogg.nu\/wp-content\/uploads\/2014\/03\/0106-225x300.jpg\" width=\"135\" height=\"180\" srcset=\"http:\/\/www.filindeblogg.nu\/wp-content\/uploads\/2014\/03\/0106-225x300.jpg 225w, http:\/\/www.filindeblogg.nu\/wp-content\/uploads\/2014\/03\/0106.jpg 450w\" sizes=\"(max-width: 135px) 100vw, 135px\" \/><\/a> P\u00e5passligt (?) hade Arboga Tidning en artikel om sommard\u00e4cksbyte i tidningen d\u00e5&#8230; <a href=\"http:\/\/www.filindeblogg.nu\/wp-content\/uploads\/2014\/03\/0073.jpg\"><img loading=\"lazy\" class=\"alignnone  wp-image-55453\" alt=\"007\" src=\"http:\/\/www.filindeblogg.nu\/wp-content\/uploads\/2014\/03\/0073-285x300.jpg\" width=\"171\" height=\"180\" srcset=\"http:\/\/www.filindeblogg.nu\/wp-content\/uploads\/2014\/03\/0073-285x300.jpg 285w, http:\/\/www.filindeblogg.nu\/wp-content\/uploads\/2014\/03\/0073.jpg 395w\" sizes=\"(max-width: 171px) 100vw, 171px\" \/><\/a> <strong><em>&#8221;T\u00f6rs man byta d\u00e4ck eller inte?&#8221;<\/em><\/strong><\/p>\n<p>Nej, naturligtvis INTE!\u00a0<a href=\"http:\/\/www.filindeblogg.nu\/wp-content\/uploads\/2014\/03\/0511.jpg\"><img loading=\"lazy\" class=\"alignnone  wp-image-55474\" alt=\"051\" src=\"http:\/\/www.filindeblogg.nu\/wp-content\/uploads\/2014\/03\/0511-225x300.jpg\" width=\"135\" height=\"180\" srcset=\"http:\/\/www.filindeblogg.nu\/wp-content\/uploads\/2014\/03\/0511-225x300.jpg 225w, http:\/\/www.filindeblogg.nu\/wp-content\/uploads\/2014\/03\/0511.jpg 450w\" sizes=\"(max-width: 135px) 100vw, 135px\" \/><\/a> Trafiken kan vara kaotisk &#8211; och sv\u00e5rplogat \u00e4r det med alla parkerade bilar. <a href=\"http:\/\/www.filindeblogg.nu\/wp-content\/uploads\/2014\/03\/0521.jpg\"><img loading=\"lazy\" class=\"alignnone  wp-image-55475\" alt=\"052\" src=\"http:\/\/www.filindeblogg.nu\/wp-content\/uploads\/2014\/03\/0521-225x300.jpg\" width=\"135\" height=\"180\" srcset=\"http:\/\/www.filindeblogg.nu\/wp-content\/uploads\/2014\/03\/0521-225x300.jpg 225w, http:\/\/www.filindeblogg.nu\/wp-content\/uploads\/2014\/03\/0521.jpg 450w\" sizes=\"(max-width: 135px) 100vw, 135px\" \/><\/a> Halt ocks\u00e5!<br \/>\n<a href=\"http:\/\/www.filindeblogg.nu\/wp-content\/uploads\/2014\/03\/0055.jpg\"><img loading=\"lazy\" class=\"alignnone  wp-image-55454\" alt=\"005\" src=\"http:\/\/www.filindeblogg.nu\/wp-content\/uploads\/2014\/03\/0055-300x225.jpg\" width=\"180\" height=\"135\" srcset=\"http:\/\/www.filindeblogg.nu\/wp-content\/uploads\/2014\/03\/0055-300x225.jpg 300w, http:\/\/www.filindeblogg.nu\/wp-content\/uploads\/2014\/03\/0055.jpg 600w\" sizes=\"(max-width: 180px) 100vw, 180px\" \/><\/a> V\u00e4glaget \u00e4r det s\u00e4msta t\u00e4nkbara f\u00f6r en sommard\u00e4cks\u00e5kare. <a href=\"http:\/\/www.filindeblogg.nu\/wp-content\/uploads\/2014\/03\/0065.jpg\"><img loading=\"lazy\" class=\"alignnone  wp-image-55455\" alt=\"006\" src=\"http:\/\/www.filindeblogg.nu\/wp-content\/uploads\/2014\/03\/0065-300x225.jpg\" width=\"180\" height=\"135\" srcset=\"http:\/\/www.filindeblogg.nu\/wp-content\/uploads\/2014\/03\/0065-300x225.jpg 300w, http:\/\/www.filindeblogg.nu\/wp-content\/uploads\/2014\/03\/0065.jpg 600w\" sizes=\"(max-width: 180px) 100vw, 180px\" \/><\/a> Bloggaren \u00e4r glad att hon inte bytt men har f\u00e5tt rapport om att fler inte varit lika kloka och hamnat i diket med bilen&#8230;<\/p>\n<p><a href=\"http:\/\/www.filindeblogg.nu\/wp-content\/uploads\/2014\/03\/0331.jpg\"><img loading=\"lazy\" class=\"alignnone  wp-image-55456\" alt=\"033\" src=\"http:\/\/www.filindeblogg.nu\/wp-content\/uploads\/2014\/03\/0331-225x300.jpg\" width=\"135\" height=\"180\" srcset=\"http:\/\/www.filindeblogg.nu\/wp-content\/uploads\/2014\/03\/0331-225x300.jpg 225w, http:\/\/www.filindeblogg.nu\/wp-content\/uploads\/2014\/03\/0331.jpg 450w\" sizes=\"(max-width: 135px) 100vw, 135px\" \/><\/a> Mindre klokt var det dock av bloggaren med familj att ta ut tr\u00e4dg\u00e5rdsm\u00f6blerna&#8230; Det k\u00e4nns &#8221;s\u00e5 d\u00e4r&#8221; med en kopp kaffe i bers\u00e5n just nu&#8230;<\/p>\n<p><a href=\"http:\/\/www.filindeblogg.nu\/wp-content\/uploads\/2014\/03\/Krokus-9-mars-2014.jpg\"><img loading=\"lazy\" class=\"alignnone  wp-image-55457\" alt=\"Krokus 9 mars 2014\" src=\"http:\/\/www.filindeblogg.nu\/wp-content\/uploads\/2014\/03\/Krokus-9-mars-2014-300x273.jpg\" width=\"144\" height=\"131\" srcset=\"http:\/\/www.filindeblogg.nu\/wp-content\/uploads\/2014\/03\/Krokus-9-mars-2014-300x273.jpg 300w, http:\/\/www.filindeblogg.nu\/wp-content\/uploads\/2014\/03\/Krokus-9-mars-2014.jpg 494w\" sizes=\"(max-width: 144px) 100vw, 144px\" \/><\/a> 9 mars! Och tio dagar senare&#8230; <a href=\"http:\/\/www.filindeblogg.nu\/wp-content\/uploads\/2014\/03\/0272.jpg\"><img loading=\"lazy\" class=\"alignnone  wp-image-55458\" alt=\"027\" src=\"http:\/\/www.filindeblogg.nu\/wp-content\/uploads\/2014\/03\/0272-300x225.jpg\" width=\"144\" height=\"108\" srcset=\"http:\/\/www.filindeblogg.nu\/wp-content\/uploads\/2014\/03\/0272-300x225.jpg 300w, http:\/\/www.filindeblogg.nu\/wp-content\/uploads\/2014\/03\/0272.jpg 600w\" sizes=\"(max-width: 144px) 100vw, 144px\" \/><\/a> D\u00e4r under sn\u00f6n ligger de stackars krokusarna&#8230;<\/p>\n<p>S\u00e5 visst m\u00e5ste det gn\u00e4llas om v\u00e4dret! S\u00e4rskilt idag d\u00e5 <strong>V\u00c5RDAGJ\u00c4MNINGEN<\/strong> infaller! <a href=\"http:\/\/www.filindeblogg.nu\/wp-content\/uploads\/2014\/03\/0431.jpg\"><img loading=\"lazy\" class=\"alignnone size-medium wp-image-55459\" alt=\"043\" src=\"http:\/\/www.filindeblogg.nu\/wp-content\/uploads\/2014\/03\/0431-225x300.jpg\" width=\"225\" height=\"300\" srcset=\"http:\/\/www.filindeblogg.nu\/wp-content\/uploads\/2014\/03\/0431-225x300.jpg 225w, http:\/\/www.filindeblogg.nu\/wp-content\/uploads\/2014\/03\/0431.jpg 450w\" sizes=\"(max-width: 225px) 100vw, 225px\" \/><\/a> Fast nu \u00e4r det ju s\u00e5 att v\u00e5rdagj\u00e4mning egentligen inte har med v\u00e5rens ankomst att g\u00f6ra. Det \u00e4r den dag d\u00e5 dagen och natten \u00e4r lika l\u00e5nga och sen blir dagarna bara l\u00e4ngre och ljusare fram till sommarsolst\u00e5ndet! L\u00e4s mer p\u00e5 <strong>Wikipedia<\/strong> <a href=\"http:\/\/sv.wikipedia.org\/wiki\/V%C3%A5rdagj%C3%A4mningen\" target=\"_blank\"><strong>H\u00c4R!<\/strong><\/a><\/p>\n<p>Men vi frusna nordbor l\u00e4ngtar ju s\u00e5 f\u00f6rskr\u00e4ckligt mycket efter v\u00e5ren nu och s\u00e5 ser morgonen ut s\u00e5 h\u00e4r!! \ud83d\ude41 <a href=\"http:\/\/www.filindeblogg.nu\/wp-content\/uploads\/2014\/03\/072.jpg\"><img loading=\"lazy\" class=\"alignnone  wp-image-55469\" alt=\"072\" src=\"http:\/\/www.filindeblogg.nu\/wp-content\/uploads\/2014\/03\/072-225x300.jpg\" width=\"135\" height=\"180\" srcset=\"http:\/\/www.filindeblogg.nu\/wp-content\/uploads\/2014\/03\/072-225x300.jpg 225w, http:\/\/www.filindeblogg.nu\/wp-content\/uploads\/2014\/03\/072.jpg 450w\" sizes=\"(max-width: 135px) 100vw, 135px\" \/><\/a><br \/>\nEn nyv\u00e4ckt vilsen fluga tittar ut p\u00e5 el\u00e4ndet. <a href=\"http:\/\/www.filindeblogg.nu\/wp-content\/uploads\/2014\/03\/0473.jpg\"><img loading=\"lazy\" class=\"alignnone size-medium wp-image-55461\" alt=\"047\" src=\"http:\/\/www.filindeblogg.nu\/wp-content\/uploads\/2014\/03\/0473-225x300.jpg\" width=\"225\" height=\"300\" srcset=\"http:\/\/www.filindeblogg.nu\/wp-content\/uploads\/2014\/03\/0473-225x300.jpg 225w, http:\/\/www.filindeblogg.nu\/wp-content\/uploads\/2014\/03\/0473.jpg 450w\" sizes=\"(max-width: 225px) 100vw, 225px\" \/><\/a><\/p>\n<p>Men hur var det tidigare \u00e5r? Jo, f\u00f6rra \u00e5ret var ett riktigt trist v\u00e5r-\u00e5r! Det blev n\u00e4stan ingen v\u00e5r alls, bara en v\u00e4ldigt l\u00e5ng vinter och sen f\u00f6rsommar snabbt \u00f6ver till sommar.<br \/>\nRunt v\u00e5rdagj\u00e4mningen 2013: <a href=\"http:\/\/www.filindeblogg.nu\/wp-content\/uploads\/2014\/03\/Runt-v\u00e5rdagj\u00e4mningen-2013.jpg\"><img loading=\"lazy\" class=\"alignnone  wp-image-55463\" alt=\"Runt v\u00e5rdagj\u00e4mningen 2013\" src=\"http:\/\/www.filindeblogg.nu\/wp-content\/uploads\/2014\/03\/Runt-v\u00e5rdagj\u00e4mningen-2013-225x300.jpg\" width=\"135\" height=\"180\" srcset=\"http:\/\/www.filindeblogg.nu\/wp-content\/uploads\/2014\/03\/Runt-v\u00e5rdagj\u00e4mningen-2013-225x300.jpg 225w, http:\/\/www.filindeblogg.nu\/wp-content\/uploads\/2014\/03\/Runt-v\u00e5rdagj\u00e4mningen-2013.jpg 231w\" sizes=\"(max-width: 135px) 100vw, 135px\" \/><\/a> Bilden \u00e4r fr\u00e5n 25 mars och \u00e4ven om solen lyser p\u00e5 bilden s\u00e5 ligger det massor av h\u00e5rd och kall sn\u00f6 p\u00e5 g\u00e5rden.<br \/>\nV\u00e5rdagj\u00e4mningen 2012 var b\u00e4ttre! \ud83d\ude42\u00a0 <a href=\"http:\/\/www.filindeblogg.nu\/wp-content\/uploads\/2014\/03\/Vid-v\u00e5rdagj\u00e4mning-2012.jpg\"><img loading=\"lazy\" class=\"alignnone  wp-image-55464\" alt=\"Vid v\u00e5rdagj\u00e4mning 2012\" src=\"http:\/\/www.filindeblogg.nu\/wp-content\/uploads\/2014\/03\/Vid-v\u00e5rdagj\u00e4mning-2012-300x225.jpg\" width=\"180\" height=\"135\" srcset=\"http:\/\/www.filindeblogg.nu\/wp-content\/uploads\/2014\/03\/Vid-v\u00e5rdagj\u00e4mning-2012-300x225.jpg 300w, http:\/\/www.filindeblogg.nu\/wp-content\/uploads\/2014\/03\/Vid-v\u00e5rdagj\u00e4mning-2012.jpg 308w\" sizes=\"(max-width: 180px) 100vw, 180px\" \/><\/a><\/p>\n<p>Men det \u00e4r bara att gilla l\u00e4get som det heter. Och tidningarna k\u00e4mpar p\u00e5 med v\u00e5rstimulansen! <a href=\"http:\/\/www.filindeblogg.nu\/wp-content\/uploads\/2014\/03\/0542.jpg\"><img loading=\"lazy\" class=\"alignnone  wp-image-55465\" alt=\"054\" src=\"http:\/\/www.filindeblogg.nu\/wp-content\/uploads\/2014\/03\/0542-225x300.jpg\" width=\"135\" height=\"180\" srcset=\"http:\/\/www.filindeblogg.nu\/wp-content\/uploads\/2014\/03\/0542-225x300.jpg 225w, http:\/\/www.filindeblogg.nu\/wp-content\/uploads\/2014\/03\/0542.jpg 450w\" sizes=\"(max-width: 135px) 100vw, 135px\" \/><\/a> <a href=\"http:\/\/magazin24.se\/\" target=\"_blank\"><strong>Magazin24<\/strong><\/a> skrev ig\u00e5r inte bara om bilkl\u00e4dsel utan ocks\u00e5 om den h\u00e4r str\u00e5lande nyheten: <a href=\"http:\/\/www.filindeblogg.nu\/wp-content\/uploads\/2014\/03\/0531.jpg\"><img loading=\"lazy\" class=\"alignnone size-medium wp-image-55466\" alt=\"053\" src=\"http:\/\/www.filindeblogg.nu\/wp-content\/uploads\/2014\/03\/0531-225x300.jpg\" width=\"225\" height=\"300\" srcset=\"http:\/\/www.filindeblogg.nu\/wp-content\/uploads\/2014\/03\/0531-225x300.jpg 225w, http:\/\/www.filindeblogg.nu\/wp-content\/uploads\/2014\/03\/0531.jpg 450w\" sizes=\"(max-width: 225px) 100vw, 225px\" \/><\/a><br \/>\n\u00c4ntligen en cykelverkstad i <strong>Arboga<\/strong> igen! Denne <strong>Johan<\/strong> visste vad han skulle satsa p\u00e5! En mycket efterl\u00e4ngtad verkstad det har bloggaren f\u00f6rst\u00e5tt.<\/p>\n<p>Tack vare <strong>Fredrik Klevenhaus<\/strong> p\u00e5 Magazin24 fick bloggaren snabbt och l\u00e4tt \u00f6ppettiderna f\u00f6r verkstaden:<br \/>\n<strong>M\u00e5ndag-onsdag 10-13 och 15-17, torsdag &#8211; fredag 10-13.<\/p>\n<p>Invigningen \u00e4r nu p\u00e5 l\u00f6rdag den 22\/3 och d\u00e5 \u00e4r verkstaden \u00f6ppet 10.00-13.00!<\/strong><br \/>\n<strong>Arboga Cykelservice<\/strong> ligger i h\u00f6rnet <strong>Strandv\u00e4gen-Herrg\u00e5rdsgatan<\/strong> med ing\u00e5ng fr\u00e5n Strandv\u00e4gen! Mobilnumret dit \u00e4r <strong>0700-65 13 13<\/strong><br \/>\nL\u00e4s mer p\u00e5 Magazin24 genom att klicka <a href=\"http:\/\/magazin24.se\/nyheter\/arboga\/2014\/03\/20\/johan-far-snurr-pa-arboga\" target=\"_blank\"><strong>H\u00c4R!<\/strong><\/a><\/p>\n<p>Arboga Cykelservice&#8217;s hemsida hittar du <a href=\"http:\/\/arboga-cykelservice.se\/index.html\" target=\"_blank\"><strong>H\u00c4R!<\/strong><\/a><\/p>\n<p><a href=\"http:\/\/bblat.se\/nyheter\/arboga\" target=\"_blank\"><strong>Arboga Tidning<\/strong> <\/a>vill ju inte vara s\u00e4mre \u00e4n konkurrenten och dagens tidning ser f\u00f6ljaktligen ut s\u00e5 h\u00e4r! \ud83d\ude42 <a href=\"http:\/\/www.filindeblogg.nu\/wp-content\/uploads\/2014\/03\/066.jpg\"><img loading=\"lazy\" class=\"alignnone  wp-image-55467\" alt=\"066\" src=\"http:\/\/www.filindeblogg.nu\/wp-content\/uploads\/2014\/03\/066-225x300.jpg\" width=\"135\" height=\"180\" srcset=\"http:\/\/www.filindeblogg.nu\/wp-content\/uploads\/2014\/03\/066-225x300.jpg 225w, http:\/\/www.filindeblogg.nu\/wp-content\/uploads\/2014\/03\/066.jpg 450w\" sizes=\"(max-width: 135px) 100vw, 135px\" \/><\/a><\/p>\n<p><a href=\"http:\/\/www.filindeblogg.nu\/wp-content\/uploads\/2014\/03\/Sn\u00f6cykel.jpg\"><img loading=\"lazy\" class=\"alignnone size-full wp-image-55492\" alt=\"Sn\u00f6cykel\" src=\"http:\/\/www.filindeblogg.nu\/wp-content\/uploads\/2014\/03\/Sn\u00f6cykel.jpg\" width=\"143\" height=\"117\" \/><\/a>\u00a0Sen \u00e4r det kanske inte heller cykelv\u00e4der just nu men det kan bli! <strong>SMHI<\/strong> lovar s\u00e5 h\u00e4r f\u00f6r 10 dagar! <a href=\"http:\/\/www.filindeblogg.nu\/wp-content\/uploads\/2014\/03\/10dygnsprognos.jpg\"><img loading=\"lazy\" class=\"alignnone size-medium wp-image-55468\" alt=\"10dygnsprognos\" src=\"http:\/\/www.filindeblogg.nu\/wp-content\/uploads\/2014\/03\/10dygnsprognos-200x300.jpg\" width=\"200\" height=\"300\" srcset=\"http:\/\/www.filindeblogg.nu\/wp-content\/uploads\/2014\/03\/10dygnsprognos-200x300.jpg 200w, http:\/\/www.filindeblogg.nu\/wp-content\/uploads\/2014\/03\/10dygnsprognos.jpg 320w\" sizes=\"(max-width: 200px) 100vw, 200px\" \/><\/a><br \/>\nKanske dags att plocka fram cykeln i alla fall &#8211; eller \u00e5tminstone inspireras av den ny\u00f6ppnade verkstaden i Arboga p\u00e5 l\u00f6rdag!<\/p>\n<p>Tills v\u00e5ren \u00e4r h\u00e4r forts\u00e4tter dock Vilda<strong> Wilma<\/strong> att tryna vid elementet! \ud83d\ude00 <a href=\"http:\/\/www.filindeblogg.nu\/wp-content\/uploads\/2014\/03\/0126.jpg\"><img loading=\"lazy\" class=\"alignnone  wp-image-55470\" alt=\"012\" src=\"http:\/\/www.filindeblogg.nu\/wp-content\/uploads\/2014\/03\/0126-225x300.jpg\" width=\"135\" height=\"180\" srcset=\"http:\/\/www.filindeblogg.nu\/wp-content\/uploads\/2014\/03\/0126-225x300.jpg 225w, http:\/\/www.filindeblogg.nu\/wp-content\/uploads\/2014\/03\/0126.jpg 450w\" sizes=\"(max-width: 135px) 100vw, 135px\" \/><\/a> <strong>Curry<\/strong> kryper till korgs!! \ud83d\ude09 <a href=\"http:\/\/www.filindeblogg.nu\/wp-content\/uploads\/2014\/03\/0203.jpg\"><img loading=\"lazy\" class=\"alignnone  wp-image-55471\" alt=\"020\" src=\"http:\/\/www.filindeblogg.nu\/wp-content\/uploads\/2014\/03\/0203-300x225.jpg\" width=\"180\" height=\"135\" srcset=\"http:\/\/www.filindeblogg.nu\/wp-content\/uploads\/2014\/03\/0203-300x225.jpg 300w, http:\/\/www.filindeblogg.nu\/wp-content\/uploads\/2014\/03\/0203.jpg 600w\" sizes=\"(max-width: 180px) 100vw, 180px\" \/><\/a> Och <strong>Felix<\/strong> f\u00f6rstr\u00f6r tiden med att dricka vatten fr\u00e5n ett av sina olika vattenh\u00e5l i hemmet&#8230; \ud83d\ude00<br \/>\n<a href=\"http:\/\/www.filindeblogg.nu\/wp-content\/uploads\/2014\/03\/0641.jpg\"><img loading=\"lazy\" class=\"alignnone  wp-image-55472\" alt=\"064\" src=\"http:\/\/www.filindeblogg.nu\/wp-content\/uploads\/2014\/03\/0641-225x300.jpg\" width=\"135\" height=\"180\" srcset=\"http:\/\/www.filindeblogg.nu\/wp-content\/uploads\/2014\/03\/0641-225x300.jpg 225w, http:\/\/www.filindeblogg.nu\/wp-content\/uploads\/2014\/03\/0641.jpg 450w\" sizes=\"(max-width: 135px) 100vw, 135px\" \/><\/a> Varf\u00f6r dricka ur sk\u00e5len i k\u00f6ket?? <a href=\"http:\/\/www.filindeblogg.nu\/wp-content\/uploads\/2014\/03\/063.jpg\"><img loading=\"lazy\" class=\"alignnone  wp-image-55473\" alt=\"063\" src=\"http:\/\/www.filindeblogg.nu\/wp-content\/uploads\/2014\/03\/063-225x300.jpg\" width=\"135\" height=\"180\" srcset=\"http:\/\/www.filindeblogg.nu\/wp-content\/uploads\/2014\/03\/063-225x300.jpg 225w, http:\/\/www.filindeblogg.nu\/wp-content\/uploads\/2014\/03\/063.jpg 450w\" sizes=\"(max-width: 135px) 100vw, 135px\" \/><\/a><\/p>\n<p>Avslutar bloggen idag med n\u00e5gra frusna krokus. F\u00f6rhoppningsvis piggnar de till fram\u00e5t helgen! F\u00f6rhoppningsfull v\u00e5rdagj\u00e4mning p\u00e5 er! \ud83d\ude42<\/p>\n<p><a href=\"http:\/\/www.filindeblogg.nu\/wp-content\/uploads\/2014\/03\/069.jpg\"><img loading=\"lazy\" class=\"aligncenter size-medium wp-image-55476\" alt=\"069\" src=\"http:\/\/www.filindeblogg.nu\/wp-content\/uploads\/2014\/03\/069-300x225.jpg\" width=\"300\" height=\"225\" srcset=\"http:\/\/www.filindeblogg.nu\/wp-content\/uploads\/2014\/03\/069-300x225.jpg 300w, http:\/\/www.filindeblogg.nu\/wp-content\/uploads\/2014\/03\/069.jpg 600w\" sizes=\"(max-width: 300px) 100vw, 300px\" \/><\/a><\/p>\n<p>&nbsp;<\/p>\n<p>&nbsp;<\/p>\n<p>&nbsp;<\/p>\n<p>&nbsp;<\/p>\n<p>&nbsp;<\/p>\n<p>&nbsp;<\/p>\n<p>&nbsp;<\/p>\n<p>&nbsp;<\/p>\n<p>&nbsp;<\/p>\n<p>&nbsp;<\/p>\n<p>&nbsp;<\/p>\n<p>&nbsp;<\/p>\n","protected":false},"excerpt":{"rendered":"<p>Hej!! Men det borde st\u00e5 s\u00e5 h\u00e4r: Bloggaren menar f\u00f6rst\u00e5s v\u00e4dret&#8230; Som alla svenskar s\u00e5 ska det nu pratas extra mycket om v\u00e4dret! Och varf\u00f6r det? Jo, vi \u00e4r snuvade p\u00e5 v\u00e5ren! G\u00e5rdagen, 19 mars, b\u00f6rjade det sn\u00f6a rej\u00e4lt! P\u00e5passligt (?) hade Arboga Tidning en artikel om sommard\u00e4cksbyte i tidningen d\u00e5&#8230; &#8221;T\u00f6rs man byta d\u00e4ck [&hellip;]<\/p>\n","protected":false},"author":1,"featured_media":0,"comment_status":"open","ping_status":"open","sticky":false,"template":"","format":"standard","meta":[],"categories":[127,41,100,160,101],"tags":[],"_links":{"self":[{"href":"http:\/\/www.filindeblogg.nu\/index.php?rest_route=\/wp\/v2\/posts\/55447"}],"collection":[{"href":"http:\/\/www.filindeblogg.nu\/index.php?rest_route=\/wp\/v2\/posts"}],"about":[{"href":"http:\/\/www.filindeblogg.nu\/index.php?rest_route=\/wp\/v2\/types\/post"}],"author":[{"embeddable":true,"href":"http:\/\/www.filindeblogg.nu\/index.php?rest_route=\/wp\/v2\/users\/1"}],"replies":[{"embeddable":true,"href":"http:\/\/www.filindeblogg.nu\/index.php?rest_route=%2Fwp%2Fv2%2Fcomments&post=55447"}],"version-history":[{"count":25,"href":"http:\/\/www.filindeblogg.nu\/index.php?rest_route=\/wp\/v2\/posts\/55447\/revisions"}],"predecessor-version":[{"id":55502,"href":"http:\/\/www.filindeblogg.nu\/index.php?rest_route=\/wp\/v2\/posts\/55447\/revisions\/55502"}],"wp:attachment":[{"href":"http:\/\/www.filindeblogg.nu\/index.php?rest_route=%2Fwp%2Fv2%2Fmedia&parent=55447"}],"wp:term":[{"taxonomy":"category","embeddable":true,"href":"http:\/\/www.filindeblogg.nu\/index.php?rest_route=%2Fwp%2Fv2%2Fcategories&post=55447"},{"taxonomy":"post_tag","embeddable":true,"href":"http:\/\/www.filindeblogg.nu\/index.php?rest_route=%2Fwp%2Fv2%2Ftags&post=55447"}],"curies":[{"name":"wp","href":"https:\/\/api.w.org\/{rel}","templated":true}]}}