{"id":55414,"date":"2014-03-18T07:51:07","date_gmt":"2014-03-18T06:51:07","guid":{"rendered":"http:\/\/www.filindeblogg.nu\/?p=55414"},"modified":"2014-03-18T07:51:07","modified_gmt":"2014-03-18T06:51:07","slug":"udda-bilder-och-tankar","status":"publish","type":"post","link":"http:\/\/www.filindeblogg.nu\/?p=55414","title":{"rendered":"Udda bilder och tankar"},"content":{"rendered":"<p><a href=\"http:\/\/www.filindeblogg.nu\/wp-content\/uploads\/2014\/03\/0166.jpg\"><img loading=\"lazy\" class=\"alignnone size-medium wp-image-55415\" alt=\"016\" src=\"http:\/\/www.filindeblogg.nu\/wp-content\/uploads\/2014\/03\/0166-300x225.jpg\" width=\"300\" height=\"225\" srcset=\"http:\/\/www.filindeblogg.nu\/wp-content\/uploads\/2014\/03\/0166-300x225.jpg 300w, http:\/\/www.filindeblogg.nu\/wp-content\/uploads\/2014\/03\/0166.jpg 600w\" sizes=\"(max-width: 300px) 100vw, 300px\" \/><\/a> Bloggaren fotograferar V\u00c4LDIGT mycket och ibland blir det en del udda bilder som inte riktigt h\u00f6r hemma n\u00e5gonstans. F\u00f6r att det \u00e4r n\u00e5got vackert som bara m\u00e5ste fotograferas, eller n\u00e5gonting som blir annorlunda genom ett foto. D\u00e5 kan bloggaren v\u00e4ntat p\u00e5 r\u00e4tt tillf\u00e4llen f\u00f6r bilderna i fr\u00e5ga och f\u00f6rvarar d\u00e5 bilderna i en s\u00e4rskild fil.<\/p>\n<p>Fast ibland n\u00e4r dagarna \u00e4r fyllda med andra g\u00f6rom\u00e5len och en genomt\u00e4nkt blogg inte hinns med &#8211; d\u00e5 kan de udda bilderna f\u00e5 en chans &#8211; tillsammans.<\/p>\n<p>Fotograferandet stimulerar fantasin, ber\u00e4ttar historier &#8211; som den h\u00e4r: <a href=\"http:\/\/www.filindeblogg.nu\/wp-content\/uploads\/2014\/03\/Lite-av-en-gargoyle1.jpg\"><img loading=\"lazy\" class=\"alignnone size-full wp-image-55418\" alt=\"Lite av en gargoyle\" src=\"http:\/\/www.filindeblogg.nu\/wp-content\/uploads\/2014\/03\/Lite-av-en-gargoyle1.jpg\" width=\"162\" height=\"284\" \/><\/a>\u00a0 -Vad \u00e4r det?? En ledsen drake? En sorgsen gargoyle? Tankarna far iv\u00e4g till P<strong>aris<\/strong> och <strong>Notre Dame<\/strong>&#8230; <a href=\"http:\/\/www.filindeblogg.nu\/wp-content\/uploads\/2014\/03\/Tv\u00e5-gargoyles-i-Notre-Dame-26-juni-20121.jpg\"><img loading=\"lazy\" class=\"alignnone  wp-image-55420\" alt=\"Tv\u00e5 gargoyles i Notre Dame 26 juni 2012\" src=\"http:\/\/www.filindeblogg.nu\/wp-content\/uploads\/2014\/03\/Tv\u00e5-gargoyles-i-Notre-Dame-26-juni-20121-225x300.jpg\" width=\"135\" height=\"180\" srcset=\"http:\/\/www.filindeblogg.nu\/wp-content\/uploads\/2014\/03\/Tv\u00e5-gargoyles-i-Notre-Dame-26-juni-20121-225x300.jpg 225w, http:\/\/www.filindeblogg.nu\/wp-content\/uploads\/2014\/03\/Tv\u00e5-gargoyles-i-Notre-Dame-26-juni-20121.jpg 346w\" sizes=\"(max-width: 135px) 100vw, 135px\" \/><\/a> Bilden fr\u00e5n tornet i Notre Dame \u00e4r taget 26 juni 2012.<\/p>\n<p>Nej, den sorgsna gargoylen hemma hos bloggaren \u00e4r bara en del av utsirningen p\u00e5 huset som ska monteras tillbaka i sinom tid.<\/p>\n<p><a href=\"http:\/\/www.filindeblogg.nu\/wp-content\/uploads\/2014\/03\/0054.jpg\"><img loading=\"lazy\" class=\"alignnone  wp-image-55421\" alt=\"005\" src=\"http:\/\/www.filindeblogg.nu\/wp-content\/uploads\/2014\/03\/0054-225x300.jpg\" width=\"135\" height=\"180\" srcset=\"http:\/\/www.filindeblogg.nu\/wp-content\/uploads\/2014\/03\/0054-225x300.jpg 225w, http:\/\/www.filindeblogg.nu\/wp-content\/uploads\/2014\/03\/0054.jpg 450w\" sizes=\"(max-width: 135px) 100vw, 135px\" \/><\/a> Vilda Wilma blir ofta portr\u00e4tterad. Hon gillar kontakt! \u00c4lskar telefoner och svarar n\u00e4r det ringer (f\u00f6rs\u00f6ker i alla fall&#8230;) och kastar sig till d\u00f6rren n\u00e4r brevb\u00e4raren puttar in post! \ud83d\ude00 M\u00e5ste ju f\u00f6rst\u00e5s fotograferas&#8230; \u00c4ven det h\u00e4r: <a href=\"http:\/\/www.filindeblogg.nu\/wp-content\/uploads\/2014\/03\/0114.jpg\"><img loading=\"lazy\" class=\"alignnone  wp-image-55422\" alt=\"011\" src=\"http:\/\/www.filindeblogg.nu\/wp-content\/uploads\/2014\/03\/0114-225x300.jpg\" width=\"135\" height=\"180\" srcset=\"http:\/\/www.filindeblogg.nu\/wp-content\/uploads\/2014\/03\/0114-225x300.jpg 225w, http:\/\/www.filindeblogg.nu\/wp-content\/uploads\/2014\/03\/0114.jpg 450w\" sizes=\"(max-width: 135px) 100vw, 135px\" \/><\/a>\u00a0 Sm\u00e5 chanser n\u00e4r man leker kurrag\u00f6mma om man har en avsl\u00f6jande svans! \ud83d\ude00<\/p>\n<p>Lite politiska bilder ocks\u00e5 &#8211; tagna fr\u00e5n <strong>Facebook<\/strong> och <strong>Milj\u00f6partiet!<\/strong> S\u00c5 bra! <a href=\"http:\/\/www.filindeblogg.nu\/wp-content\/uploads\/2014\/03\/HE-can-do-it.jpg\"><img loading=\"lazy\" class=\"alignnone  wp-image-55423\" alt=\"HE can do it\" src=\"http:\/\/www.filindeblogg.nu\/wp-content\/uploads\/2014\/03\/HE-can-do-it.jpg\" width=\"169\" height=\"169\" srcset=\"http:\/\/www.filindeblogg.nu\/wp-content\/uploads\/2014\/03\/HE-can-do-it.jpg 282w, http:\/\/www.filindeblogg.nu\/wp-content\/uploads\/2014\/03\/HE-can-do-it-150x150.jpg 150w, http:\/\/www.filindeblogg.nu\/wp-content\/uploads\/2014\/03\/HE-can-do-it-144x144.jpg 144w\" sizes=\"(max-width: 169px) 100vw, 169px\" \/><\/a> <strong><em>He can do it!<\/em><\/strong> Sj\u00e4lvklart och det ska ses som ett l\u00f6fte och inte ett hot &#8211; f\u00f6rst\u00e5s! \ud83d\ude09<\/p>\n<p>H\u00e4r \u00e4nnu en lite udda bild som s\u00e4tter ig\u00e5ng fantasin: <a href=\"http:\/\/www.filindeblogg.nu\/wp-content\/uploads\/2014\/03\/0097.jpg\"><img loading=\"lazy\" class=\"alignnone  wp-image-55424\" alt=\"009\" src=\"http:\/\/www.filindeblogg.nu\/wp-content\/uploads\/2014\/03\/0097-300x225.jpg\" width=\"180\" height=\"135\" srcset=\"http:\/\/www.filindeblogg.nu\/wp-content\/uploads\/2014\/03\/0097-300x225.jpg 300w, http:\/\/www.filindeblogg.nu\/wp-content\/uploads\/2014\/03\/0097.jpg 600w\" sizes=\"(max-width: 180px) 100vw, 180px\" \/><\/a> Och vad \u00e4r det?<br \/>\nJo, det sista i botten p\u00e5 en mugg choklad med vispgr\u00e4dde! Dottern l\u00e4mnade det. Skulle aldrig bloggaren ha gjort. Det d\u00e4r sista \u00e4r ju n\u00e4stan godast! \ud83d\ude42<\/p>\n<p>Orkid\u00e9erna i f\u00f6nstret lockar till foton ocks\u00e5! <a href=\"http:\/\/www.filindeblogg.nu\/wp-content\/uploads\/2014\/03\/0035.jpg\"><img loading=\"lazy\" class=\"alignnone  wp-image-55425\" alt=\"003\" src=\"http:\/\/www.filindeblogg.nu\/wp-content\/uploads\/2014\/03\/0035-225x300.jpg\" width=\"135\" height=\"180\" srcset=\"http:\/\/www.filindeblogg.nu\/wp-content\/uploads\/2014\/03\/0035-225x300.jpg 225w, http:\/\/www.filindeblogg.nu\/wp-content\/uploads\/2014\/03\/0035.jpg 450w\" sizes=\"(max-width: 135px) 100vw, 135px\" \/><\/a> S\u00e5 vackra!<\/p>\n<p>Till sist en bild fr\u00e5n 7-tiden imorse. Efter en iskall morgon med tre minusgrader \u00e4r det ljuvligt att se solen stiga genom f\u00f6nstret p\u00e5 gl\u00e4nt!<\/p>\n<p><a href=\"http:\/\/www.filindeblogg.nu\/wp-content\/uploads\/2014\/03\/Sol-en-iskall-morgon-18-mars-2014.jpg\"><img loading=\"lazy\" class=\"aligncenter size-medium wp-image-55426\" alt=\"Sol en iskall morgon 18 mars 2014\" src=\"http:\/\/www.filindeblogg.nu\/wp-content\/uploads\/2014\/03\/Sol-en-iskall-morgon-18-mars-2014-225x300.jpg\" width=\"225\" height=\"300\" srcset=\"http:\/\/www.filindeblogg.nu\/wp-content\/uploads\/2014\/03\/Sol-en-iskall-morgon-18-mars-2014-225x300.jpg 225w, http:\/\/www.filindeblogg.nu\/wp-content\/uploads\/2014\/03\/Sol-en-iskall-morgon-18-mars-2014.jpg 308w\" sizes=\"(max-width: 225px) 100vw, 225px\" \/><\/a><\/p>\n<p>&nbsp;<\/p>\n","protected":false},"excerpt":{"rendered":"<p>Bloggaren fotograferar V\u00c4LDIGT mycket och ibland blir det en del udda bilder som inte riktigt h\u00f6r hemma n\u00e5gonstans. F\u00f6r att det \u00e4r n\u00e5got vackert som bara m\u00e5ste fotograferas, eller n\u00e5gonting som blir annorlunda genom ett foto. D\u00e5 kan bloggaren v\u00e4ntat p\u00e5 r\u00e4tt tillf\u00e4llen f\u00f6r bilderna i fr\u00e5ga och f\u00f6rvarar d\u00e5 bilderna i en s\u00e4rskild fil. [&hellip;]<\/p>\n","protected":false},"author":1,"featured_media":0,"comment_status":"open","ping_status":"open","sticky":false,"template":"","format":"standard","meta":[],"categories":[1,41,100,132,101],"tags":[],"_links":{"self":[{"href":"http:\/\/www.filindeblogg.nu\/index.php?rest_route=\/wp\/v2\/posts\/55414"}],"collection":[{"href":"http:\/\/www.filindeblogg.nu\/index.php?rest_route=\/wp\/v2\/posts"}],"about":[{"href":"http:\/\/www.filindeblogg.nu\/index.php?rest_route=\/wp\/v2\/types\/post"}],"author":[{"embeddable":true,"href":"http:\/\/www.filindeblogg.nu\/index.php?rest_route=\/wp\/v2\/users\/1"}],"replies":[{"embeddable":true,"href":"http:\/\/www.filindeblogg.nu\/index.php?rest_route=%2Fwp%2Fv2%2Fcomments&post=55414"}],"version-history":[{"count":3,"href":"http:\/\/www.filindeblogg.nu\/index.php?rest_route=\/wp\/v2\/posts\/55414\/revisions"}],"predecessor-version":[{"id":55429,"href":"http:\/\/www.filindeblogg.nu\/index.php?rest_route=\/wp\/v2\/posts\/55414\/revisions\/55429"}],"wp:attachment":[{"href":"http:\/\/www.filindeblogg.nu\/index.php?rest_route=%2Fwp%2Fv2%2Fmedia&parent=55414"}],"wp:term":[{"taxonomy":"category","embeddable":true,"href":"http:\/\/www.filindeblogg.nu\/index.php?rest_route=%2Fwp%2Fv2%2Fcategories&post=55414"},{"taxonomy":"post_tag","embeddable":true,"href":"http:\/\/www.filindeblogg.nu\/index.php?rest_route=%2Fwp%2Fv2%2Ftags&post=55414"}],"curies":[{"name":"wp","href":"https:\/\/api.w.org\/{rel}","templated":true}]}}