{"id":55330,"date":"2014-03-15T09:12:13","date_gmt":"2014-03-15T08:12:13","guid":{"rendered":"http:\/\/www.filindeblogg.nu\/?p=55330"},"modified":"2014-03-15T09:12:13","modified_gmt":"2014-03-15T08:12:13","slug":"det-har-flodet-saknar-innehall-och-huliganer","status":"publish","type":"post","link":"http:\/\/www.filindeblogg.nu\/?p=55330","title":{"rendered":"Det h\u00e4r fl\u00f6det saknar inneh\u00e5ll&#8230;och huliganer!"},"content":{"rendered":"<p><a href=\"http:\/\/www.filindeblogg.nu\/wp-content\/uploads\/2014\/03\/Det-h\u00e4r-fl\u00f6det-saknar-inneh\u00e5ll.png\"><img loading=\"lazy\" class=\"alignnone size-medium wp-image-55331\" alt=\"Det h\u00e4r fl\u00f6det saknar inneh\u00e5ll\" src=\"http:\/\/www.filindeblogg.nu\/wp-content\/uploads\/2014\/03\/Det-h\u00e4r-fl\u00f6det-saknar-inneh\u00e5ll-200x300.png\" width=\"200\" height=\"300\" srcset=\"http:\/\/www.filindeblogg.nu\/wp-content\/uploads\/2014\/03\/Det-h\u00e4r-fl\u00f6det-saknar-inneh\u00e5ll-200x300.png 200w, http:\/\/www.filindeblogg.nu\/wp-content\/uploads\/2014\/03\/Det-h\u00e4r-fl\u00f6det-saknar-inneh\u00e5ll.png 320w\" sizes=\"(max-width: 200px) 100vw, 200px\" \/><\/a> Tja, s\u00e5 kan man kanske k\u00e4nna \u00f6ver vissa inl\u00e4gg p\u00e5 <strong>Facebook<\/strong>. Och kanske inte bara d\u00e4r &#8211; kan nog h\u00e4nda att n\u00e5gon tycker s\u00e5 om denna blogg ocks\u00e5. \ud83d\ude09<\/p>\n<p>Idag k\u00e4nns det liiite som en dag d\u00e5 bloggen kan komma att sakna inneh\u00e5ll. Tankarna far runt p\u00e5 andra h\u00e5ll just nu f\u00f6r bloggaren. Men men, vi ska nog f\u00e5 till det idag ocks\u00e5! \ud83d\ude42<\/p>\n<p><a href=\"http:\/\/www.filindeblogg.nu\/wp-content\/uploads\/2014\/03\/Huliganer.jpg\"><img loading=\"lazy\" class=\"alignnone size-full wp-image-55332\" alt=\"Huliganer\" src=\"http:\/\/www.filindeblogg.nu\/wp-content\/uploads\/2014\/03\/Huliganer.jpg\" width=\"146\" height=\"105\" srcset=\"http:\/\/www.filindeblogg.nu\/wp-content\/uploads\/2014\/03\/Huliganer.jpg 146w, http:\/\/www.filindeblogg.nu\/wp-content\/uploads\/2014\/03\/Huliganer-144x105.jpg 144w\" sizes=\"(max-width: 146px) 100vw, 146px\" \/><\/a> I morse funderade vi p\u00e5 om <strong>Glasbl\u00e5sarg\u00e5rden<\/strong> m\u00f6jligen f\u00e5tt p\u00e5h\u00e4lsning av huliganer! S\u00e5 h\u00e4r s\u00e5g det ut genom regnv\u00e5ta f\u00f6nster: <a href=\"http:\/\/www.filindeblogg.nu\/wp-content\/uploads\/2014\/03\/Huliganer-1.jpg\"><img loading=\"lazy\" class=\"alignnone  wp-image-55333\" alt=\"Huliganer 1\" src=\"http:\/\/www.filindeblogg.nu\/wp-content\/uploads\/2014\/03\/Huliganer-1-225x300.jpg\" width=\"135\" height=\"180\" srcset=\"http:\/\/www.filindeblogg.nu\/wp-content\/uploads\/2014\/03\/Huliganer-1-225x300.jpg 225w, http:\/\/www.filindeblogg.nu\/wp-content\/uploads\/2014\/03\/Huliganer-1.jpg 231w\" sizes=\"(max-width: 135px) 100vw, 135px\" \/><\/a> N\u00e5gon verkar ha g\u00e5tt b\u00e4rs\u00e4rkag\u00e5ng!<br \/>\nOch stolar fl\u00f6g fortfarande! <a href=\"http:\/\/www.filindeblogg.nu\/wp-content\/uploads\/2014\/03\/Huliganer-2.jpg\"><img loading=\"lazy\" class=\"alignnone  wp-image-55334\" alt=\"Huliganer 2\" src=\"http:\/\/www.filindeblogg.nu\/wp-content\/uploads\/2014\/03\/Huliganer-2-225x300.jpg\" width=\"135\" height=\"180\" srcset=\"http:\/\/www.filindeblogg.nu\/wp-content\/uploads\/2014\/03\/Huliganer-2-225x300.jpg 225w, http:\/\/www.filindeblogg.nu\/wp-content\/uploads\/2014\/03\/Huliganer-2.jpg 231w\" sizes=\"(max-width: 135px) 100vw, 135px\" \/><\/a><\/p>\n<p><a href=\"http:\/\/www.filindeblogg.nu\/wp-content\/uploads\/2014\/03\/Kastvind.jpg\"><img loading=\"lazy\" class=\"alignnone size-full wp-image-55335\" alt=\"Kastvind\" src=\"http:\/\/www.filindeblogg.nu\/wp-content\/uploads\/2014\/03\/Kastvind.jpg\" width=\"89\" height=\"58\" \/><\/a>\u00a0Men lugn &#8211; det \u00e4r bara <strong>stormen Carl<\/strong> som h\u00e4lsar p\u00e5<a href=\"http:\/\/www.expressen.se\/vadernytt\/smhi-klass-2-varnar-for-regn-och-snofall\/\" target=\"_blank\">! <\/a><\/p>\n<p><a href=\"http:\/\/www.filindeblogg.nu\/wp-content\/uploads\/2014\/03\/0095.jpg\"><img loading=\"lazy\" class=\"alignnone  wp-image-55336\" alt=\"009\" src=\"http:\/\/www.filindeblogg.nu\/wp-content\/uploads\/2014\/03\/0095-300x225.jpg\" width=\"180\" height=\"135\" srcset=\"http:\/\/www.filindeblogg.nu\/wp-content\/uploads\/2014\/03\/0095-300x225.jpg 300w, http:\/\/www.filindeblogg.nu\/wp-content\/uploads\/2014\/03\/0095.jpg 600w\" sizes=\"(max-width: 180px) 100vw, 180px\" \/><\/a> Sol nu i alla fall &#8211;<br \/>\nmen vinden sliter i vimpeln! <a href=\"http:\/\/www.filindeblogg.nu\/wp-content\/uploads\/2014\/03\/0104.jpg\"><img loading=\"lazy\" class=\"alignnone  wp-image-55337\" alt=\"010\" src=\"http:\/\/www.filindeblogg.nu\/wp-content\/uploads\/2014\/03\/0104-225x300.jpg\" width=\"135\" height=\"180\" srcset=\"http:\/\/www.filindeblogg.nu\/wp-content\/uploads\/2014\/03\/0104-225x300.jpg 225w, http:\/\/www.filindeblogg.nu\/wp-content\/uploads\/2014\/03\/0104.jpg 450w\" sizes=\"(max-width: 135px) 100vw, 135px\" \/><\/a> N\u00e4r vimpeln kommer upp &#8211; d\u00e5 \u00e4r det v\u00e5r, tycker bloggaren! Vimpel h\u00f6r v\u00e5r och sommar till! \ud83d\ude42<\/p>\n<p>Idag blir det f\u00f6delsedagsfirande! <a href=\"http:\/\/www.filindeblogg.nu\/wp-content\/uploads\/2014\/03\/0132.jpg\"><img loading=\"lazy\" class=\"alignnone  wp-image-55338\" alt=\"013\" src=\"http:\/\/www.filindeblogg.nu\/wp-content\/uploads\/2014\/03\/0132-300x227.jpg\" width=\"180\" height=\"136\" srcset=\"http:\/\/www.filindeblogg.nu\/wp-content\/uploads\/2014\/03\/0132-300x227.jpg 300w, http:\/\/www.filindeblogg.nu\/wp-content\/uploads\/2014\/03\/0132.jpg 584w\" sizes=\"(max-width: 180px) 100vw, 180px\" \/><\/a> Dottern firar i tv\u00e5 dar! Ja, det kanske blir fler! \ud83d\ude00<\/p>\n<p>Avslutar med bilder som kunde ha varit t\u00e4nkt som middag f\u00f6r dottern &#8211; men s\u00e5 \u00e4r det inte! Denna sushi var inte s\u00e4rskilt god, tyv\u00e4rr. <a href=\"http:\/\/www.filindeblogg.nu\/wp-content\/uploads\/2014\/03\/Sushi-a-la-Konsum.jpg\"><img loading=\"lazy\" class=\"alignnone  wp-image-55339\" alt=\"Sushi a la Konsum\" src=\"http:\/\/www.filindeblogg.nu\/wp-content\/uploads\/2014\/03\/Sushi-a-la-Konsum-225x300.jpg\" width=\"135\" height=\"180\" srcset=\"http:\/\/www.filindeblogg.nu\/wp-content\/uploads\/2014\/03\/Sushi-a-la-Konsum-225x300.jpg 225w, http:\/\/www.filindeblogg.nu\/wp-content\/uploads\/2014\/03\/Sushi-a-la-Konsum.jpg 308w\" sizes=\"(max-width: 135px) 100vw, 135px\" \/><\/a> K\u00f6pt p\u00e5 ett varuhus n\u00e4ra dig. Dottern f\u00e5r n\u00f6ja sig med en r\u00e4kafton hos modern och v\u00e4nta p\u00e5 riktig japansk sushi vid n\u00e4sta bes\u00f6k i \u65e5\u672c.<\/p>\n<p style=\"text-align: center;\"><a href=\"http:\/\/www.filindeblogg.nu\/wp-content\/uploads\/2014\/03\/Japansk-mat-som-dottern-gillar-det.jpg\"><img loading=\"lazy\" class=\"aligncenter size-medium wp-image-55340\" alt=\"KONICA MINOLTA DIGITAL CAMERA\" src=\"http:\/\/www.filindeblogg.nu\/wp-content\/uploads\/2014\/03\/Japansk-mat-som-dottern-gillar-det-300x225.jpg\" width=\"300\" height=\"225\" srcset=\"http:\/\/www.filindeblogg.nu\/wp-content\/uploads\/2014\/03\/Japansk-mat-som-dottern-gillar-det-300x225.jpg 300w, http:\/\/www.filindeblogg.nu\/wp-content\/uploads\/2014\/03\/Japansk-mat-som-dottern-gillar-det.jpg 360w\" sizes=\"(max-width: 300px) 100vw, 300px\" \/><\/a>Sushi i Japan!<\/p>\n<p>&nbsp;<\/p>\n<p>&nbsp;<\/p>\n","protected":false},"excerpt":{"rendered":"<p>Tja, s\u00e5 kan man kanske k\u00e4nna \u00f6ver vissa inl\u00e4gg p\u00e5 Facebook. Och kanske inte bara d\u00e4r &#8211; kan nog h\u00e4nda att n\u00e5gon tycker s\u00e5 om denna blogg ocks\u00e5. \ud83d\ude09 Idag k\u00e4nns det liiite som en dag d\u00e5 bloggen kan komma att sakna inneh\u00e5ll. Tankarna far runt p\u00e5 andra h\u00e5ll just nu f\u00f6r bloggaren. Men men, [&hellip;]<\/p>\n","protected":false},"author":1,"featured_media":0,"comment_status":"open","ping_status":"open","sticky":false,"template":"","format":"standard","meta":[],"categories":[100,145,101],"tags":[],"_links":{"self":[{"href":"http:\/\/www.filindeblogg.nu\/index.php?rest_route=\/wp\/v2\/posts\/55330"}],"collection":[{"href":"http:\/\/www.filindeblogg.nu\/index.php?rest_route=\/wp\/v2\/posts"}],"about":[{"href":"http:\/\/www.filindeblogg.nu\/index.php?rest_route=\/wp\/v2\/types\/post"}],"author":[{"embeddable":true,"href":"http:\/\/www.filindeblogg.nu\/index.php?rest_route=\/wp\/v2\/users\/1"}],"replies":[{"embeddable":true,"href":"http:\/\/www.filindeblogg.nu\/index.php?rest_route=%2Fwp%2Fv2%2Fcomments&post=55330"}],"version-history":[{"count":5,"href":"http:\/\/www.filindeblogg.nu\/index.php?rest_route=\/wp\/v2\/posts\/55330\/revisions"}],"predecessor-version":[{"id":55345,"href":"http:\/\/www.filindeblogg.nu\/index.php?rest_route=\/wp\/v2\/posts\/55330\/revisions\/55345"}],"wp:attachment":[{"href":"http:\/\/www.filindeblogg.nu\/index.php?rest_route=%2Fwp%2Fv2%2Fmedia&parent=55330"}],"wp:term":[{"taxonomy":"category","embeddable":true,"href":"http:\/\/www.filindeblogg.nu\/index.php?rest_route=%2Fwp%2Fv2%2Fcategories&post=55330"},{"taxonomy":"post_tag","embeddable":true,"href":"http:\/\/www.filindeblogg.nu\/index.php?rest_route=%2Fwp%2Fv2%2Ftags&post=55330"}],"curies":[{"name":"wp","href":"https:\/\/api.w.org\/{rel}","templated":true}]}}