{"id":55309,"date":"2014-03-14T09:13:34","date_gmt":"2014-03-14T08:13:34","guid":{"rendered":"http:\/\/www.filindeblogg.nu\/?p=55309"},"modified":"2014-03-14T09:13:34","modified_gmt":"2014-03-14T08:13:34","slug":"140314-och-ystadsmodellen","status":"publish","type":"post","link":"http:\/\/www.filindeblogg.nu\/?p=55309","title":{"rendered":"140314 och Ystadsmodellen"},"content":{"rendered":"<p><a href=\"http:\/\/www.filindeblogg.nu\/wp-content\/uploads\/2014\/03\/140314.jpg\"><img loading=\"lazy\" class=\"alignnone size-medium wp-image-55310\" alt=\"140314\" src=\"http:\/\/www.filindeblogg.nu\/wp-content\/uploads\/2014\/03\/140314-300x157.jpg\" width=\"300\" height=\"157\" srcset=\"http:\/\/www.filindeblogg.nu\/wp-content\/uploads\/2014\/03\/140314-300x157.jpg 300w, http:\/\/www.filindeblogg.nu\/wp-content\/uploads\/2014\/03\/140314.jpg 426w\" sizes=\"(max-width: 300px) 100vw, 300px\" \/><\/a> 140314 &#8211; 14 mars 14<\/p>\n<p>N\u00e5gra siffror bara &#8211; precis som \u00e5lder. Samtidigt viktigt. Inte bara vad g\u00e4ller folkbokf\u00f6ring och annat &#8211; utan f\u00f6r minnena!<\/p>\n<p><a href=\"http:\/\/www.filindeblogg.nu\/wp-content\/uploads\/2014\/03\/0103.jpg\"><img loading=\"lazy\" class=\"alignnone size-medium wp-image-55311\" alt=\"010\" src=\"http:\/\/www.filindeblogg.nu\/wp-content\/uploads\/2014\/03\/0103-225x300.jpg\" width=\"225\" height=\"300\" srcset=\"http:\/\/www.filindeblogg.nu\/wp-content\/uploads\/2014\/03\/0103-225x300.jpg 225w, http:\/\/www.filindeblogg.nu\/wp-content\/uploads\/2014\/03\/0103.jpg 450w\" sizes=\"(max-width: 225px) 100vw, 225px\" \/><\/a> Idag har bloggaren hissat flaggan. Solen skiner och minnena g\u00e5r tillbaka till en morgon f\u00f6r flera \u00e5r sedan.<\/p>\n<p>Kv\u00e4llen innan s\u00e5g bloggaren ut s\u00e5 h\u00e4r! <a href=\"http:\/\/www.filindeblogg.nu\/wp-content\/uploads\/2014\/03\/0184.jpg\"><img loading=\"lazy\" class=\"alignnone  wp-image-55312\" alt=\"018\" src=\"http:\/\/www.filindeblogg.nu\/wp-content\/uploads\/2014\/03\/0184-225x300.jpg\" width=\"135\" height=\"180\" srcset=\"http:\/\/www.filindeblogg.nu\/wp-content\/uploads\/2014\/03\/0184-225x300.jpg 225w, http:\/\/www.filindeblogg.nu\/wp-content\/uploads\/2014\/03\/0184.jpg 450w\" sizes=\"(max-width: 135px) 100vw, 135px\" \/><\/a> Stor och frodig med ett litet barn i magen!\u00a0<a href=\"http:\/\/www.filindeblogg.nu\/wp-content\/uploads\/2014\/03\/0191.jpg\"><img loading=\"lazy\" class=\"alignnone  wp-image-55315\" alt=\"019\" src=\"http:\/\/www.filindeblogg.nu\/wp-content\/uploads\/2014\/03\/0191-225x300.jpg\" width=\"135\" height=\"180\" srcset=\"http:\/\/www.filindeblogg.nu\/wp-content\/uploads\/2014\/03\/0191-225x300.jpg 225w, http:\/\/www.filindeblogg.nu\/wp-content\/uploads\/2014\/03\/0191.jpg 450w\" sizes=\"(max-width: 135px) 100vw, 135px\" \/><\/a> Men efter bara n\u00e5gra timmar p\u00e5<strong> K\u00f6pings BB<\/strong> f\u00f6ddes en liten flicka, en efterl\u00e4ngtad dotter och en syster till storebr\u00f6derna d\u00e4r hemma.<\/p>\n<p>S\u00e5 sj\u00e4lvklart \u00e4r siffrorna 140314 viktiga! <a href=\"http:\/\/www.filindeblogg.nu\/wp-content\/uploads\/2014\/03\/0232.jpg\"><img loading=\"lazy\" class=\"alignnone  wp-image-55314\" alt=\"023\" src=\"http:\/\/www.filindeblogg.nu\/wp-content\/uploads\/2014\/03\/0232-225x300.jpg\" width=\"135\" height=\"180\" srcset=\"http:\/\/www.filindeblogg.nu\/wp-content\/uploads\/2014\/03\/0232-225x300.jpg 225w, http:\/\/www.filindeblogg.nu\/wp-content\/uploads\/2014\/03\/0232.jpg 450w\" sizes=\"(max-width: 135px) 100vw, 135px\" \/><\/a> D\u00e4rf\u00f6r pyntas det med ballonger och serpentiner trots att dottern flyttat hemifr\u00e5n. Bloggaren vet dock att hon dyker upp imorgon! \ud83d\ude42<\/p>\n<p><img loading=\"lazy\" class=\"wp-image-55313 aligncenter\" alt=\"020\" src=\"http:\/\/www.filindeblogg.nu\/wp-content\/uploads\/2014\/03\/0201-300x225.jpg\" width=\"180\" height=\"135\" srcset=\"http:\/\/www.filindeblogg.nu\/wp-content\/uploads\/2014\/03\/0201-300x225.jpg 300w, http:\/\/www.filindeblogg.nu\/wp-content\/uploads\/2014\/03\/0201.jpg 600w\" sizes=\"(max-width: 180px) 100vw, 180px\" \/><\/p>\n<p>T\u00e4nk s\u00e5 annorlunda det \u00e4r idag n\u00e4r barn f\u00f6ds. Lika stressigt och tidspressat som i samh\u00e4llet i \u00f6vrigt. P\u00e5 bloggarens tid fanns ett BB i K\u00f6ping. Och inte vilket BB som helst utan en f\u00f6rlossningsavdelning inspirerad av bland andra barnmorskan <strong>Signe Jansson<\/strong> och den s\u00e5 kallade <strong>Ystadsmodellen<\/strong>.<br \/>\nCitat fr\u00e5n n\u00e4tet: <em>&#8221;Signe Jansson introducerade andnings- och avslappningsteknik under f\u00f6rlossningen, och hon pl\u00e4derade f\u00f6r ett &#8221;mjukt&#8221; omh\u00e4ndertagande av mor och barn. Hon kallade tekniken &#8221;hemf\u00f6rlossning p\u00e5 sjukhus&#8221;, och den innebar bl.a. att kvinnan med hj\u00e4lp och st\u00f6d av barnmorskan tog aktivt ansvar och del i sin f\u00f6rlossning.&#8221;<\/em><\/p>\n<p><a href=\"http:\/\/www.filindeblogg.nu\/wp-content\/uploads\/2014\/03\/Signe-Jansson-1975.jpg\"><img loading=\"lazy\" class=\"alignnone  wp-image-55316\" alt=\"Signe Jansson 1975\" src=\"http:\/\/www.filindeblogg.nu\/wp-content\/uploads\/2014\/03\/Signe-Jansson-1975-215x300.jpg\" width=\"129\" height=\"180\" srcset=\"http:\/\/www.filindeblogg.nu\/wp-content\/uploads\/2014\/03\/Signe-Jansson-1975-215x300.jpg 215w, http:\/\/www.filindeblogg.nu\/wp-content\/uploads\/2014\/03\/Signe-Jansson-1975.jpg 430w\" sizes=\"(max-width: 129px) 100vw, 129px\" \/><\/a>\u00a0Ytterligare citat: <em>&#8221;Nydanande barnmorska, 1937-1993. Som barnmorska i Ystad revolutionerade hon synen p\u00e5 barnaf\u00f6dandet. L\u00e4rde ut vikten av profylax och gjorde pappan till en sj\u00e4lvklart n\u00e4rvarande n\u00e4r en ny liten m\u00e4nniska kom till v\u00e4rlden. Den s\u00e5 kallade Ystadsmodellen blev en f\u00f6rebild i hela landet och \u00e4ven i andra nordiska l\u00e4nder tog man efter Signes metoder.\u201d<\/em><\/p>\n<p><a href=\"http:\/\/www.filindeblogg.nu\/wp-content\/uploads\/2014\/03\/Gravid.jpg\"><img loading=\"lazy\" class=\"alignnone size-full wp-image-55319\" alt=\"Gravid\" src=\"http:\/\/www.filindeblogg.nu\/wp-content\/uploads\/2014\/03\/Gravid.jpg\" width=\"150\" height=\"100\" \/><\/a> Bloggaren f\u00f6dde alla sina tre barn p\u00e5 det vis som Signe Jansson f\u00f6respr\u00e5kade. K\u00f6pings BB blev popul\u00e4rt och m\u00e5nga mammor s\u00f6kte sig dit fr\u00e5n andra delar av <strong>Sverige<\/strong> f\u00f6r att f\u00f6da sinabarn.<\/p>\n<p><a href=\"http:\/\/www.filindeblogg.nu\/wp-content\/uploads\/2014\/03\/Baby.jpg\"><img loading=\"lazy\" class=\"alignnone size-full wp-image-55318\" alt=\"Baby\" src=\"http:\/\/www.filindeblogg.nu\/wp-content\/uploads\/2014\/03\/Baby.jpg\" width=\"125\" height=\"51\" \/><\/a> En av de viktiga inslagen d\u00e5 var att mamman fick stanna hur l\u00e4nge hon ville p\u00e5 BB. Ingen stress! Bloggaren valde att vara kvar en hel vecka \u00e4ven med tredje barnet. F\u00f6r att l\u00e4ra k\u00e4nna sitt barn, f\u00e5 ig\u00e5ng mj\u00f6lken och komma igen s\u00e5v\u00e4l fysiskt som psykiskt efter den omv\u00e4lvande h\u00e4ndelsen.<br \/>\nMed f\u00f6rsta barnen var det otroligt viktigt! Att under en vecka tillsammans med andra mammor l\u00e4ra sig att ta hand om sitt barn! En fantastisk tid och en v\u00e4ldigt kvinnlig s\u00e5dan.<\/p>\n<p>Citaten om Signe Jansson \u00e4r h\u00e4mtade<a href=\"http:\/\/erikssonskultursidor.wordpress.com\/tag\/ystads-bb\/\" target=\"_blank\"><strong> H\u00c4R<\/strong> <\/a>och <strong><a href=\"http:\/\/www.medicinhistoriskasyd.se\/bildspel\/Lazarett\/Lazarett_set01.06.04.html\" target=\"_blank\">H\u00c4R<\/a><\/strong>!<\/p>\n<p><strong><a href=\"http:\/\/www.filindeblogg.nu\/wp-content\/uploads\/2014\/03\/Gudrun-f\u00f6der-sitt-barn.jpg\"><img loading=\"lazy\" class=\"alignnone size-full wp-image-55317\" alt=\"Gudrun f\u00f6der sitt barn\" src=\"http:\/\/www.filindeblogg.nu\/wp-content\/uploads\/2014\/03\/Gudrun-f\u00f6der-sitt-barn.jpg\" width=\"120\" height=\"90\" \/><\/a>\u00a0Gudrun Schyman<\/strong> f\u00f6dde sitt f\u00f6rsta barn tillsammans med sin man och bland andra barnmorskan Signe Jansson. De spelade in en film om <em>&#8221;mjuk f\u00f6rlossning&#8221;<\/em> som finns p\u00e5 Filmarkivet <a href=\"http:\/\/www.filmarkivet.se\/sv\/Film\/?movieid=605\" target=\"_blank\"><strong>H\u00c4R<\/strong><\/a>! En underbar film! <strong>Duktiga, modiga Gudrun!!<\/strong><\/p>\n<p><a href=\"http:\/\/www.filindeblogg.nu\/wp-content\/uploads\/2014\/03\/0094.jpg\"><img loading=\"lazy\" class=\"alignnone  wp-image-55321\" alt=\"009\" src=\"http:\/\/www.filindeblogg.nu\/wp-content\/uploads\/2014\/03\/0094-300x225.jpg\" width=\"180\" height=\"135\" srcset=\"http:\/\/www.filindeblogg.nu\/wp-content\/uploads\/2014\/03\/0094-300x225.jpg 300w, http:\/\/www.filindeblogg.nu\/wp-content\/uploads\/2014\/03\/0094.jpg 600w\" sizes=\"(max-width: 180px) 100vw, 180px\" \/><\/a>\u00a0Fram f\u00f6r mjukare f\u00f6rlossning och mer flexibilitet och tid n\u00e4r barn ska komma till v\u00e4rlden! <a href=\"http:\/\/www.filindeblogg.nu\/wp-content\/uploads\/2014\/03\/0014.jpg\"><img loading=\"lazy\" class=\"alignnone  wp-image-55320\" alt=\"001\" src=\"http:\/\/www.filindeblogg.nu\/wp-content\/uploads\/2014\/03\/0014-300x225.jpg\" width=\"180\" height=\"135\" srcset=\"http:\/\/www.filindeblogg.nu\/wp-content\/uploads\/2014\/03\/0014-300x225.jpg 300w, http:\/\/www.filindeblogg.nu\/wp-content\/uploads\/2014\/03\/0014.jpg 600w\" sizes=\"(max-width: 180px) 100vw, 180px\" \/><\/a><\/p>\n<p style=\"text-align: center;\"><strong>Grattis \u00e4lskade dotter p\u00e5 f\u00f6delsedagen! Tack f\u00f6r att du kom!<\/strong><\/p>\n<p><a href=\"http:\/\/www.filindeblogg.nu\/wp-content\/uploads\/2014\/03\/Rosor-till-Lovisa-p\u00e5-f\u00f6delsedagen.jpg\"><img loading=\"lazy\" class=\"aligncenter size-full wp-image-55322\" alt=\"Rosor till Lovisa p\u00e5 f\u00f6delsedagen\" src=\"http:\/\/www.filindeblogg.nu\/wp-content\/uploads\/2014\/03\/Rosor-till-Lovisa-p\u00e5-f\u00f6delsedagen.jpg\" width=\"145\" height=\"145\" srcset=\"http:\/\/www.filindeblogg.nu\/wp-content\/uploads\/2014\/03\/Rosor-till-Lovisa-p\u00e5-f\u00f6delsedagen.jpg 145w, http:\/\/www.filindeblogg.nu\/wp-content\/uploads\/2014\/03\/Rosor-till-Lovisa-p\u00e5-f\u00f6delsedagen-144x144.jpg 144w\" sizes=\"(max-width: 145px) 100vw, 145px\" \/><\/a><\/p>\n<p>&nbsp;<\/p>\n<p>&nbsp;<\/p>\n","protected":false},"excerpt":{"rendered":"<p>140314 &#8211; 14 mars 14 N\u00e5gra siffror bara &#8211; precis som \u00e5lder. Samtidigt viktigt. Inte bara vad g\u00e4ller folkbokf\u00f6ring och annat &#8211; utan f\u00f6r minnena! Idag har bloggaren hissat flaggan. Solen skiner och minnena g\u00e5r tillbaka till en morgon f\u00f6r flera \u00e5r sedan. Kv\u00e4llen innan s\u00e5g bloggaren ut s\u00e5 h\u00e4r! Stor och frodig med ett [&hellip;]<\/p>\n","protected":false},"author":1,"featured_media":0,"comment_status":"open","ping_status":"open","sticky":false,"template":"","format":"standard","meta":[],"categories":[161,100,132,151,140,101],"tags":[],"_links":{"self":[{"href":"http:\/\/www.filindeblogg.nu\/index.php?rest_route=\/wp\/v2\/posts\/55309"}],"collection":[{"href":"http:\/\/www.filindeblogg.nu\/index.php?rest_route=\/wp\/v2\/posts"}],"about":[{"href":"http:\/\/www.filindeblogg.nu\/index.php?rest_route=\/wp\/v2\/types\/post"}],"author":[{"embeddable":true,"href":"http:\/\/www.filindeblogg.nu\/index.php?rest_route=\/wp\/v2\/users\/1"}],"replies":[{"embeddable":true,"href":"http:\/\/www.filindeblogg.nu\/index.php?rest_route=%2Fwp%2Fv2%2Fcomments&post=55309"}],"version-history":[{"count":7,"href":"http:\/\/www.filindeblogg.nu\/index.php?rest_route=\/wp\/v2\/posts\/55309\/revisions"}],"predecessor-version":[{"id":55329,"href":"http:\/\/www.filindeblogg.nu\/index.php?rest_route=\/wp\/v2\/posts\/55309\/revisions\/55329"}],"wp:attachment":[{"href":"http:\/\/www.filindeblogg.nu\/index.php?rest_route=%2Fwp%2Fv2%2Fmedia&parent=55309"}],"wp:term":[{"taxonomy":"category","embeddable":true,"href":"http:\/\/www.filindeblogg.nu\/index.php?rest_route=%2Fwp%2Fv2%2Fcategories&post=55309"},{"taxonomy":"post_tag","embeddable":true,"href":"http:\/\/www.filindeblogg.nu\/index.php?rest_route=%2Fwp%2Fv2%2Ftags&post=55309"}],"curies":[{"name":"wp","href":"https:\/\/api.w.org\/{rel}","templated":true}]}}