{"id":54988,"date":"2014-03-01T12:42:12","date_gmt":"2014-03-01T11:42:12","guid":{"rendered":"http:\/\/www.filindeblogg.nu\/?p=54988"},"modified":"2014-03-01T12:42:12","modified_gmt":"2014-03-01T11:42:12","slug":"seeeg-lordag","status":"publish","type":"post","link":"http:\/\/www.filindeblogg.nu\/?p=54988","title":{"rendered":"Seeeg l\u00f6rdag&#8230;"},"content":{"rendered":"<p><a href=\"http:\/\/www.filindeblogg.nu\/wp-content\/uploads\/2014\/03\/002.jpg\"><img loading=\"lazy\" class=\"alignnone  wp-image-54989\" alt=\"002\" src=\"http:\/\/www.filindeblogg.nu\/wp-content\/uploads\/2014\/03\/002-300x225.jpg\" width=\"180\" height=\"135\" srcset=\"http:\/\/www.filindeblogg.nu\/wp-content\/uploads\/2014\/03\/002-300x225.jpg 300w, http:\/\/www.filindeblogg.nu\/wp-content\/uploads\/2014\/03\/002.jpg 600w\" sizes=\"(max-width: 180px) 100vw, 180px\" \/><\/a> S\u00c5 seeeg l\u00f6rdag! <a href=\"http:\/\/www.filindeblogg.nu\/wp-content\/uploads\/2014\/03\/001.jpg\"><img loading=\"lazy\" class=\"alignnone  wp-image-54990\" alt=\"001\" src=\"http:\/\/www.filindeblogg.nu\/wp-content\/uploads\/2014\/03\/001-300x225.jpg\" width=\"180\" height=\"135\" srcset=\"http:\/\/www.filindeblogg.nu\/wp-content\/uploads\/2014\/03\/001-300x225.jpg 300w, http:\/\/www.filindeblogg.nu\/wp-content\/uploads\/2014\/03\/001.jpg 600w\" sizes=\"(max-width: 180px) 100vw, 180px\" \/><\/a><\/p>\n<p>V\u00e4dret \u00e4r gr\u00e5tt och det sm\u00e5regnar. <a href=\"http:\/\/www.filindeblogg.nu\/wp-content\/uploads\/2014\/03\/003.jpg\"><img loading=\"lazy\" class=\"alignnone  wp-image-54991\" alt=\"003\" src=\"http:\/\/www.filindeblogg.nu\/wp-content\/uploads\/2014\/03\/003-300x225.jpg\" width=\"180\" height=\"135\" srcset=\"http:\/\/www.filindeblogg.nu\/wp-content\/uploads\/2014\/03\/003-300x225.jpg 300w, http:\/\/www.filindeblogg.nu\/wp-content\/uploads\/2014\/03\/003.jpg 600w\" sizes=\"(max-width: 180px) 100vw, 180px\" \/><\/a><br \/>\nEn gr\u00e5 promenad. <a href=\"http:\/\/www.filindeblogg.nu\/wp-content\/uploads\/2014\/03\/004.jpg\"><img loading=\"lazy\" class=\"alignnone  wp-image-54992\" alt=\"004\" src=\"http:\/\/www.filindeblogg.nu\/wp-content\/uploads\/2014\/03\/004-300x225.jpg\" width=\"180\" height=\"135\" srcset=\"http:\/\/www.filindeblogg.nu\/wp-content\/uploads\/2014\/03\/004-300x225.jpg 300w, http:\/\/www.filindeblogg.nu\/wp-content\/uploads\/2014\/03\/004.jpg 600w\" sizes=\"(max-width: 180px) 100vw, 180px\" \/><\/a><\/p>\n<p>Gr\u00e5 gata n\u00e4r sn\u00f6n f\u00f6rsvinner. <a href=\"http:\/\/www.filindeblogg.nu\/wp-content\/uploads\/2014\/03\/005.jpg\"><img loading=\"lazy\" class=\"alignnone  wp-image-54993\" alt=\"005\" src=\"http:\/\/www.filindeblogg.nu\/wp-content\/uploads\/2014\/03\/005-300x225.jpg\" width=\"180\" height=\"135\" srcset=\"http:\/\/www.filindeblogg.nu\/wp-content\/uploads\/2014\/03\/005-300x225.jpg 300w, http:\/\/www.filindeblogg.nu\/wp-content\/uploads\/2014\/03\/005.jpg 600w\" sizes=\"(max-width: 180px) 100vw, 180px\" \/><\/a><br \/>\nGr\u00e5 g\u00e5rd och den sista smutsgr\u00e5 sn\u00f6drivan. <a href=\"http:\/\/www.filindeblogg.nu\/wp-content\/uploads\/2014\/03\/006.jpg\"><img loading=\"lazy\" class=\"alignnone  wp-image-54994\" alt=\"006\" src=\"http:\/\/www.filindeblogg.nu\/wp-content\/uploads\/2014\/03\/006-300x225.jpg\" width=\"180\" height=\"135\" srcset=\"http:\/\/www.filindeblogg.nu\/wp-content\/uploads\/2014\/03\/006-300x225.jpg 300w, http:\/\/www.filindeblogg.nu\/wp-content\/uploads\/2014\/03\/006.jpg 600w\" sizes=\"(max-width: 180px) 100vw, 180px\" \/><\/a><br \/>\nS\u00f6ta hunden <strong>Onsdag<\/strong> piggar upp lite en gr\u00e5 dag! \ud83d\ude42\u00a0 <a href=\"http:\/\/www.filindeblogg.nu\/wp-content\/uploads\/2014\/03\/Onsdag.jpg\"><img loading=\"lazy\" class=\"alignnone  wp-image-54995\" alt=\"Onsdag\" src=\"http:\/\/www.filindeblogg.nu\/wp-content\/uploads\/2014\/03\/Onsdag-300x249.jpg\" width=\"180\" height=\"149\" srcset=\"http:\/\/www.filindeblogg.nu\/wp-content\/uploads\/2014\/03\/Onsdag-300x249.jpg 300w, http:\/\/www.filindeblogg.nu\/wp-content\/uploads\/2014\/03\/Onsdag.jpg 387w\" sizes=\"(max-width: 180px) 100vw, 180px\" \/><\/a><\/p>\n<p>G\u00e5rdagen spenderades i huvudstaden. Ur tidningen <strong>Metro<\/strong> klipps f\u00f6ljande: <a href=\"http:\/\/www.filindeblogg.nu\/wp-content\/uploads\/2014\/03\/047.jpg\"><img loading=\"lazy\" class=\"alignnone size-medium wp-image-54996\" alt=\"047\" src=\"http:\/\/www.filindeblogg.nu\/wp-content\/uploads\/2014\/03\/047-300x233.jpg\" width=\"300\" height=\"233\" srcset=\"http:\/\/www.filindeblogg.nu\/wp-content\/uploads\/2014\/03\/047-300x233.jpg 300w, http:\/\/www.filindeblogg.nu\/wp-content\/uploads\/2014\/03\/047.jpg 579w\" sizes=\"(max-width: 300px) 100vw, 300px\" \/><\/a> S\u00e4ger kanske mer om <strong>Plura<\/strong> \u00e4n om m\u00e4nniskor med <strong>ADHD<\/strong>. <a href=\"http:\/\/www.filindeblogg.nu\/wp-content\/uploads\/2014\/03\/048.jpg\"><img loading=\"lazy\" class=\"alignnone size-medium wp-image-54997\" alt=\"048\" src=\"http:\/\/www.filindeblogg.nu\/wp-content\/uploads\/2014\/03\/048-300x225.jpg\" width=\"300\" height=\"225\" srcset=\"http:\/\/www.filindeblogg.nu\/wp-content\/uploads\/2014\/03\/048-300x225.jpg 300w, http:\/\/www.filindeblogg.nu\/wp-content\/uploads\/2014\/03\/048.jpg 600w\" sizes=\"(max-width: 300px) 100vw, 300px\" \/><\/a><br \/>\n\u00c5 andra sidan kanske man f\u00e5r vara tacksam \u00f6ver positiva generaliseringar vad g\u00e4ller den diagnosen.<\/p>\n<p>Den h\u00e4r festliga bilden fanns i Metro ocks\u00e5! <a href=\"http:\/\/www.filindeblogg.nu\/wp-content\/uploads\/2014\/03\/049.jpg\"><img loading=\"lazy\" class=\"alignnone size-medium wp-image-54998\" alt=\"049\" src=\"http:\/\/www.filindeblogg.nu\/wp-content\/uploads\/2014\/03\/049-180x300.jpg\" width=\"180\" height=\"300\" srcset=\"http:\/\/www.filindeblogg.nu\/wp-content\/uploads\/2014\/03\/049-180x300.jpg 180w, http:\/\/www.filindeblogg.nu\/wp-content\/uploads\/2014\/03\/049.jpg 350w\" sizes=\"(max-width: 180px) 100vw, 180px\" \/><\/a><br \/>\n<em>&#8221;En giraff. Eller?&#8221; <\/em><br \/>\n<strong>Beth Sykes<\/strong> heter tjejen! F\u00f6r det \u00e4r en tjej m\u00e5lad som giraff! Det enda som inte tillh\u00f6r hennes kropp \u00e4r \u00f6ronen! L\u00e4s mera<a href=\"http:\/\/www.dailymail.co.uk\/news\/article-2567616\/Thats-funny-looking-giraffe-Human-contortionist-bends-flexes-look-like-African-animal.html\" target=\"_blank\"><strong> H\u00c4R<\/strong><\/a> p\u00e5 <strong>Daily Mail<\/strong>! D\u00e4r kan ni ocks\u00e5 se fotot b\u00e4ttre!<\/p>\n<p>P\u00e5 tal om foton s\u00e5 bes\u00f6ktes <strong>Fotografiska<\/strong> ig\u00e5r! <a href=\"http:\/\/www.filindeblogg.nu\/wp-content\/uploads\/2014\/03\/018.jpg\"><img loading=\"lazy\" class=\"alignnone  wp-image-54999\" alt=\"018\" src=\"http:\/\/www.filindeblogg.nu\/wp-content\/uploads\/2014\/03\/018-225x300.jpg\" width=\"135\" height=\"180\" srcset=\"http:\/\/www.filindeblogg.nu\/wp-content\/uploads\/2014\/03\/018-225x300.jpg 225w, http:\/\/www.filindeblogg.nu\/wp-content\/uploads\/2014\/03\/018.jpg 450w\" sizes=\"(max-width: 135px) 100vw, 135px\" \/><\/a> Mer d\u00e4rifr\u00e5n kommer i morgondagens blogg.<\/p>\n<p>1 mars idag! <a href=\"http:\/\/www.filindeblogg.nu\/wp-content\/uploads\/2014\/03\/045.jpg\"><img loading=\"lazy\" class=\"alignnone size-medium wp-image-55000\" alt=\"045\" src=\"http:\/\/www.filindeblogg.nu\/wp-content\/uploads\/2014\/03\/045-300x281.jpg\" width=\"300\" height=\"281\" srcset=\"http:\/\/www.filindeblogg.nu\/wp-content\/uploads\/2014\/03\/045-300x281.jpg 300w, http:\/\/www.filindeblogg.nu\/wp-content\/uploads\/2014\/03\/045.jpg 474w\" sizes=\"(max-width: 300px) 100vw, 300px\" \/><\/a> Dags att v\u00e4nda blad p\u00e5 kalendrarna! <strong><em>&#8221;The cat is a charming and loving companion&#8221;<\/em><\/strong> st\u00e5r det p\u00e5 den ena kattkalendern! Det konstaterandet kan bloggaren skriva under p\u00e5 och bl\u00e4ddrar fram ett blad i den egenh\u00e4ndigt gjorda kalendern! \ud83d\ude00 <a href=\"http:\/\/www.filindeblogg.nu\/wp-content\/uploads\/2014\/03\/046.jpg\"><img loading=\"lazy\" class=\"alignnone size-medium wp-image-55001\" alt=\"046\" src=\"http:\/\/www.filindeblogg.nu\/wp-content\/uploads\/2014\/03\/046-300x237.jpg\" width=\"300\" height=\"237\" srcset=\"http:\/\/www.filindeblogg.nu\/wp-content\/uploads\/2014\/03\/046-300x237.jpg 300w, http:\/\/www.filindeblogg.nu\/wp-content\/uploads\/2014\/03\/046.jpg 537w\" sizes=\"(max-width: 300px) 100vw, 300px\" \/><\/a> Goda kompisar! \ud83d\ude09<\/p>\n<p><a href=\"http:\/\/www.filindeblogg.nu\/wp-content\/uploads\/2014\/03\/Wilma-i-korg-sover.jpg\"><img loading=\"lazy\" class=\"alignnone  wp-image-55002\" alt=\"Wilma i korg sover\" src=\"http:\/\/www.filindeblogg.nu\/wp-content\/uploads\/2014\/03\/Wilma-i-korg-sover-300x225.jpg\" width=\"180\" height=\"135\" srcset=\"http:\/\/www.filindeblogg.nu\/wp-content\/uploads\/2014\/03\/Wilma-i-korg-sover-300x225.jpg 300w, http:\/\/www.filindeblogg.nu\/wp-content\/uploads\/2014\/03\/Wilma-i-korg-sover.jpg 600w\" sizes=\"(max-width: 180px) 100vw, 180px\" \/><\/a> <strong>Vilda Wi<\/strong><strong>lma<\/strong> forts\u00e4tter att vara lika s\u00f6mnig som \u00f6verst i bloggen&#8230;\u00a0 <a href=\"http:\/\/www.filindeblogg.nu\/wp-content\/uploads\/2014\/03\/Wilma-i-korg.jpg\"><img loading=\"lazy\" class=\"alignnone  wp-image-55004\" alt=\"Wilma i korg\" src=\"http:\/\/www.filindeblogg.nu\/wp-content\/uploads\/2014\/03\/Wilma-i-korg-300x225.jpg\" width=\"180\" height=\"135\" srcset=\"http:\/\/www.filindeblogg.nu\/wp-content\/uploads\/2014\/03\/Wilma-i-korg-300x225.jpg 300w, http:\/\/www.filindeblogg.nu\/wp-content\/uploads\/2014\/03\/Wilma-i-korg.jpg 600w\" sizes=\"(max-width: 180px) 100vw, 180px\" \/><\/a> Och det kanske \u00e4r lika bra att g\u00f6ra som hon. Ta en tupplur! Suss gott! \ud83d\ude42<a href=\"http:\/\/www.filindeblogg.nu\/wp-content\/uploads\/2014\/03\/Wilma-i-korg-g\u00e4spar.jpg\"><img loading=\"lazy\" class=\"alignnone  wp-image-55003\" alt=\"Wilma i korg g\u00e4spar\" src=\"http:\/\/www.filindeblogg.nu\/wp-content\/uploads\/2014\/03\/Wilma-i-korg-g\u00e4spar-300x225.jpg\" width=\"180\" height=\"135\" srcset=\"http:\/\/www.filindeblogg.nu\/wp-content\/uploads\/2014\/03\/Wilma-i-korg-g\u00e4spar-300x225.jpg 300w, http:\/\/www.filindeblogg.nu\/wp-content\/uploads\/2014\/03\/Wilma-i-korg-g\u00e4spar.jpg 600w\" sizes=\"(max-width: 180px) 100vw, 180px\" \/><\/a><\/p>\n<p>&nbsp;<\/p>\n","protected":false},"excerpt":{"rendered":"<p>S\u00c5 seeeg l\u00f6rdag! V\u00e4dret \u00e4r gr\u00e5tt och det sm\u00e5regnar. En gr\u00e5 promenad. Gr\u00e5 gata n\u00e4r sn\u00f6n f\u00f6rsvinner. Gr\u00e5 g\u00e5rd och den sista smutsgr\u00e5 sn\u00f6drivan. S\u00f6ta hunden Onsdag piggar upp lite en gr\u00e5 dag! \ud83d\ude42\u00a0 G\u00e5rdagen spenderades i huvudstaden. Ur tidningen Metro klipps f\u00f6ljande: S\u00e4ger kanske mer om Plura \u00e4n om m\u00e4nniskor med ADHD. \u00c5 andra [&hellip;]<\/p>\n","protected":false},"author":1,"featured_media":0,"comment_status":"open","ping_status":"open","sticky":false,"template":"","format":"standard","meta":[],"categories":[107,41,100,101],"tags":[],"_links":{"self":[{"href":"http:\/\/www.filindeblogg.nu\/index.php?rest_route=\/wp\/v2\/posts\/54988"}],"collection":[{"href":"http:\/\/www.filindeblogg.nu\/index.php?rest_route=\/wp\/v2\/posts"}],"about":[{"href":"http:\/\/www.filindeblogg.nu\/index.php?rest_route=\/wp\/v2\/types\/post"}],"author":[{"embeddable":true,"href":"http:\/\/www.filindeblogg.nu\/index.php?rest_route=\/wp\/v2\/users\/1"}],"replies":[{"embeddable":true,"href":"http:\/\/www.filindeblogg.nu\/index.php?rest_route=%2Fwp%2Fv2%2Fcomments&post=54988"}],"version-history":[{"count":14,"href":"http:\/\/www.filindeblogg.nu\/index.php?rest_route=\/wp\/v2\/posts\/54988\/revisions"}],"predecessor-version":[{"id":55018,"href":"http:\/\/www.filindeblogg.nu\/index.php?rest_route=\/wp\/v2\/posts\/54988\/revisions\/55018"}],"wp:attachment":[{"href":"http:\/\/www.filindeblogg.nu\/index.php?rest_route=%2Fwp%2Fv2%2Fmedia&parent=54988"}],"wp:term":[{"taxonomy":"category","embeddable":true,"href":"http:\/\/www.filindeblogg.nu\/index.php?rest_route=%2Fwp%2Fv2%2Fcategories&post=54988"},{"taxonomy":"post_tag","embeddable":true,"href":"http:\/\/www.filindeblogg.nu\/index.php?rest_route=%2Fwp%2Fv2%2Ftags&post=54988"}],"curies":[{"name":"wp","href":"https:\/\/api.w.org\/{rel}","templated":true}]}}