{"id":54686,"date":"2014-02-18T08:32:54","date_gmt":"2014-02-18T07:32:54","guid":{"rendered":"http:\/\/www.filindeblogg.nu\/?p=54686"},"modified":"2014-02-18T08:32:54","modified_gmt":"2014-02-18T07:32:54","slug":"where-have-all-the-penfriends-gone-och-hommage-till-en-gran","status":"publish","type":"post","link":"http:\/\/www.filindeblogg.nu\/?p=54686","title":{"rendered":"Where have all the penfriends gone&#8230; och hommage till en gran!"},"content":{"rendered":"<p><a href=\"http:\/\/www.filindeblogg.nu\/wp-content\/uploads\/2014\/02\/Penfriends-around-the-world.jpg\"><img loading=\"lazy\" class=\"alignnone size-full wp-image-54687\" alt=\"Penfriends around the world\" src=\"http:\/\/www.filindeblogg.nu\/wp-content\/uploads\/2014\/02\/Penfriends-around-the-world.jpg\" width=\"120\" height=\"116\" \/><\/a> <strong><em>&#8221;Where have all the penfriends gone &#8211; long time passing&#8230;<\/em><\/strong><\/p>\n<p>I natt n\u00e4r s\u00f6mnen tog en paus kom bloggaren att t\u00e4nka p\u00e5 alla sina brevv\u00e4nner. <em>&#8211; Vad h\u00e4nde med dem? &#8211; Hur blev deras liv?<\/em>\u00a0 Och det kanske viktigaste:<em> &#8211; Hur f\u00e5r man tag i dem igen?<\/em><\/p>\n<p><a href=\"http:\/\/www.filindeblogg.nu\/wp-content\/uploads\/2014\/02\/Brevv\u00e4nner-skriver.jpg\"><img loading=\"lazy\" class=\"alignnone size-full wp-image-54688\" alt=\"Brevv\u00e4nner skriver\" src=\"http:\/\/www.filindeblogg.nu\/wp-content\/uploads\/2014\/02\/Brevv\u00e4nner-skriver.jpg\" width=\"150\" height=\"113\" \/><\/a> Via grundskolan fick bloggaren m\u00e5nga brevv\u00e4nner. Hanne fr\u00e5n v\u00e4norten <strong>Ebeltoft i Danmark<\/strong>, <strong>Lorraine fr\u00e5n England<\/strong>, <strong>Catherina Spagnolo fr\u00e5n Italien<\/strong>, tv\u00e5 killar fr\u00e5n<strong> USA<\/strong> respektive <strong>Tjeckoslovakien<\/strong> som landet hette d\u00e5. <a href=\"http:\/\/www.filindeblogg.nu\/wp-content\/uploads\/2014\/02\/Skriva-brev.jpg\"><img loading=\"lazy\" class=\"alignnone size-full wp-image-54689\" alt=\"Skriva brev\" src=\"http:\/\/www.filindeblogg.nu\/wp-content\/uploads\/2014\/02\/Skriva-brev.jpg\" width=\"107\" height=\"71\" \/><\/a><\/p>\n<p>\u00c4ven brevv\u00e4nner i Sverige &#8211; <strong>Nancy fr\u00e5n \u00c4lmhult<\/strong>, en flicka fr\u00e5n <strong>\u00d6cker\u00f6<\/strong> och en ifr\u00e5n den lilla byn <strong>Hej i Norrland<\/strong>. Men n\u00e5gonstans i slutet av ton\u00e5rstiden tappade bloggaren kontakten med dem alla.<\/p>\n<p><a href=\"http:\/\/www.filindeblogg.nu\/wp-content\/uploads\/2014\/02\/Brevv\u00e4n.jpg\"><img loading=\"lazy\" class=\"alignnone size-full wp-image-54690\" alt=\"Brevv\u00e4n\" src=\"http:\/\/www.filindeblogg.nu\/wp-content\/uploads\/2014\/02\/Brevv\u00e4n.jpg\" width=\"114\" height=\"116\" \/><\/a> Bloggaren har f\u00f6rs\u00f6kt d\u00e5 och d\u00e5 att leta upp personerna men det \u00e4r l\u00e4nge sedan nu och det har varit sv\u00e5rt &#8211; nej, n\u00e4st intill om\u00f6jligt. Flickorna har bytt efternamn, de flesta har flyttat &#8211; och var ska man s\u00f6ka??<\/p>\n<p>En del har tur! Via n\u00e4tet hittar bloggaren en artikel ur <strong>Eskilstunakuriren<\/strong>! <a href=\"http:\/\/www.filindeblogg.nu\/wp-content\/uploads\/2014\/02\/Brevv\u00e4nner-m\u00f6ttes-igen.jpg\"><img loading=\"lazy\" class=\"alignnone  wp-image-54691\" alt=\"Brevv\u00e4nner m\u00f6ttes igen\" src=\"http:\/\/www.filindeblogg.nu\/wp-content\/uploads\/2014\/02\/Brevv\u00e4nner-m\u00f6ttes-igen-300x227.jpg\" width=\"180\" height=\"136\" srcset=\"http:\/\/www.filindeblogg.nu\/wp-content\/uploads\/2014\/02\/Brevv\u00e4nner-m\u00f6ttes-igen-300x227.jpg 300w, http:\/\/www.filindeblogg.nu\/wp-content\/uploads\/2014\/02\/Brevv\u00e4nner-m\u00f6ttes-igen.jpg 468w\" sizes=\"(max-width: 180px) 100vw, 180px\" \/><\/a> <strong>Anna<\/strong> fr\u00e5n<strong> Stallarholmen<\/strong> och <strong>Carla<\/strong> fr\u00e5n <strong>Trinidad<\/strong> m\u00f6ttes efter 31 \u00e5r! De b\u00f6rjade skriva till varandra som 10-\u00e5ringar.<br \/>\nL\u00e4s mer <strong><a href=\"http:\/\/ekuriren.se\/nyheter\/strangnas\/1.1880790-brevvanner-mottes-efter-31-ar\" target=\"_blank\">H\u00c4R<\/a>!<\/strong><\/p>\n<p><a href=\"http:\/\/www.filindeblogg.nu\/wp-content\/uploads\/2014\/02\/045.jpg\"><img loading=\"lazy\" class=\"alignnone size-medium wp-image-54692\" alt=\"045\" src=\"http:\/\/www.filindeblogg.nu\/wp-content\/uploads\/2014\/02\/045-300x225.jpg\" width=\"300\" height=\"225\" srcset=\"http:\/\/www.filindeblogg.nu\/wp-content\/uploads\/2014\/02\/045-300x225.jpg 300w, http:\/\/www.filindeblogg.nu\/wp-content\/uploads\/2014\/02\/045.jpg 600w\" sizes=\"(max-width: 300px) 100vw, 300px\" \/><\/a> Bloggarens mor h\u00e4ngde p\u00e5 n\u00e4r bloggaren skaffade sig brevv\u00e4nner en g\u00e5ng i tiden. Hon och <strong>Dorris f<\/strong>r\u00e5n <strong>Orchard Park<\/strong> i<strong> USA<\/strong> har skrivit till varandra i \u00f6ver 45 \u00e5r!! Dorris fyller 95 \u00e5r i april&#8230;<br \/>\nMamma och Dorris har aldrig tr\u00e4ffats men bloggarens bror h\u00e4lsade p\u00e5 Dorris under en tj\u00e4nsteresa f\u00f6r n\u00e5gra \u00e5r sedan!<\/p>\n<p>Mamma hade ytterligare tv\u00e5 brevv\u00e4nner fr\u00e5n USA men de har fallit ifr\u00e5n genom \u00e5lder.<\/p>\n<p><a href=\"http:\/\/www.filindeblogg.nu\/wp-content\/uploads\/2014\/02\/Brevbunt.jpg\"><img loading=\"lazy\" class=\"alignnone size-full wp-image-54693\" alt=\"Brevbunt\" src=\"http:\/\/www.filindeblogg.nu\/wp-content\/uploads\/2014\/02\/Brevbunt.jpg\" width=\"123\" height=\"148\" \/><\/a> Lite synd att datoriseringen med e-post och SMS gjort att brevskrivandet n\u00e4stan f\u00f6rsvunnit. Och HUR f\u00e5r man tag i sina forna v\u00e4nner?? Har n\u00e5got ett tips &#8211; skriv g\u00e4rna en kommentar h\u00e4r p\u00e5 bloggen!<\/p>\n<p>Och s\u00e5 &#8211; hommage till granen.\u00a0<a href=\"http:\/\/www.filindeblogg.nu\/wp-content\/uploads\/2014\/02\/0136.jpg\"><img loading=\"lazy\" class=\"alignnone  wp-image-54696\" alt=\"013\" src=\"http:\/\/www.filindeblogg.nu\/wp-content\/uploads\/2014\/02\/0136-225x300.jpg\" width=\"158\" height=\"210\" srcset=\"http:\/\/www.filindeblogg.nu\/wp-content\/uploads\/2014\/02\/0136-225x300.jpg 225w, http:\/\/www.filindeblogg.nu\/wp-content\/uploads\/2014\/02\/0136.jpg 450w\" sizes=\"(max-width: 158px) 100vw, 158px\" \/><\/a><\/p>\n<p><a href=\"http:\/\/www.filindeblogg.nu\/wp-content\/uploads\/2014\/02\/0013.jpg\"><img loading=\"lazy\" class=\"alignnone  wp-image-54694\" alt=\"001\" src=\"http:\/\/www.filindeblogg.nu\/wp-content\/uploads\/2014\/02\/0013-225x300.jpg\" width=\"135\" height=\"180\" srcset=\"http:\/\/www.filindeblogg.nu\/wp-content\/uploads\/2014\/02\/0013-225x300.jpg 225w, http:\/\/www.filindeblogg.nu\/wp-content\/uploads\/2014\/02\/0013.jpg 450w\" sizes=\"(max-width: 135px) 100vw, 135px\" \/><\/a> Ig\u00e5r tyckte bloggaren att julgranen s\u00e5g lite ledsen ut d\u00e4r den stod i matsalen medan v\u00e5rsolen lyste in genom f\u00f6nstret. Den hade druckit lite vatten med de fina gr\u00f6na skotten slokade bet\u00e4nkligt&#8230; <img loading=\"lazy\" class=\"alignnone  wp-image-54695\" alt=\"003\" src=\"http:\/\/www.filindeblogg.nu\/wp-content\/uploads\/2014\/02\/0033-300x225.jpg\" width=\"180\" height=\"135\" srcset=\"http:\/\/www.filindeblogg.nu\/wp-content\/uploads\/2014\/02\/0033-300x225.jpg 300w, http:\/\/www.filindeblogg.nu\/wp-content\/uploads\/2014\/02\/0033.jpg 600w\" sizes=\"(max-width: 180px) 100vw, 180px\" \/> Det var dags att \u00e5terge den sin frihet!<\/p>\n<p><a href=\"http:\/\/www.filindeblogg.nu\/wp-content\/uploads\/2014\/02\/0052.jpg\"><img loading=\"lazy\" class=\"alignnone  wp-image-54697\" alt=\"005\" src=\"http:\/\/www.filindeblogg.nu\/wp-content\/uploads\/2014\/02\/0052-225x300.jpg\" width=\"135\" height=\"180\" srcset=\"http:\/\/www.filindeblogg.nu\/wp-content\/uploads\/2014\/02\/0052-225x300.jpg 225w, http:\/\/www.filindeblogg.nu\/wp-content\/uploads\/2014\/02\/0052.jpg 450w\" sizes=\"(max-width: 135px) 100vw, 135px\" \/><\/a> L\u00e5dorna plockades fram och pyntet togs ner. <a href=\"http:\/\/www.filindeblogg.nu\/wp-content\/uploads\/2014\/02\/Granen-blir-fri.jpg\"><img loading=\"lazy\" class=\"alignnone  wp-image-54698\" alt=\"Granen blir fri\" src=\"http:\/\/www.filindeblogg.nu\/wp-content\/uploads\/2014\/02\/Granen-blir-fri-225x300.jpg\" width=\"135\" height=\"180\" srcset=\"http:\/\/www.filindeblogg.nu\/wp-content\/uploads\/2014\/02\/Granen-blir-fri-225x300.jpg 225w, http:\/\/www.filindeblogg.nu\/wp-content\/uploads\/2014\/02\/Granen-blir-fri.jpg 450w\" sizes=\"(max-width: 135px) 100vw, 135px\" \/><\/a> Det k\u00e4ndes faktiskt lite sorgligt. <a href=\"http:\/\/www.filindeblogg.nu\/wp-content\/uploads\/2014\/02\/0093.jpg\"><img loading=\"lazy\" class=\"alignnone  wp-image-54699\" alt=\"009\" src=\"http:\/\/www.filindeblogg.nu\/wp-content\/uploads\/2014\/02\/0093-225x300.jpg\" width=\"135\" height=\"180\" srcset=\"http:\/\/www.filindeblogg.nu\/wp-content\/uploads\/2014\/02\/0093-225x300.jpg 225w, http:\/\/www.filindeblogg.nu\/wp-content\/uploads\/2014\/02\/0093.jpg 450w\" sizes=\"(max-width: 135px) 100vw, 135px\" \/><\/a><\/p>\n<p>Snart var den avkl\u00e4dd. <a href=\"http:\/\/www.filindeblogg.nu\/wp-content\/uploads\/2014\/02\/0172.jpg\"><img loading=\"lazy\" class=\"alignnone  wp-image-54700\" alt=\"017\" src=\"http:\/\/www.filindeblogg.nu\/wp-content\/uploads\/2014\/02\/0172-225x300.jpg\" width=\"135\" height=\"180\" srcset=\"http:\/\/www.filindeblogg.nu\/wp-content\/uploads\/2014\/02\/0172-225x300.jpg 225w, http:\/\/www.filindeblogg.nu\/wp-content\/uploads\/2014\/02\/0172.jpg 450w\" sizes=\"(max-width: 135px) 100vw, 135px\" \/><\/a> N\u00e4stan inget barr hade ramlat av!\u00a0<a href=\"http:\/\/www.filindeblogg.nu\/wp-content\/uploads\/2014\/02\/0185.jpg\"><img loading=\"lazy\" class=\"alignnone  wp-image-54702\" alt=\"018\" src=\"http:\/\/www.filindeblogg.nu\/wp-content\/uploads\/2014\/02\/0185-300x225.jpg\" width=\"180\" height=\"135\" srcset=\"http:\/\/www.filindeblogg.nu\/wp-content\/uploads\/2014\/02\/0185-300x225.jpg 300w, http:\/\/www.filindeblogg.nu\/wp-content\/uploads\/2014\/02\/0185.jpg 600w\" sizes=\"(max-width: 180px) 100vw, 180px\" \/><\/a><br \/>\nDen duktiga julgranen fick en kram av bloggaren! <a href=\"http:\/\/www.filindeblogg.nu\/wp-content\/uploads\/2014\/02\/0203.jpg\"><img loading=\"lazy\" class=\"alignnone  wp-image-54701\" alt=\"020\" src=\"http:\/\/www.filindeblogg.nu\/wp-content\/uploads\/2014\/02\/0203-225x300.jpg\" width=\"135\" height=\"180\" srcset=\"http:\/\/www.filindeblogg.nu\/wp-content\/uploads\/2014\/02\/0203-225x300.jpg 225w, http:\/\/www.filindeblogg.nu\/wp-content\/uploads\/2014\/02\/0203.jpg 450w\" sizes=\"(max-width: 135px) 100vw, 135px\" \/><\/a><\/p>\n<p>Granen \u00e4r fri igen! <a href=\"http:\/\/www.filindeblogg.nu\/wp-content\/uploads\/2014\/02\/\u00c4lskade-gran.jpg\"><img loading=\"lazy\" class=\"alignnone size-medium wp-image-54703\" alt=\"\u00c4lskade gran\" src=\"http:\/\/www.filindeblogg.nu\/wp-content\/uploads\/2014\/02\/\u00c4lskade-gran-225x300.jpg\" width=\"225\" height=\"300\" srcset=\"http:\/\/www.filindeblogg.nu\/wp-content\/uploads\/2014\/02\/\u00c4lskade-gran-225x300.jpg 225w, http:\/\/www.filindeblogg.nu\/wp-content\/uploads\/2014\/02\/\u00c4lskade-gran.jpg 231w\" sizes=\"(max-width: 225px) 100vw, 225px\" \/><\/a> H\u00e4r \u00e4r den \u00e5ter tillbaka i naturen hos sina tr\u00e4dkompisar! \ud83d\ude42<\/p>\n<p>En s\u00e5dan fin julgran ser man s\u00e4llan&#8230;<\/p>\n<p>Vilken v\u00e5rlik dag det var ig\u00e5r! Solsken och klarbl\u00e5 himmel! Magiskt!<br \/>\nLika magisk blev kv\u00e4llen!\u00a0 <a href=\"http:\/\/www.filindeblogg.nu\/wp-content\/uploads\/2014\/02\/039.jpg\"><img loading=\"lazy\" class=\"alignnone  wp-image-54705\" alt=\"039\" src=\"http:\/\/www.filindeblogg.nu\/wp-content\/uploads\/2014\/02\/039-225x300.jpg\" width=\"158\" height=\"210\" srcset=\"http:\/\/www.filindeblogg.nu\/wp-content\/uploads\/2014\/02\/039-225x300.jpg 225w, http:\/\/www.filindeblogg.nu\/wp-content\/uploads\/2014\/02\/039.jpg 450w\" sizes=\"(max-width: 158px) 100vw, 158px\" \/><\/a> Bloggaren rusade\u00a0 ut f\u00f6r att ta n\u00e5gra bilder. <a href=\"http:\/\/www.filindeblogg.nu\/wp-content\/uploads\/2014\/02\/0432.jpg\"><img loading=\"lazy\" class=\"alignnone  wp-image-54706\" alt=\"043\" src=\"http:\/\/www.filindeblogg.nu\/wp-content\/uploads\/2014\/02\/0432-225x300.jpg\" width=\"135\" height=\"180\" srcset=\"http:\/\/www.filindeblogg.nu\/wp-content\/uploads\/2014\/02\/0432-225x300.jpg 225w, http:\/\/www.filindeblogg.nu\/wp-content\/uploads\/2014\/02\/0432.jpg 450w\" sizes=\"(max-width: 135px) 100vw, 135px\" \/><\/a> Visst \u00e4r det vackert!<br \/>\nBl\u00e5 skymning&#8230; <a href=\"http:\/\/www.filindeblogg.nu\/wp-content\/uploads\/2014\/02\/0441.jpg\"><img loading=\"lazy\" class=\"alignnone  wp-image-54707\" alt=\"044\" src=\"http:\/\/www.filindeblogg.nu\/wp-content\/uploads\/2014\/02\/0441-300x225.jpg\" width=\"180\" height=\"135\" srcset=\"http:\/\/www.filindeblogg.nu\/wp-content\/uploads\/2014\/02\/0441-300x225.jpg 300w, http:\/\/www.filindeblogg.nu\/wp-content\/uploads\/2014\/02\/0441.jpg 600w\" sizes=\"(max-width: 180px) 100vw, 180px\" \/><\/a><\/p>\n<p>Avslutar med en v\u00e5rbild fr\u00e5n g\u00e5rdagen i <strong>Arboga<\/strong>! Fotografen heter <strong>Eva Eriksson<\/strong> och s\u00e5 h\u00e4r fint var det n\u00e4ra <strong>Labron<\/strong> ig\u00e5r!<\/p>\n<p style=\"text-align: center;\"><a href=\"http:\/\/www.filindeblogg.nu\/wp-content\/uploads\/2014\/02\/V\u00e5r-i-Arboga-17-febr-2014-Foto-Eva-Eriksson.jpg\"><img loading=\"lazy\" class=\"aligncenter size-medium wp-image-54704\" alt=\"V\u00e5r i Arboga 17 febr 2014 Foto Eva Eriksson\" src=\"http:\/\/www.filindeblogg.nu\/wp-content\/uploads\/2014\/02\/V\u00e5r-i-Arboga-17-febr-2014-Foto-Eva-Eriksson-300x224.jpg\" width=\"300\" height=\"224\" srcset=\"http:\/\/www.filindeblogg.nu\/wp-content\/uploads\/2014\/02\/V\u00e5r-i-Arboga-17-febr-2014-Foto-Eva-Eriksson-300x224.jpg 300w, http:\/\/www.filindeblogg.nu\/wp-content\/uploads\/2014\/02\/V\u00e5r-i-Arboga-17-febr-2014-Foto-Eva-Eriksson.jpg 526w\" sizes=\"(max-width: 300px) 100vw, 300px\" \/><\/a>Notera m\u00e4nniskorna som njuter av solskenet<br \/>\ni gluggarna p\u00e5 det gamla huset till h\u00f6ger!<br \/>\n\ud83d\ude42<\/p>\n<p>&nbsp;<\/p>\n<p>&nbsp;<\/p>\n<p>&nbsp;<\/p>\n","protected":false},"excerpt":{"rendered":"<p>&#8221;Where have all the penfriends gone &#8211; long time passing&#8230; I natt n\u00e4r s\u00f6mnen tog en paus kom bloggaren att t\u00e4nka p\u00e5 alla sina brevv\u00e4nner. &#8211; Vad h\u00e4nde med dem? &#8211; Hur blev deras liv?\u00a0 Och det kanske viktigaste: &#8211; Hur f\u00e5r man tag i dem igen? Via grundskolan fick bloggaren m\u00e5nga brevv\u00e4nner. Hanne fr\u00e5n [&hellip;]<\/p>\n","protected":false},"author":1,"featured_media":0,"comment_status":"open","ping_status":"open","sticky":false,"template":"","format":"standard","meta":[],"categories":[127,126,100,145,132,101,134],"tags":[],"_links":{"self":[{"href":"http:\/\/www.filindeblogg.nu\/index.php?rest_route=\/wp\/v2\/posts\/54686"}],"collection":[{"href":"http:\/\/www.filindeblogg.nu\/index.php?rest_route=\/wp\/v2\/posts"}],"about":[{"href":"http:\/\/www.filindeblogg.nu\/index.php?rest_route=\/wp\/v2\/types\/post"}],"author":[{"embeddable":true,"href":"http:\/\/www.filindeblogg.nu\/index.php?rest_route=\/wp\/v2\/users\/1"}],"replies":[{"embeddable":true,"href":"http:\/\/www.filindeblogg.nu\/index.php?rest_route=%2Fwp%2Fv2%2Fcomments&post=54686"}],"version-history":[{"count":11,"href":"http:\/\/www.filindeblogg.nu\/index.php?rest_route=\/wp\/v2\/posts\/54686\/revisions"}],"predecessor-version":[{"id":54718,"href":"http:\/\/www.filindeblogg.nu\/index.php?rest_route=\/wp\/v2\/posts\/54686\/revisions\/54718"}],"wp:attachment":[{"href":"http:\/\/www.filindeblogg.nu\/index.php?rest_route=%2Fwp%2Fv2%2Fmedia&parent=54686"}],"wp:term":[{"taxonomy":"category","embeddable":true,"href":"http:\/\/www.filindeblogg.nu\/index.php?rest_route=%2Fwp%2Fv2%2Fcategories&post=54686"},{"taxonomy":"post_tag","embeddable":true,"href":"http:\/\/www.filindeblogg.nu\/index.php?rest_route=%2Fwp%2Fv2%2Ftags&post=54686"}],"curies":[{"name":"wp","href":"https:\/\/api.w.org\/{rel}","templated":true}]}}