{"id":54595,"date":"2014-02-14T07:16:17","date_gmt":"2014-02-14T06:16:17","guid":{"rendered":"http:\/\/www.filindeblogg.nu\/?p=54595"},"modified":"2014-02-14T07:16:17","modified_gmt":"2014-02-14T06:16:17","slug":"alla-hjartans-dag-sang-till-dom-ensamma","status":"publish","type":"post","link":"http:\/\/www.filindeblogg.nu\/?p=54595","title":{"rendered":"Alla hj\u00e4rtans dag &#8211; s\u00e5ng till dom ensamma"},"content":{"rendered":"<p><a href=\"http:\/\/www.filindeblogg.nu\/wp-content\/uploads\/2014\/02\/0114.jpg\"><img loading=\"lazy\" class=\"alignnone  wp-image-54596\" alt=\"011\" src=\"http:\/\/www.filindeblogg.nu\/wp-content\/uploads\/2014\/02\/0114.jpg\" width=\"108\" height=\"144\" \/><\/a> &#8230;&#8230;. <a href=\"http:\/\/www.filindeblogg.nu\/wp-content\/uploads\/2014\/02\/Alla-hj\u00e4rtans-dag-idag.jpg\"><img loading=\"lazy\" class=\"alignnone size-full wp-image-54597\" alt=\"Alla hj\u00e4rtans dag idag\" src=\"http:\/\/www.filindeblogg.nu\/wp-content\/uploads\/2014\/02\/Alla-hj\u00e4rtans-dag-idag.jpg\" width=\"138\" height=\"75\" \/><\/a><br \/>\n<em>Det \u00e4r en h\u00e5rd v\u00e4rld d\u00e4r utanf\u00f6r<\/em><br \/>\n<em>Full av ensamma m\u00e4nniskor<\/em><br \/>\n<em>Ingen som h\u00f6r dig<\/em><br \/>\n<em>Ingen som ser dig n\u00e4r du g\u00e5r<\/em><\/p>\n<p><em>Och det verkar som k\u00e4rleken<\/em><br \/>\n<em>\u00c4r till f\u00f6r n\u00e5gra f\u00e5<\/em><br \/>\n<em>N\u00e4r du b\u00e4st beh\u00f6ver n\u00e5n<\/em><br \/>\n<em>\u00c4r det ingen som orkar h\u00f6ra p\u00e5&#8230;<\/em><\/p>\n<p><em>Refr:<\/em><br \/>\n<em>Det h\u00e4r \u00e4r en s\u00e5ng f\u00f6r alla dom<\/em><br \/>\n<em>som aldrig hittat n\u00e5n att dela sin gl\u00e4dje och sorg med<\/em><br \/>\n<em>En s\u00e5ng f\u00f6r alla dom <\/em><br \/>\n<em>som inte kommer hem till n\u00e5ngon som fr\u00e5gar hur det \u00e4r<\/em><br \/>\n<em>Den h\u00e4r s\u00e5ngen \u00e4r till dom<\/em><\/p>\n<p><em>Ingen fr\u00e5gar n\u00e4r du kommer <\/em><br \/>\n<em>Ingen saknar dig n\u00e4r du g\u00e5r<\/em><br \/>\n<em>Ingen delar din dr\u00f6m<\/em><br \/>\n<em>Ingen undrar hur du m\u00e5r<\/em><\/p>\n<p><em>Och jag ser m\u00e4nniskor omkring mig<\/em><br \/>\n<em>Ser dom jobba dygnet runt<\/em><br \/>\n<em>F\u00f6r att slippa k\u00e4nna efter <\/em><br \/>\n<em>hur dom egentligen m\u00e5r&#8230;<\/em><\/p>\n<p><em>Refr:<\/em><br \/>\n<em>Det h\u00e4r \u00e4r<\/em><br \/>\n<em>en s\u00e5ng f\u00f6r alla dom <\/em><br \/>\n<em>som aldrig hittat n\u00e5n att dela sin gl\u00e4dje och sorg med<\/em><br \/>\n<em>En s\u00e5ng f\u00f6r alla dom<\/em><br \/>\n<em>som inte kommer hem till n\u00e5gon som fr\u00e5gar hur det \u00e4r<\/em><br \/>\n<em>Den h\u00e4r s\u00e5ngen \u00e4r till dom<\/em><\/p>\n<p><em>Mitt hj\u00e4rta gick med tunga steg<\/em><br \/>\n<em>Nerf\u00f6r gatan till v\u00e5rt hus<\/em><br \/>\n<em>Och jag minns n\u00e4r vi flyttade in d\u00e4r<\/em><br \/>\n<em>Det var 1987 och hur som helst s\u00e5<\/em><br \/>\n<em>Jag stod d\u00e4r en bra stund<\/em><br \/>\n<em>Medan molnen drog f\u00f6rbi<\/em><br \/>\n<em>Och fr\u00e5n ett \u00f6ppet f\u00f6nster <\/em><br \/>\n<em>H\u00f6rdes en melodi<\/em><\/p>\n<p><em>Refr:<\/em><br \/>\n<em>(Den l\u00e4t s\u00e5 h\u00e4r)&#8230; En s\u00e5ng f\u00f6r alla dom <\/em><br \/>\n<em>som aldrig hittat n\u00e5n att dela sin gl\u00e4dje och sorg med<\/em><br \/>\n<em>En s\u00e5ng f\u00f6r alla dom <\/em><br \/>\n<em>som inte kommer hem till n\u00e5gon som fr\u00e5gar hur det \u00e4r<\/em><\/p>\n<p><em>Refr:<\/em><br \/>\n<em>En s\u00e5ng f\u00f6r alla dom<\/em><br \/>\n<em>som aldrig hittat n\u00e5n att dela sin gl\u00e4dje och sorg med<\/em><br \/>\n<em>Denna s\u00e5ngen \u00e4r till dom<\/em><br \/>\n<em>Det h\u00e4r \u00e4r en s\u00e5ng f\u00f6r alla dom<\/em><br \/>\n<em>som aldrig hittat n\u00e5n att dela sin gl\u00e4dje och sorg med<\/em><br \/>\n<em>(att dela sin gl\u00e4dje och sorg)<\/em><br \/>\n<em>En s\u00e5ng f\u00f6r alla dom<\/em><br \/>\n<em>som inte kommer hem till n\u00e5gon som fr\u00e5gar hur det \u00e4r<\/em><\/p>\n<p><em>En s\u00e5ng f\u00f6r alla dom<\/em><br \/>\n<em>som aldrig hittat n\u00e5n att dela sin gl\u00e4dje och sorg med&#8230;<\/em><\/p>\n<p><a href=\"http:\/\/www.youtube.com\/watch?v=4xEOb_U4HYQ\" target=\"_blank\"><strong>H\u00c4R<\/strong><\/a> kan du h\u00f6ra <strong>Mauro Scocco<\/strong> sjunga s\u00e5ngen.<\/p>\n<p><img loading=\"lazy\" class=\"aligncenter size-full wp-image-54600\" alt=\"Hj\u00e4rteask full med k\u00e4rlek\" src=\"http:\/\/www.filindeblogg.nu\/wp-content\/uploads\/2014\/02\/Hj\u00e4rteask-full-med-k\u00e4rlek.jpg\" width=\"136\" height=\"86\" \/><\/p>\n<p>&nbsp;<\/p>\n<p><a href=\"http:\/\/www.filindeblogg.nu\/wp-content\/uploads\/2014\/02\/En-dag-kommer-n\u00e5gon-att-krama-dig-s\u00e5-h\u00e5rt-att-alla-dina-brutna-delar-faller-p\u00e5-plats-igen.jpg\"><img loading=\"lazy\" class=\"size-medium wp-image-54598 aligncenter\" alt=\"En dag kommer n\u00e5gon att krama dig s\u00e5 h\u00e5rt att alla dina brutna delar faller p\u00e5 plats igen\" src=\"http:\/\/www.filindeblogg.nu\/wp-content\/uploads\/2014\/02\/En-dag-kommer-n\u00e5gon-att-krama-dig-s\u00e5-h\u00e5rt-att-alla-dina-brutna-delar-faller-p\u00e5-plats-igen-300x217.jpg\" width=\"300\" height=\"217\" srcset=\"http:\/\/www.filindeblogg.nu\/wp-content\/uploads\/2014\/02\/En-dag-kommer-n\u00e5gon-att-krama-dig-s\u00e5-h\u00e5rt-att-alla-dina-brutna-delar-faller-p\u00e5-plats-igen-300x217.jpg 300w, http:\/\/www.filindeblogg.nu\/wp-content\/uploads\/2014\/02\/En-dag-kommer-n\u00e5gon-att-krama-dig-s\u00e5-h\u00e5rt-att-alla-dina-brutna-delar-faller-p\u00e5-plats-igen.jpg 526w\" sizes=\"(max-width: 300px) 100vw, 300px\" \/><\/a><\/p>\n","protected":false},"excerpt":{"rendered":"<p>&#8230;&#8230;. Det \u00e4r en h\u00e5rd v\u00e4rld d\u00e4r utanf\u00f6r Full av ensamma m\u00e4nniskor Ingen som h\u00f6r dig Ingen som ser dig n\u00e4r du g\u00e5r Och det verkar som k\u00e4rleken \u00c4r till f\u00f6r n\u00e5gra f\u00e5 N\u00e4r du b\u00e4st beh\u00f6ver n\u00e5n \u00c4r det ingen som orkar h\u00f6ra p\u00e5&#8230; Refr: Det h\u00e4r \u00e4r en s\u00e5ng f\u00f6r alla dom som [&hellip;]<\/p>\n","protected":false},"author":1,"featured_media":0,"comment_status":"open","ping_status":"open","sticky":false,"template":"","format":"standard","meta":[],"categories":[161,100,101],"tags":[],"_links":{"self":[{"href":"http:\/\/www.filindeblogg.nu\/index.php?rest_route=\/wp\/v2\/posts\/54595"}],"collection":[{"href":"http:\/\/www.filindeblogg.nu\/index.php?rest_route=\/wp\/v2\/posts"}],"about":[{"href":"http:\/\/www.filindeblogg.nu\/index.php?rest_route=\/wp\/v2\/types\/post"}],"author":[{"embeddable":true,"href":"http:\/\/www.filindeblogg.nu\/index.php?rest_route=\/wp\/v2\/users\/1"}],"replies":[{"embeddable":true,"href":"http:\/\/www.filindeblogg.nu\/index.php?rest_route=%2Fwp%2Fv2%2Fcomments&post=54595"}],"version-history":[{"count":3,"href":"http:\/\/www.filindeblogg.nu\/index.php?rest_route=\/wp\/v2\/posts\/54595\/revisions"}],"predecessor-version":[{"id":54602,"href":"http:\/\/www.filindeblogg.nu\/index.php?rest_route=\/wp\/v2\/posts\/54595\/revisions\/54602"}],"wp:attachment":[{"href":"http:\/\/www.filindeblogg.nu\/index.php?rest_route=%2Fwp%2Fv2%2Fmedia&parent=54595"}],"wp:term":[{"taxonomy":"category","embeddable":true,"href":"http:\/\/www.filindeblogg.nu\/index.php?rest_route=%2Fwp%2Fv2%2Fcategories&post=54595"},{"taxonomy":"post_tag","embeddable":true,"href":"http:\/\/www.filindeblogg.nu\/index.php?rest_route=%2Fwp%2Fv2%2Ftags&post=54595"}],"curies":[{"name":"wp","href":"https:\/\/api.w.org\/{rel}","templated":true}]}}