{"id":54543,"date":"2014-02-11T10:21:01","date_gmt":"2014-02-11T09:21:01","guid":{"rendered":"http:\/\/www.filindeblogg.nu\/?p=54543"},"modified":"2014-02-11T10:21:17","modified_gmt":"2014-02-11T09:21:17","slug":"hardare-tag-och-en-sarskild-dag","status":"publish","type":"post","link":"http:\/\/www.filindeblogg.nu\/?p=54543","title":{"rendered":"H\u00e5rdare tag och en s\u00e4rskild dag"},"content":{"rendered":"<p><a href=\"http:\/\/www.filindeblogg.nu\/wp-content\/uploads\/2014\/02\/Kurbits.jpg\"><img loading=\"lazy\" class=\"alignnone size-full wp-image-54544\" alt=\"Kurbits\" src=\"http:\/\/www.filindeblogg.nu\/wp-content\/uploads\/2014\/02\/Kurbits.jpg\" width=\"120\" height=\"112\" \/><\/a> Idag blir det en liten blogg och en kanske lite mer personlig.<\/p>\n<p>Idag fyller en av bloggarens \u00e4ldsta och b\u00e4sta v\u00e4nner \u00e5r &#8211; och hon fyller j\u00e4mnt! <a href=\"http:\/\/www.filindeblogg.nu\/wp-content\/uploads\/2014\/02\/Rysk-gumma.jpg\"><img loading=\"lazy\" class=\"alignnone size-full wp-image-54545\" alt=\"Rysk gumma\" src=\"http:\/\/www.filindeblogg.nu\/wp-content\/uploads\/2014\/02\/Rysk-gumma.jpg\" width=\"94\" height=\"150\" \/><\/a><\/p>\n<p>Kurbits fr\u00e5n <strong>Dalarna<\/strong> och den ryska gumman f\u00e5r symbolisera hennes ursprung! <strong>Grattis Junith!<\/strong><\/p>\n<p><a href=\"http:\/\/www.filindeblogg.nu\/wp-content\/uploads\/2014\/02\/Junith-fyller-60.jpg\"><img loading=\"lazy\" class=\"aligncenter size-full wp-image-54546\" alt=\"Junith fyller 60\" src=\"http:\/\/www.filindeblogg.nu\/wp-content\/uploads\/2014\/02\/Junith-fyller-60.jpg\" width=\"154\" height=\"161\" \/><\/a><\/p>\n<p><a href=\"http:\/\/www.filindeblogg.nu\/wp-content\/uploads\/2014\/02\/0044.jpg\"><img loading=\"lazy\" class=\"alignnone  wp-image-54547\" alt=\"004\" src=\"http:\/\/www.filindeblogg.nu\/wp-content\/uploads\/2014\/02\/0044-300x225.jpg\" width=\"180\" height=\"135\" srcset=\"http:\/\/www.filindeblogg.nu\/wp-content\/uploads\/2014\/02\/0044-300x225.jpg 300w, http:\/\/www.filindeblogg.nu\/wp-content\/uploads\/2014\/02\/0044.jpg 600w\" sizes=\"(max-width: 180px) 100vw, 180px\" \/><\/a> H\u00e4r om dagen bakades det bullar och bloggaren tror nog att en och annan bulle kommer att f\u00f6r\u00e4ras f\u00f6delsedagsbarnet &#8211; i sinom tid.<a href=\"http:\/\/www.filindeblogg.nu\/wp-content\/uploads\/2014\/02\/0081.jpg\"><img loading=\"lazy\" class=\"alignnone  wp-image-54548\" alt=\"008\" src=\"http:\/\/www.filindeblogg.nu\/wp-content\/uploads\/2014\/02\/0081-225x300.jpg\" width=\"135\" height=\"180\" srcset=\"http:\/\/www.filindeblogg.nu\/wp-content\/uploads\/2014\/02\/0081-225x300.jpg 225w, http:\/\/www.filindeblogg.nu\/wp-content\/uploads\/2014\/02\/0081.jpg 450w\" sizes=\"(max-width: 135px) 100vw, 135px\" \/><\/a> Hon firar p\u00e5 hemlig ort idag n\u00e4mligen.<\/p>\n<p style=\"text-align: center;\"><a href=\"http:\/\/www.filindeblogg.nu\/wp-content\/uploads\/2014\/02\/Gammal-sk\u00e5l-fr\u00e5n-Nittsj\u00f6.jpg\"><img loading=\"lazy\" class=\"wp-image-54549 aligncenter\" alt=\"Gammal sk\u00e5l fr\u00e5n Nittsj\u00f6\" src=\"http:\/\/www.filindeblogg.nu\/wp-content\/uploads\/2014\/02\/Gammal-sk\u00e5l-fr\u00e5n-Nittsj\u00f6-300x225.jpg\" width=\"126\" height=\"95\" srcset=\"http:\/\/www.filindeblogg.nu\/wp-content\/uploads\/2014\/02\/Gammal-sk\u00e5l-fr\u00e5n-Nittsj\u00f6-300x225.jpg 300w, http:\/\/www.filindeblogg.nu\/wp-content\/uploads\/2014\/02\/Gammal-sk\u00e5l-fr\u00e5n-Nittsj\u00f6.jpg 344w\" sizes=\"(max-width: 126px) 100vw, 126px\" \/><\/a><\/p>\n<p>P\u00e5 tal om f\u00f6delsedagar s\u00e5 t\u00e4nker bloggaren unna sig sj\u00e4lv en s\u00e5dan h\u00e4r\u00a0<a href=\"http:\/\/www.filindeblogg.nu\/wp-content\/uploads\/2014\/02\/dea40x5175_fresa.jpg\"><img loading=\"lazy\" class=\"alignnone  wp-image-54550\" alt=\"dea40x5175_fresa\" src=\"http:\/\/www.filindeblogg.nu\/wp-content\/uploads\/2014\/02\/dea40x5175_fresa-229x300.jpg\" width=\"137\" height=\"180\" srcset=\"http:\/\/www.filindeblogg.nu\/wp-content\/uploads\/2014\/02\/dea40x5175_fresa-229x300.jpg 229w, http:\/\/www.filindeblogg.nu\/wp-content\/uploads\/2014\/02\/dea40x5175_fresa.jpg 260w\" sizes=\"(max-width: 137px) 100vw, 137px\" \/><\/a> &#8211; utan n\u00e5gon f\u00f6delsedag alls eller ens namnsdag! Bloggaren \u00e4lskar <strong>Desigual<\/strong>:s design! Klicka <a href=\"http:\/\/www.boozt.com\/se\/sv\/desigual?gclid=CNWLp7rcw7wCFYLOcgodtR8AMg\" target=\"_blank\"><strong>H\u00c4R<\/strong><\/a> f\u00f6r att se mer av deras v\u00e4skor och kl\u00e4der!<\/p>\n<p>Det kan bli som en f\u00f6rsenad julklapp, kanske? F\u00f6r hemma hos bloggaren \u00e4r julen sen vill jag lova, h\u00e5ller sig kvar&#8230; <a href=\"http:\/\/www.filindeblogg.nu\/wp-content\/uploads\/2014\/02\/0112.jpg\"><img loading=\"lazy\" class=\"alignnone  wp-image-54551\" alt=\"011\" src=\"http:\/\/www.filindeblogg.nu\/wp-content\/uploads\/2014\/02\/0112-225x300.jpg\" width=\"158\" height=\"210\" srcset=\"http:\/\/www.filindeblogg.nu\/wp-content\/uploads\/2014\/02\/0112-225x300.jpg 225w, http:\/\/www.filindeblogg.nu\/wp-content\/uploads\/2014\/02\/0112.jpg 450w\" sizes=\"(max-width: 158px) 100vw, 158px\" \/><\/a> S\u00e5 h\u00e4r ser toppen av julgranen ut nu!<\/p>\n<p><a href=\"http:\/\/www.filindeblogg.nu\/wp-content\/uploads\/2014\/02\/0124.jpg\"><img loading=\"lazy\" class=\"alignnone  wp-image-54552\" alt=\"012\" src=\"http:\/\/www.filindeblogg.nu\/wp-content\/uploads\/2014\/02\/0124-300x225.jpg\" width=\"180\" height=\"135\" srcset=\"http:\/\/www.filindeblogg.nu\/wp-content\/uploads\/2014\/02\/0124-300x225.jpg 300w, http:\/\/www.filindeblogg.nu\/wp-content\/uploads\/2014\/02\/0124.jpg 600w\" sizes=\"(max-width: 180px) 100vw, 180px\" \/><\/a> Det \u00e4r n\u00e4stan som att vandra p\u00e5 en skogspromenad inne i l\u00e4genheten. Granen doftar ljuvligt och bloggaren vattnar den duktigt varje dag! \ud83d\ude42<\/p>\n<p>Kommer den att st\u00e5 kvar &#8221;\u00e4nda till p\u00e5ska&#8221; tro!? <a href=\"http:\/\/www.filindeblogg.nu\/wp-content\/uploads\/2014\/02\/0103.jpg\"><img loading=\"lazy\" class=\"alignnone  wp-image-54553\" alt=\"010\" src=\"http:\/\/www.filindeblogg.nu\/wp-content\/uploads\/2014\/02\/0103-225x300.jpg\" width=\"158\" height=\"210\" srcset=\"http:\/\/www.filindeblogg.nu\/wp-content\/uploads\/2014\/02\/0103-225x300.jpg 225w, http:\/\/www.filindeblogg.nu\/wp-content\/uploads\/2014\/02\/0103.jpg 450w\" sizes=\"(max-width: 158px) 100vw, 158px\" \/><\/a> Titta s\u00e5 fina, gr\u00f6na skott!<\/p>\n<p>Lite mer obehagliga saker ocks\u00e5 i dagens blogg. <a href=\"http:\/\/www.filindeblogg.nu\/wp-content\/uploads\/2014\/02\/L\u00e4rarf\u00f6rslag1.jpg\"><img loading=\"lazy\" class=\"alignnone size-medium wp-image-54554\" alt=\"L\u00e4rarf\u00f6rslag\" src=\"http:\/\/www.filindeblogg.nu\/wp-content\/uploads\/2014\/02\/L\u00e4rarf\u00f6rslag1-300x257.jpg\" width=\"300\" height=\"257\" srcset=\"http:\/\/www.filindeblogg.nu\/wp-content\/uploads\/2014\/02\/L\u00e4rarf\u00f6rslag1-300x257.jpg 300w, http:\/\/www.filindeblogg.nu\/wp-content\/uploads\/2014\/02\/L\u00e4rarf\u00f6rslag1.jpg 360w\" sizes=\"(max-width: 300px) 100vw, 300px\" \/><\/a> Bloggaren f\u00f6rundras \u00f6ver ins\u00e4ndare och kommentarer p\u00e5 sociala medier som f\u00f6resl\u00e5r h\u00e5rdare tag! Detta med anledning av den l\u00e4rare som tejpade sina elever med silvertejp f\u00f6r att f\u00e5 dem tysta. H\u00e5rdare tag mot eleverna allts\u00e5&#8230;<\/p>\n<p><a href=\"http:\/\/www.filindeblogg.nu\/wp-content\/uploads\/2014\/02\/Gr\u00e5tande-barn.jpg\"><img loading=\"lazy\" class=\"alignnone size-full wp-image-54555\" alt=\"Gr\u00e5tande barn\" src=\"http:\/\/www.filindeblogg.nu\/wp-content\/uploads\/2014\/02\/Gr\u00e5tande-barn.jpg\" width=\"133\" height=\"89\" \/><\/a> H\u00e5rdare tag \u00e4r INTE r\u00e4tt v\u00e4g att g\u00e5! Om detta har bloggaren skrivit en ins\u00e4ndare nyss och den kanske kommer i <a href=\"http:\/\/bblat.se\/\" target=\"_blank\"><strong>B\u00e4rgslagsbladet\/Arboga Tidning<\/strong><\/a> imorgon? H\u00e5ll utkik!<\/p>\n<p style=\"text-align: center;\">Ha en fin dag allesammans och allrahelst Junith!<br \/>\nGrattis p\u00e5 f\u00f6delsedagen!<\/p>\n<p style=\"text-align: center;\"><a href=\"http:\/\/www.filindeblogg.nu\/wp-content\/uploads\/2014\/02\/kurbitshistoria_4.jpg\"><img loading=\"lazy\" class=\"aligncenter size-full wp-image-54556\" alt=\"OLYMPUS DIGITAL CAMERA\" src=\"http:\/\/www.filindeblogg.nu\/wp-content\/uploads\/2014\/02\/kurbitshistoria_4.jpg\" width=\"280\" height=\"150\" \/><\/a><\/p>\n<p>&nbsp;<\/p>\n","protected":false},"excerpt":{"rendered":"<p>Idag blir det en liten blogg och en kanske lite mer personlig. Idag fyller en av bloggarens \u00e4ldsta och b\u00e4sta v\u00e4nner \u00e5r &#8211; och hon fyller j\u00e4mnt! Kurbits fr\u00e5n Dalarna och den ryska gumman f\u00e5r symbolisera hennes ursprung! Grattis Junith! H\u00e4r om dagen bakades det bullar och bloggaren tror nog att en och annan bulle [&hellip;]<\/p>\n","protected":false},"author":1,"featured_media":0,"comment_status":"open","ping_status":"open","sticky":false,"template":"","format":"standard","meta":[],"categories":[127,100,158,164,145,132,110,101],"tags":[],"_links":{"self":[{"href":"http:\/\/www.filindeblogg.nu\/index.php?rest_route=\/wp\/v2\/posts\/54543"}],"collection":[{"href":"http:\/\/www.filindeblogg.nu\/index.php?rest_route=\/wp\/v2\/posts"}],"about":[{"href":"http:\/\/www.filindeblogg.nu\/index.php?rest_route=\/wp\/v2\/types\/post"}],"author":[{"embeddable":true,"href":"http:\/\/www.filindeblogg.nu\/index.php?rest_route=\/wp\/v2\/users\/1"}],"replies":[{"embeddable":true,"href":"http:\/\/www.filindeblogg.nu\/index.php?rest_route=%2Fwp%2Fv2%2Fcomments&post=54543"}],"version-history":[{"count":7,"href":"http:\/\/www.filindeblogg.nu\/index.php?rest_route=\/wp\/v2\/posts\/54543\/revisions"}],"predecessor-version":[{"id":54563,"href":"http:\/\/www.filindeblogg.nu\/index.php?rest_route=\/wp\/v2\/posts\/54543\/revisions\/54563"}],"wp:attachment":[{"href":"http:\/\/www.filindeblogg.nu\/index.php?rest_route=%2Fwp%2Fv2%2Fmedia&parent=54543"}],"wp:term":[{"taxonomy":"category","embeddable":true,"href":"http:\/\/www.filindeblogg.nu\/index.php?rest_route=%2Fwp%2Fv2%2Fcategories&post=54543"},{"taxonomy":"post_tag","embeddable":true,"href":"http:\/\/www.filindeblogg.nu\/index.php?rest_route=%2Fwp%2Fv2%2Ftags&post=54543"}],"curies":[{"name":"wp","href":"https:\/\/api.w.org\/{rel}","templated":true}]}}