{"id":54044,"date":"2014-01-22T13:08:52","date_gmt":"2014-01-22T12:08:52","guid":{"rendered":"http:\/\/www.filindeblogg.nu\/?p=54044"},"modified":"2014-01-22T13:15:39","modified_gmt":"2014-01-22T12:15:39","slug":"dagens-gammelheter","status":"publish","type":"post","link":"http:\/\/www.filindeblogg.nu\/?p=54044","title":{"rendered":"Dagens Gammelheter!"},"content":{"rendered":"<p><a href=\"http:\/\/www.filindeblogg.nu\/wp-content\/uploads\/2014\/01\/Gammal-SvD.jpg\"><img loading=\"lazy\" class=\"alignnone size-full wp-image-54045\" alt=\"Gammal SvD\" src=\"http:\/\/www.filindeblogg.nu\/wp-content\/uploads\/2014\/01\/Gammal-SvD.jpg\" width=\"101\" height=\"101\" \/><\/a> <strong>Dagens Gammelheter<\/strong> blir det lite av idag. S\u00e5 kallade min lillebror <strong>Mats<\/strong> gamla exemplar av <strong>Dagens Nyheter<\/strong> hemma hos oss n\u00e4r han var liten. \ud83d\ude42<br \/>\nIdag blir det lite av varje &#8211; b\u00e5de gammelheter och nyheter!<\/p>\n<p>F\u00f6rst lite ur g\u00e5rdagens lokala <strong>Arboga Tidning<\/strong>.\u00a0<a href=\"http:\/\/www.filindeblogg.nu\/wp-content\/uploads\/2014\/01\/0127.jpg\"><img loading=\"lazy\" class=\"alignnone  wp-image-54046\" alt=\"012\" src=\"http:\/\/www.filindeblogg.nu\/wp-content\/uploads\/2014\/01\/0127-300x225.jpg\" width=\"180\" height=\"135\" srcset=\"http:\/\/www.filindeblogg.nu\/wp-content\/uploads\/2014\/01\/0127-300x225.jpg 300w, http:\/\/www.filindeblogg.nu\/wp-content\/uploads\/2014\/01\/0127.jpg 600w\" sizes=\"(max-width: 180px) 100vw, 180px\" \/><\/a> En annons! Och nej, bloggaren har inte provision fr\u00e5n <strong>Svensk Fastighetsf\u00f6rmedling<\/strong>! Men det nedersta husen till h\u00f6ger t\u00e5l att tittas n\u00e4rmare p\u00e5: <a href=\"http:\/\/www.filindeblogg.nu\/wp-content\/uploads\/2014\/01\/0134.jpg\"><img loading=\"lazy\" class=\"alignnone  wp-image-54047\" alt=\"013\" src=\"http:\/\/www.filindeblogg.nu\/wp-content\/uploads\/2014\/01\/0134-300x225.jpg\" width=\"180\" height=\"135\" srcset=\"http:\/\/www.filindeblogg.nu\/wp-content\/uploads\/2014\/01\/0134-300x225.jpg 300w, http:\/\/www.filindeblogg.nu\/wp-content\/uploads\/2014\/01\/0134.jpg 600w\" sizes=\"(max-width: 180px) 100vw, 180px\" \/><\/a> Det \u00e4r <strong>Bruns Foto:s hus<\/strong> som nu \u00e4r till salu sedan <strong>makarna Andersson<\/strong> avlidit.<\/p>\n<p>Huset <strong>Glasm\u00e4staren 1<\/strong> har h\u00e4rb\u00e4rgerat fotografer f\u00f6rr.\u00a0 <a href=\"http:\/\/www.filindeblogg.nu\/wp-content\/uploads\/2014\/01\/Sam-Brun.jpg\"><img loading=\"lazy\" class=\"alignnone size-full wp-image-54048\" alt=\"Sam Brun\" src=\"http:\/\/www.filindeblogg.nu\/wp-content\/uploads\/2014\/01\/Sam-Brun.jpg\" width=\"300\" height=\"225\" \/><\/a> <strong>Sam Brun<\/strong> kom 1916 till <strong>Arboga<\/strong> och 1923 blir han \u00e4gare till fastigheten som alltsedan dess g\u00e5tt under namnet <strong>&#8221;Bruns&#8221;<\/strong>. <a href=\"http:\/\/www.filindeblogg.nu\/wp-content\/uploads\/2014\/01\/14-jan-2013-Bruns-foto-bild-fr\u00e5n-tidigare-blogg.jpg\"><img loading=\"lazy\" class=\"alignnone  wp-image-54049\" alt=\"14-jan-2013 Bruns foto bild fr\u00e5n tidigare blogg\" src=\"http:\/\/www.filindeblogg.nu\/wp-content\/uploads\/2014\/01\/14-jan-2013-Bruns-foto-bild-fr\u00e5n-tidigare-blogg.jpg\" width=\"180\" height=\"135\" \/><\/a> Bilderna \u00e4r fr\u00e5n bloggen 14 januari f\u00f6rra \u00e5ret.<\/p>\n<p>T\u00e4nk om \u00e4nnu en fotograf kunde etablera sig i denna anrika k\u00e5k! Det \u00e4r verkligen ett hus med anor men ocks\u00e5 potential!<br \/>\nKlicka <a href=\"http:\/\/www.svenskfast.se\/Templates\/ObjectView.aspx?objectid=46D2PBF3HVS8FTCM\" target=\"_blank\"><strong>H\u00c4R<\/strong> <\/a>f\u00f6r att komma till Svensk Fastighetsf\u00f6rmedling och kika mer p\u00e5 huset!<\/p>\n<p>Gammal \u00e4r den h\u00e4r nyheten ocks\u00e5: <a href=\"http:\/\/www.filindeblogg.nu\/wp-content\/uploads\/2014\/01\/0083.jpg\"><img loading=\"lazy\" class=\"alignnone  wp-image-54050\" alt=\"008\" src=\"http:\/\/www.filindeblogg.nu\/wp-content\/uploads\/2014\/01\/0083-300x225.jpg\" width=\"180\" height=\"135\" srcset=\"http:\/\/www.filindeblogg.nu\/wp-content\/uploads\/2014\/01\/0083-300x225.jpg 300w, http:\/\/www.filindeblogg.nu\/wp-content\/uploads\/2014\/01\/0083.jpg 600w\" sizes=\"(max-width: 180px) 100vw, 180px\" \/><\/a> Att bloggaren handlat semlor f\u00f6r 18 kronor stycket &#8211; f\u00f6r det h\u00e4nde ig\u00e5r!\u00a0 <a href=\"http:\/\/www.filindeblogg.nu\/wp-content\/uploads\/2014\/01\/0092.jpg\"><img loading=\"lazy\" class=\"alignnone  wp-image-54051\" alt=\"009\" src=\"http:\/\/www.filindeblogg.nu\/wp-content\/uploads\/2014\/01\/0092-300x225.jpg\" width=\"180\" height=\"135\" srcset=\"http:\/\/www.filindeblogg.nu\/wp-content\/uploads\/2014\/01\/0092-300x225.jpg 300w, http:\/\/www.filindeblogg.nu\/wp-content\/uploads\/2014\/01\/0092.jpg 600w\" sizes=\"(max-width: 180px) 100vw, 180px\" \/><\/a> Men 18 kronor g\u00e4ller hela veckan p\u00e5<strong> konditoriet Sj\u00f6mans i K\u00f6ping<\/strong> som har p\u00e5sar fr\u00e5n <strong>Bivur<\/strong><br \/>\noch skylten kvar f\u00f6r <strong>Klingas<\/strong>!\u00a0<a href=\"http:\/\/www.filindeblogg.nu\/wp-content\/uploads\/2014\/01\/0074.jpg\"><img loading=\"lazy\" class=\"alignnone  wp-image-54052\" alt=\"007\" src=\"http:\/\/www.filindeblogg.nu\/wp-content\/uploads\/2014\/01\/0074-300x225.jpg\" width=\"180\" height=\"135\" srcset=\"http:\/\/www.filindeblogg.nu\/wp-content\/uploads\/2014\/01\/0074-300x225.jpg 300w, http:\/\/www.filindeblogg.nu\/wp-content\/uploads\/2014\/01\/0074.jpg 600w\" sizes=\"(max-width: 180px) 100vw, 180px\" \/><\/a> Konditorierna Bivur och Klinga har g\u00e5tt samman med en gemensam \u00e4gare och nytt namn &#8211; <strong>Sj\u00f6mans! <\/strong><\/p>\n<p><a href=\"http:\/\/www.filindeblogg.nu\/wp-content\/uploads\/2014\/01\/0145.jpg\"><img loading=\"lazy\" class=\"alignnone  wp-image-54053\" alt=\"014\" src=\"http:\/\/www.filindeblogg.nu\/wp-content\/uploads\/2014\/01\/0145-300x225.jpg\" width=\"180\" height=\"135\" srcset=\"http:\/\/www.filindeblogg.nu\/wp-content\/uploads\/2014\/01\/0145-300x225.jpg 300w, http:\/\/www.filindeblogg.nu\/wp-content\/uploads\/2014\/01\/0145.jpg 600w\" sizes=\"(max-width: 180px) 100vw, 180px\" \/><\/a> Men den gamla nyheten gjorde att bloggaren fick semla till lunch \u00e4ven idag eftersom priset var s\u00e5 bra att tv\u00e5 semlor inhandlades! \ud83d\ude00 <a href=\"http:\/\/www.filindeblogg.nu\/wp-content\/uploads\/2014\/01\/0194.jpg\"><img loading=\"lazy\" class=\"alignnone  wp-image-54054\" alt=\"019\" src=\"http:\/\/www.filindeblogg.nu\/wp-content\/uploads\/2014\/01\/0194-225x300.jpg\" width=\"135\" height=\"180\" srcset=\"http:\/\/www.filindeblogg.nu\/wp-content\/uploads\/2014\/01\/0194-225x300.jpg 225w, http:\/\/www.filindeblogg.nu\/wp-content\/uploads\/2014\/01\/0194.jpg 450w\" sizes=\"(max-width: 135px) 100vw, 135px\" \/><\/a> Med varm mj\u00f6lk, kanel och socker som sig b\u00f6r! \ud83d\ude42<\/p>\n<p>Nytt ur lokalbladet \u00e4r i alla fall det h\u00e4r: <a href=\"http:\/\/www.filindeblogg.nu\/wp-content\/uploads\/2014\/01\/B\u00e4sta-pulkabacken.jpg\"><img loading=\"lazy\" class=\"alignnone  wp-image-54055\" alt=\"B\u00e4sta pulkabacken\" src=\"http:\/\/www.filindeblogg.nu\/wp-content\/uploads\/2014\/01\/B\u00e4sta-pulkabacken-300x225.jpg\" width=\"180\" height=\"135\" srcset=\"http:\/\/www.filindeblogg.nu\/wp-content\/uploads\/2014\/01\/B\u00e4sta-pulkabacken-300x225.jpg 300w, http:\/\/www.filindeblogg.nu\/wp-content\/uploads\/2014\/01\/B\u00e4sta-pulkabacken.jpg 600w\" sizes=\"(max-width: 180px) 100vw, 180px\" \/><\/a> Tre reportrar p\u00e5 <a href=\"http:\/\/bblat.se\/nyheter\" target=\"_blank\"><strong>B\u00e4rgslagsbladet\/Arboga Tidning<\/strong> <\/a>har testat regionens pulkabackar och rangordnat dem!\u00a0<a href=\"http:\/\/www.filindeblogg.nu\/wp-content\/uploads\/2014\/01\/0106.jpg\"><img loading=\"lazy\" class=\"alignnone  wp-image-54056\" alt=\"010\" src=\"http:\/\/www.filindeblogg.nu\/wp-content\/uploads\/2014\/01\/0106-300x225.jpg\" width=\"180\" height=\"135\" srcset=\"http:\/\/www.filindeblogg.nu\/wp-content\/uploads\/2014\/01\/0106-300x225.jpg 300w, http:\/\/www.filindeblogg.nu\/wp-content\/uploads\/2014\/01\/0106.jpg 600w\" sizes=\"(max-width: 180px) 100vw, 180px\" \/><\/a> D\u00e5 blir bloggaren nostalgisk och minns fantastiska pulkaf\u00e4rder i <strong>Teknikbacken i Arboga<\/strong> f\u00f6rr.<br \/>\nS\u00e4rskilt ett minne dyker upp!\u00a0<a href=\"http:\/\/www.filindeblogg.nu\/wp-content\/uploads\/2014\/01\/Rodel.jpg\"><img loading=\"lazy\" class=\"alignnone size-full wp-image-54057\" alt=\"Rodel\" src=\"http:\/\/www.filindeblogg.nu\/wp-content\/uploads\/2014\/01\/Rodel.jpg\" width=\"127\" height=\"92\" \/><\/a> Det hade blivit n\u00e4stan som en rodelbana uppifr\u00e5n toppen p\u00e5 backen och ner! Helt fantastiskt att \u00e5ka pulka i full fart ned\u00e5t mellan de h\u00f6ga vallarna! Det dumma i sammanhanget var att bloggaren som d\u00e5 var runt 11-12 \u00e5r skulle l\u00e5ta hunden <strong>Raja<\/strong> \u00e5ka med&#8230;\u00a0<a href=\"http:\/\/www.filindeblogg.nu\/wp-content\/uploads\/2014\/01\/Str\u00e4vh\u00e5rig-foxterrier-huvud.jpg\"><img loading=\"lazy\" class=\"alignnone size-full wp-image-54058\" alt=\"Str\u00e4vh\u00e5rig foxterrier huvud\" src=\"http:\/\/www.filindeblogg.nu\/wp-content\/uploads\/2014\/01\/Str\u00e4vh\u00e5rig-foxterrier-huvud.jpg\" width=\"91\" height=\"137\" \/><\/a> Nog f\u00f6r att den str\u00e4vh\u00e5riga foxterriern var med p\u00e5 mycket bus men h\u00e4r gick gr\u00e4nsen! Raja fick panik och kastade sig av i farten. Hon skadades dock inte och slapp fler turer p\u00e5 pulka. \ud83d\ude42 <a href=\"http:\/\/www.filindeblogg.nu\/wp-content\/uploads\/2014\/01\/Morris-p\u00e5-Gran-Canaria.jpg\"><img loading=\"lazy\" class=\"alignnone size-full wp-image-54059\" alt=\"Morris p\u00e5 Gran Canaria\" src=\"http:\/\/www.filindeblogg.nu\/wp-content\/uploads\/2014\/01\/Morris-p\u00e5-Gran-Canaria.jpg\" width=\"150\" height=\"113\" \/><\/a> Bilden h\u00e4r f\u00f6rest\u00e4ller <strong>Morris<\/strong>, str\u00e4vh\u00e5rig foxterrier boende p\u00e5 <strong>Gran Canaria<\/strong> &#8211; pl\u00e5tad av bloggaren f\u00f6r ett par \u00e5r sedan.<\/p>\n<p>En nyhet som gjorde bloggaren v\u00e4ldigt, v\u00e4ldigt glad \u00e4r blomsterbudet som kom ig\u00e5r! <a href=\"http:\/\/www.filindeblogg.nu\/wp-content\/uploads\/2014\/01\/Rosor-fr\u00e5n-Olavi-2.jpg\"><img loading=\"lazy\" class=\"alignnone  wp-image-54060\" alt=\"Rosor fr\u00e5n Olavi (2)\" src=\"http:\/\/www.filindeblogg.nu\/wp-content\/uploads\/2014\/01\/Rosor-fr\u00e5n-Olavi-2-225x300.jpg\" width=\"81\" height=\"108\" srcset=\"http:\/\/www.filindeblogg.nu\/wp-content\/uploads\/2014\/01\/Rosor-fr\u00e5n-Olavi-2-225x300.jpg 225w, http:\/\/www.filindeblogg.nu\/wp-content\/uploads\/2014\/01\/Rosor-fr\u00e5n-Olavi-2.jpg 450w\" sizes=\"(max-width: 81px) 100vw, 81px\" \/><\/a> Det \u00e4r inte varje dag precis som man f\u00e5r 10 r\u00f6da rosor! TACK!!<\/p>\n<p>Slut p\u00e5 dagens gammelheter och \u00e4ven p\u00e5 de nya. Flera nyheter f\u00e5r ni ordna sj\u00e4lva nu! M\u00e5 s\u00e5 gott!<\/p>\n<p><a href=\"http:\/\/www.filindeblogg.nu\/wp-content\/uploads\/2014\/01\/0292.jpg\"><img loading=\"lazy\" class=\"aligncenter size-medium wp-image-54061\" alt=\"029\" src=\"http:\/\/www.filindeblogg.nu\/wp-content\/uploads\/2014\/01\/0292-300x279.jpg\" width=\"300\" height=\"279\" srcset=\"http:\/\/www.filindeblogg.nu\/wp-content\/uploads\/2014\/01\/0292-300x279.jpg 300w, http:\/\/www.filindeblogg.nu\/wp-content\/uploads\/2014\/01\/0292.jpg 483w\" sizes=\"(max-width: 300px) 100vw, 300px\" \/><\/a><\/p>\n<p>&nbsp;<\/p>\n<p>&nbsp;<\/p>\n<p>&nbsp;<\/p>\n","protected":false},"excerpt":{"rendered":"<p>Dagens Gammelheter blir det lite av idag. S\u00e5 kallade min lillebror Mats gamla exemplar av Dagens Nyheter hemma hos oss n\u00e4r han var liten. \ud83d\ude42 Idag blir det lite av varje &#8211; b\u00e5de gammelheter och nyheter! F\u00f6rst lite ur g\u00e5rdagens lokala Arboga Tidning.\u00a0 En annons! Och nej, bloggaren har inte provision fr\u00e5n Svensk Fastighetsf\u00f6rmedling! Men [&hellip;]<\/p>\n","protected":false},"author":1,"featured_media":0,"comment_status":"open","ping_status":"open","sticky":false,"template":"","format":"standard","meta":[],"categories":[127,100,158,132,148,101],"tags":[],"_links":{"self":[{"href":"http:\/\/www.filindeblogg.nu\/index.php?rest_route=\/wp\/v2\/posts\/54044"}],"collection":[{"href":"http:\/\/www.filindeblogg.nu\/index.php?rest_route=\/wp\/v2\/posts"}],"about":[{"href":"http:\/\/www.filindeblogg.nu\/index.php?rest_route=\/wp\/v2\/types\/post"}],"author":[{"embeddable":true,"href":"http:\/\/www.filindeblogg.nu\/index.php?rest_route=\/wp\/v2\/users\/1"}],"replies":[{"embeddable":true,"href":"http:\/\/www.filindeblogg.nu\/index.php?rest_route=%2Fwp%2Fv2%2Fcomments&post=54044"}],"version-history":[{"count":11,"href":"http:\/\/www.filindeblogg.nu\/index.php?rest_route=\/wp\/v2\/posts\/54044\/revisions"}],"predecessor-version":[{"id":54072,"href":"http:\/\/www.filindeblogg.nu\/index.php?rest_route=\/wp\/v2\/posts\/54044\/revisions\/54072"}],"wp:attachment":[{"href":"http:\/\/www.filindeblogg.nu\/index.php?rest_route=%2Fwp%2Fv2%2Fmedia&parent=54044"}],"wp:term":[{"taxonomy":"category","embeddable":true,"href":"http:\/\/www.filindeblogg.nu\/index.php?rest_route=%2Fwp%2Fv2%2Fcategories&post=54044"},{"taxonomy":"post_tag","embeddable":true,"href":"http:\/\/www.filindeblogg.nu\/index.php?rest_route=%2Fwp%2Fv2%2Ftags&post=54044"}],"curies":[{"name":"wp","href":"https:\/\/api.w.org\/{rel}","templated":true}]}}