{"id":53756,"date":"2014-01-12T11:07:15","date_gmt":"2014-01-12T10:07:15","guid":{"rendered":"http:\/\/www.filindeblogg.nu\/?p=53756"},"modified":"2014-01-12T11:07:15","modified_gmt":"2014-01-12T10:07:15","slug":"sondagens-rubriker-predikan-om-vilka-problem-som-ar-varst","status":"publish","type":"post","link":"http:\/\/www.filindeblogg.nu\/?p=53756","title":{"rendered":"S\u00f6ndagens rubriker &#8211; predikan om vilka problem som \u00e4r v\u00e4rst?"},"content":{"rendered":"<p><a href=\"http:\/\/www.filindeblogg.nu\/wp-content\/uploads\/2014\/01\/0132.jpg\"><img loading=\"lazy\" class=\"alignnone size-medium wp-image-53757\" alt=\"013\" src=\"http:\/\/www.filindeblogg.nu\/wp-content\/uploads\/2014\/01\/0132-300x225.jpg\" width=\"300\" height=\"225\" srcset=\"http:\/\/www.filindeblogg.nu\/wp-content\/uploads\/2014\/01\/0132-300x225.jpg 300w, http:\/\/www.filindeblogg.nu\/wp-content\/uploads\/2014\/01\/0132.jpg 600w\" sizes=\"(max-width: 300px) 100vw, 300px\" \/><\/a> Precis s\u00e5 h\u00e4r vill bloggaren ocks\u00e5 g\u00f6ra n\u00e4r termometern visar detta p\u00e5 morgonen: <a href=\"http:\/\/www.filindeblogg.nu\/wp-content\/uploads\/2014\/01\/Temp-morgon-06.59-s\u00f6nd-12-jan-2014.jpg\"><img loading=\"lazy\" class=\"alignnone size-full wp-image-53758\" alt=\"Temp morgon 06.59 s\u00f6nd 12 jan 2014\" src=\"http:\/\/www.filindeblogg.nu\/wp-content\/uploads\/2014\/01\/Temp-morgon-06.59-s\u00f6nd-12-jan-2014.jpg\" width=\"154\" height=\"126\" \/><\/a><\/p>\n<p>Liksom katterna f\u00f6redrar bloggaren v\u00e4rme och d\u00e4rmed ocks\u00e5 behagligare \u00e5rstider \u00e4n vintern<a href=\"http:\/\/www.aftonbladet.se\/sportbladet\/trav365\/article18161168.ab\" target=\"_blank\">.<\/a> Kyla kan vara bloggarens problem<a href=\"http:\/\/www.expressen.se\/vadernytt\/nu-har-hela-sverige-till-slut-fatt-vintervader\/\" target=\"_blank\">.<\/a> K\u00f6ld liksom sn\u00f6 och is kan vara m\u00e5nga andras ocks\u00e5 &#8211; <strong><a href=\"http:\/\/www.trafikverket.se\/\" target=\"_blank\">Trafikverket<\/a>s<\/strong> till exempel&#8230; <a href=\"http:\/\/www.filindeblogg.nu\/wp-content\/uploads\/2014\/01\/0081.jpg\"><img loading=\"lazy\" class=\"alignnone size-medium wp-image-53759\" alt=\"008\" src=\"http:\/\/www.filindeblogg.nu\/wp-content\/uploads\/2014\/01\/0081-225x300.jpg\" width=\"225\" height=\"300\" srcset=\"http:\/\/www.filindeblogg.nu\/wp-content\/uploads\/2014\/01\/0081-225x300.jpg 225w, http:\/\/www.filindeblogg.nu\/wp-content\/uploads\/2014\/01\/0081.jpg 450w\" sizes=\"(max-width: 225px) 100vw, 225px\" \/><\/a><br \/>\n<em>&#8221;Vi kan aldrig skydda oss mot extremt v\u00e4der&#8221;<\/em>, s\u00e4ger Trafikverkets generaldirekt\u00f6r.<\/p>\n<p><strong><em>&#8221;Extremt v\u00e4der&#8221;<\/em><\/strong> &#8211; ??? <strong>Sverige<\/strong> har haft iskalla sn\u00f6rika vintrar och regniga somrar sen urminnes tider<a href=\"http:\/\/www.svd.se\/nyheter\/inrikes\/svep-installda-tag-efter-ursparning_8871796.svd?sidan=9\" target=\"_blank\">.<\/a> Vari ligger det nu extrema som g\u00f6r att t\u00e5gen aldrig g\u00e5r som de ska!? <a href=\"http:\/\/www.filindeblogg.nu\/wp-content\/uploads\/2014\/01\/0062.jpg\"><img loading=\"lazy\" class=\"alignnone size-medium wp-image-53760\" alt=\"006\" src=\"http:\/\/www.filindeblogg.nu\/wp-content\/uploads\/2014\/01\/0062-300x225.jpg\" width=\"300\" height=\"225\" srcset=\"http:\/\/www.filindeblogg.nu\/wp-content\/uploads\/2014\/01\/0062-300x225.jpg 300w, http:\/\/www.filindeblogg.nu\/wp-content\/uploads\/2014\/01\/0062.jpg 600w\" sizes=\"(max-width: 300px) 100vw, 300px\" \/><\/a><\/p>\n<p>Bilden h\u00e4r <a href=\"http:\/\/www.filindeblogg.nu\/wp-content\/uploads\/2014\/01\/0044.jpg\"><img loading=\"lazy\" class=\"alignnone size-medium wp-image-53761\" alt=\"004\" src=\"http:\/\/www.filindeblogg.nu\/wp-content\/uploads\/2014\/01\/0044-300x225.jpg\" width=\"300\" height=\"225\" srcset=\"http:\/\/www.filindeblogg.nu\/wp-content\/uploads\/2014\/01\/0044-300x225.jpg 300w, http:\/\/www.filindeblogg.nu\/wp-content\/uploads\/2014\/01\/0044.jpg 600w\" sizes=\"(max-width: 300px) 100vw, 300px\" \/><\/a> och de ovan om t\u00e5gtrubblet \u00e4r fotograferade ur dagens <a href=\"http:\/\/www.dn.se\/\" target=\"_blank\"><strong>DN<\/strong><\/a>.<\/p>\n<p>Trafikverket tror inte ens sj\u00e4lva att t\u00e5gtrafiken kommer att fungera! <a href=\"http:\/\/www.filindeblogg.nu\/wp-content\/uploads\/2014\/01\/0054.jpg\"><img loading=\"lazy\" class=\"alignnone size-medium wp-image-53762\" alt=\"005\" src=\"http:\/\/www.filindeblogg.nu\/wp-content\/uploads\/2014\/01\/0054-300x225.jpg\" width=\"300\" height=\"225\" srcset=\"http:\/\/www.filindeblogg.nu\/wp-content\/uploads\/2014\/01\/0054-300x225.jpg 300w, http:\/\/www.filindeblogg.nu\/wp-content\/uploads\/2014\/01\/0054.jpg 600w\" sizes=\"(max-width: 300px) 100vw, 300px\" \/><\/a><\/p>\n<p><a href=\"http:\/\/www.filindeblogg.nu\/wp-content\/uploads\/2014\/01\/0073.jpg\"><img loading=\"lazy\" class=\"alignnone  wp-image-53764\" alt=\"007\" src=\"http:\/\/www.filindeblogg.nu\/wp-content\/uploads\/2014\/01\/0073-300x231.jpg\" width=\"210\" height=\"162\" srcset=\"http:\/\/www.filindeblogg.nu\/wp-content\/uploads\/2014\/01\/0073-300x231.jpg 300w, http:\/\/www.filindeblogg.nu\/wp-content\/uploads\/2014\/01\/0073.jpg 535w\" sizes=\"(max-width: 210px) 100vw, 210px\" \/><\/a> Det kan vi i <strong>V\u00e4stra M\u00e4lardalen<\/strong> bland m\u00e5nga andra skriva under p\u00e5!<br \/>\nL\u00e4s <a href=\"http:\/\/www.dn.se\/nyheter\/sverige\/tagtrubbel-vantar-i-vinter-trots-massiv-kritik\/\" target=\"_blank\"><strong>H\u00c4R<\/strong><\/a> hela artikeln i DN om t\u00e5gsituationen!<\/p>\n<p>Tecknare <strong>Bard<\/strong> har p\u00e5passligt denna s\u00e5 kallade comic strip i DN idag! \ud83d\ude00<\/p>\n<p><a href=\"http:\/\/www.filindeblogg.nu\/wp-content\/uploads\/2014\/01\/0034.jpg\"><img loading=\"lazy\" class=\"aligncenter size-medium wp-image-53790\" alt=\"003\" src=\"http:\/\/www.filindeblogg.nu\/wp-content\/uploads\/2014\/01\/0034-300x235.jpg\" width=\"300\" height=\"235\" srcset=\"http:\/\/www.filindeblogg.nu\/wp-content\/uploads\/2014\/01\/0034-300x235.jpg 300w, http:\/\/www.filindeblogg.nu\/wp-content\/uploads\/2014\/01\/0034.jpg 536w\" sizes=\"(max-width: 300px) 100vw, 300px\" \/><\/a><\/p>\n<p>\u00c4nd\u00e5 k\u00e4nns de h\u00e4r problemen bagatellartade j\u00e4mf\u00f6rt med <strong>Haitis<\/strong>!\u00a0<a href=\"http:\/\/www.filindeblogg.nu\/wp-content\/uploads\/2014\/01\/0103.jpg\"><img loading=\"lazy\" class=\"alignnone size-medium wp-image-53765\" alt=\"010\" src=\"http:\/\/www.filindeblogg.nu\/wp-content\/uploads\/2014\/01\/0103-225x300.jpg\" width=\"225\" height=\"300\" srcset=\"http:\/\/www.filindeblogg.nu\/wp-content\/uploads\/2014\/01\/0103-225x300.jpg 225w, http:\/\/www.filindeblogg.nu\/wp-content\/uploads\/2014\/01\/0103.jpg 450w\" sizes=\"(max-width: 225px) 100vw, 225px\" \/><\/a> <strong>Dagens Nyheter<\/strong> tar idag upp katastrofen d\u00e4r. <em>&#8221;Ingen ljusning i sikte&#8221;<\/em>, skriver DN och p\u00e5 ett reportage inne i tidningen \u00e4r rubriken <em>&#8221;N\u00f6den har fallit i gl\u00f6mska och hj\u00e4lpen uteblir&#8221;<\/em>. <a href=\"http:\/\/www.filindeblogg.nu\/wp-content\/uploads\/2014\/01\/0091.jpg\"><img loading=\"lazy\" class=\"alignnone size-medium wp-image-53766\" alt=\"009\" src=\"http:\/\/www.filindeblogg.nu\/wp-content\/uploads\/2014\/01\/0091-244x300.jpg\" width=\"244\" height=\"300\" srcset=\"http:\/\/www.filindeblogg.nu\/wp-content\/uploads\/2014\/01\/0091-244x300.jpg 244w, http:\/\/www.filindeblogg.nu\/wp-content\/uploads\/2014\/01\/0091.jpg 450w\" sizes=\"(max-width: 244px) 100vw, 244px\" \/><\/a> Kvinnan p\u00e5 bilden miste halva sitt ben i jordb\u00e4vningen och f\u00f6rs\u00f6ker f\u00f6rs\u00f6rja sina sm\u00e5 barn genom att s\u00e4lja salta pinnar och kex.<br \/>\nCitat fr\u00e5n <strong>R\u00f6da Korset<\/strong>s hemsida: <em>&#8221;Den 12 januari 2010 drabbades Haiti av en jordb\u00e4vning av ofattbara dimensioner. N\u00e4stan 220 000 m\u00e4nniskor d\u00f6dades och 2,1 miljoner blev heml\u00f6sa.&#8221;<\/em><\/p>\n<p>H\u00e4r kan man tala om extrem situation! Klicka <a href=\"http:\/\/www.redcross.se\/teman\/haiti\/\" target=\"_blank\"><strong>H\u00c4R<\/strong><\/a> f\u00f6r att st\u00f6dja befolkningen i Haiti via\u00a0 <a href=\"http:\/\/www.filindeblogg.nu\/wp-content\/uploads\/2014\/01\/R\u00f6da-Korset.png\"><img loading=\"lazy\" class=\"alignnone size-full wp-image-53767\" alt=\"R\u00f6da Korset\" src=\"http:\/\/www.filindeblogg.nu\/wp-content\/uploads\/2014\/01\/R\u00f6da-Korset.png\" width=\"250\" height=\"94\" \/><\/a><\/p>\n<p>Dagens predikan handlar om problem &#8211; vilka el\u00e4nden som \u00e4r v\u00e4rst att oja sig \u00f6ver. Allting \u00e4r relativt, som det heter, och det ena kanske inte f\u00f6rtar det andra. Dock k\u00e4nns n\u00f6den i Haiti betydligt v\u00e4rre \u00e4n pendlare som kommer f\u00f6rsent till jobbet p\u00e5 grund av instabil t\u00e5gtrafik.<\/p>\n<p><a href=\"http:\/\/www.filindeblogg.nu\/wp-content\/uploads\/2014\/01\/0331.jpg\"><img loading=\"lazy\" class=\"alignnone  wp-image-53768\" alt=\"033\" src=\"http:\/\/www.filindeblogg.nu\/wp-content\/uploads\/2014\/01\/0331-300x225.jpg\" width=\"180\" height=\"135\" srcset=\"http:\/\/www.filindeblogg.nu\/wp-content\/uploads\/2014\/01\/0331-300x225.jpg 300w, http:\/\/www.filindeblogg.nu\/wp-content\/uploads\/2014\/01\/0331.jpg 600w\" sizes=\"(max-width: 180px) 100vw, 180px\" \/><\/a> F\u00f6r att \u00e5terknyta till katter s\u00e5 kom tv\u00e5 kattkalendrar med posten h\u00e4r om dagen!\u00a0 Den h\u00e4r <a href=\"http:\/\/www.filindeblogg.nu\/wp-content\/uploads\/2014\/01\/0342.jpg\"><img loading=\"lazy\" class=\"alignnone  wp-image-53769\" alt=\"034\" src=\"http:\/\/www.filindeblogg.nu\/wp-content\/uploads\/2014\/01\/0342-261x300.jpg\" width=\"157\" height=\"180\" srcset=\"http:\/\/www.filindeblogg.nu\/wp-content\/uploads\/2014\/01\/0342-261x300.jpg 261w, http:\/\/www.filindeblogg.nu\/wp-content\/uploads\/2014\/01\/0342.jpg 450w\" sizes=\"(max-width: 157px) 100vw, 157px\" \/><\/a><br \/>\noch den h\u00e4r: <a href=\"http:\/\/www.filindeblogg.nu\/wp-content\/uploads\/2014\/01\/035.jpg\"><img loading=\"lazy\" class=\"alignnone  wp-image-53770\" alt=\"035\" src=\"http:\/\/www.filindeblogg.nu\/wp-content\/uploads\/2014\/01\/035-225x300.jpg\" width=\"135\" height=\"180\" srcset=\"http:\/\/www.filindeblogg.nu\/wp-content\/uploads\/2014\/01\/035-225x300.jpg 225w, http:\/\/www.filindeblogg.nu\/wp-content\/uploads\/2014\/01\/035.jpg 450w\" sizes=\"(max-width: 135px) 100vw, 135px\" \/><\/a> F\u00f6r \u00f6vrigt h\u00e4nvisar bloggaren till de olika katth\u00e4rb\u00e4rgen som finns runt om i <strong>Sverige<\/strong> som s\u00e4ljer kattkalendrar f\u00f6r att sponsra sin verksamhet.<br \/>\nBloggaren har en kalender fr\u00e5n <a href=\"http:\/\/www.huskatten.com\/\" target=\"_blank\"><strong>Huskatten i V\u00e4ster\u00e5s<\/strong><\/a> men ocks\u00e5 kalendrar fr\u00e5n <strong>Stockholm<\/strong>, <strong>G\u00f6teborg<\/strong> och <strong>Norrbotten<\/strong>. I kalendrarna finns information om p\u00e5 vilket s\u00e4tt man arbetar f\u00f6r katterna. Nytta med n\u00f6je att k\u00f6pa en s\u00e5dan kalender! S\u00f6k via <a href=\"http:\/\/www.google.se\/\" target=\"_blank\"><strong>Google<\/strong><\/a> p\u00e5 n\u00e4tet f\u00f6r att hitta katthem som s\u00e4ljer kalendrar!<\/p>\n<p><strong>Katten Felix<\/strong> gillar inte kyla och det g\u00f6r inte brorsan <strong>Curry<\/strong> heller som h\u00e4r har krupit in under t\u00e4cket f\u00f6r att riktigt g\u00f6mma sig f\u00f6r v\u00e4rlden och ta tillvara v\u00e4rmen! <a href=\"http:\/\/www.filindeblogg.nu\/wp-content\/uploads\/2014\/01\/0016.jpg\"><img loading=\"lazy\" class=\"alignnone  wp-image-53771\" alt=\"001\" src=\"http:\/\/www.filindeblogg.nu\/wp-content\/uploads\/2014\/01\/0016-225x300.jpg\" width=\"135\" height=\"180\" srcset=\"http:\/\/www.filindeblogg.nu\/wp-content\/uploads\/2014\/01\/0016-225x300.jpg 225w, http:\/\/www.filindeblogg.nu\/wp-content\/uploads\/2014\/01\/0016.jpg 450w\" sizes=\"(max-width: 135px) 100vw, 135px\" \/><\/a><\/p>\n<p style=\"text-align: center;\">Njut vintern eller kryp i ide! \ud83d\ude42<\/p>\n<p style=\"text-align: center;\"><a href=\"http:\/\/www.filindeblogg.nu\/wp-content\/uploads\/2014\/01\/0123.jpg\"><img loading=\"lazy\" class=\"aligncenter size-medium wp-image-53772\" alt=\"012\" src=\"http:\/\/www.filindeblogg.nu\/wp-content\/uploads\/2014\/01\/0123-300x225.jpg\" width=\"300\" height=\"225\" srcset=\"http:\/\/www.filindeblogg.nu\/wp-content\/uploads\/2014\/01\/0123-300x225.jpg 300w, http:\/\/www.filindeblogg.nu\/wp-content\/uploads\/2014\/01\/0123.jpg 600w\" sizes=\"(max-width: 300px) 100vw, 300px\" \/><\/a><\/p>\n<p>&nbsp;<\/p>\n","protected":false},"excerpt":{"rendered":"<p>Precis s\u00e5 h\u00e4r vill bloggaren ocks\u00e5 g\u00f6ra n\u00e4r termometern visar detta p\u00e5 morgonen: Liksom katterna f\u00f6redrar bloggaren v\u00e4rme och d\u00e4rmed ocks\u00e5 behagligare \u00e5rstider \u00e4n vintern. Kyla kan vara bloggarens problem. K\u00f6ld liksom sn\u00f6 och is kan vara m\u00e5nga andras ocks\u00e5 &#8211; Trafikverkets till exempel&#8230; &#8221;Vi kan aldrig skydda oss mot extremt v\u00e4der&#8221;, s\u00e4ger Trafikverkets generaldirekt\u00f6r. [&hellip;]<\/p>\n","protected":false},"author":1,"featured_media":0,"comment_status":"open","ping_status":"open","sticky":false,"template":"","format":"standard","meta":[],"categories":[41,143,100,151,101,153,133],"tags":[],"_links":{"self":[{"href":"http:\/\/www.filindeblogg.nu\/index.php?rest_route=\/wp\/v2\/posts\/53756"}],"collection":[{"href":"http:\/\/www.filindeblogg.nu\/index.php?rest_route=\/wp\/v2\/posts"}],"about":[{"href":"http:\/\/www.filindeblogg.nu\/index.php?rest_route=\/wp\/v2\/types\/post"}],"author":[{"embeddable":true,"href":"http:\/\/www.filindeblogg.nu\/index.php?rest_route=\/wp\/v2\/users\/1"}],"replies":[{"embeddable":true,"href":"http:\/\/www.filindeblogg.nu\/index.php?rest_route=%2Fwp%2Fv2%2Fcomments&post=53756"}],"version-history":[{"count":23,"href":"http:\/\/www.filindeblogg.nu\/index.php?rest_route=\/wp\/v2\/posts\/53756\/revisions"}],"predecessor-version":[{"id":53796,"href":"http:\/\/www.filindeblogg.nu\/index.php?rest_route=\/wp\/v2\/posts\/53756\/revisions\/53796"}],"wp:attachment":[{"href":"http:\/\/www.filindeblogg.nu\/index.php?rest_route=%2Fwp%2Fv2%2Fmedia&parent=53756"}],"wp:term":[{"taxonomy":"category","embeddable":true,"href":"http:\/\/www.filindeblogg.nu\/index.php?rest_route=%2Fwp%2Fv2%2Fcategories&post=53756"},{"taxonomy":"post_tag","embeddable":true,"href":"http:\/\/www.filindeblogg.nu\/index.php?rest_route=%2Fwp%2Fv2%2Ftags&post=53756"}],"curies":[{"name":"wp","href":"https:\/\/api.w.org\/{rel}","templated":true}]}}