{"id":53629,"date":"2014-01-07T11:10:15","date_gmt":"2014-01-07T10:10:15","guid":{"rendered":"http:\/\/www.filindeblogg.nu\/?p=53629"},"modified":"2014-01-07T11:10:15","modified_gmt":"2014-01-07T10:10:15","slug":"valkommen-till-arboga-2","status":"publish","type":"post","link":"http:\/\/www.filindeblogg.nu\/?p=53629","title":{"rendered":"V\u00e4lkommen till Arboga?"},"content":{"rendered":"<p><a href=\"http:\/\/www.filindeblogg.nu\/wp-content\/uploads\/2014\/01\/V\u00e4lkommen-till-Arboga-Megapuff-706x295.jpg\"><img loading=\"lazy\" class=\"alignnone size-medium wp-image-53630\" alt=\"V\u00e4lkommen till Arboga Megapuff-706x295\" src=\"http:\/\/www.filindeblogg.nu\/wp-content\/uploads\/2014\/01\/V\u00e4lkommen-till-Arboga-Megapuff-706x295-300x125.jpg\" width=\"300\" height=\"125\" srcset=\"http:\/\/www.filindeblogg.nu\/wp-content\/uploads\/2014\/01\/V\u00e4lkommen-till-Arboga-Megapuff-706x295-300x125.jpg 300w, http:\/\/www.filindeblogg.nu\/wp-content\/uploads\/2014\/01\/V\u00e4lkommen-till-Arboga-Megapuff-706x295.jpg 706w\" sizes=\"(max-width: 300px) 100vw, 300px\" \/><\/a> Den h\u00e4r trevliga vinjetten finns p\u00e5 <a href=\"http:\/\/www.arboga.se\/\" target=\"_blank\">Arboga kommuns hemsida<\/a>! Den v\u00e4lkomnar till Arboga fast som p\u00e5 den fina bilden ser det inte riktigt ut just nu i <strong>Arboga<\/strong>&#8230;<br \/>\n<a href=\"http:\/\/www.filindeblogg.nu\/wp-content\/uploads\/2014\/01\/0223.jpg\"><img loading=\"lazy\" class=\"alignnone size-full wp-image-53632\" alt=\"022\" src=\"http:\/\/www.filindeblogg.nu\/wp-content\/uploads\/2014\/01\/0223.jpg\" width=\"248\" height=\"177\" \/><\/a> Den h\u00e4r bilden \u00e4r mer r\u00e4ttvisande &#8211; tagen 3 januari 2014.<\/p>\n<p>Fr\u00e5n cykelbron i \u00f6st ter sig<strong> Arboga\u00e5n<\/strong> s\u00e5 h\u00e4r idag: <a href=\"http:\/\/www.filindeblogg.nu\/wp-content\/uploads\/2014\/01\/0031.jpg\"><img loading=\"lazy\" class=\"alignnone  wp-image-53633\" alt=\"003\" src=\"http:\/\/www.filindeblogg.nu\/wp-content\/uploads\/2014\/01\/0031-300x164.jpg\" width=\"180\" height=\"98\" srcset=\"http:\/\/www.filindeblogg.nu\/wp-content\/uploads\/2014\/01\/0031-300x164.jpg 300w, http:\/\/www.filindeblogg.nu\/wp-content\/uploads\/2014\/01\/0031.jpg 600w\" sizes=\"(max-width: 180px) 100vw, 180px\" \/><\/a> \u00c5t \u00f6ster<br \/>\noch s\u00e5 h\u00e4r in mot stan i v\u00e4st: <a href=\"http:\/\/www.filindeblogg.nu\/wp-content\/uploads\/2014\/01\/0052.jpg\"><img loading=\"lazy\" class=\"alignnone  wp-image-53634\" alt=\"005\" src=\"http:\/\/www.filindeblogg.nu\/wp-content\/uploads\/2014\/01\/0052-300x233.jpg\" width=\"180\" height=\"140\" srcset=\"http:\/\/www.filindeblogg.nu\/wp-content\/uploads\/2014\/01\/0052-300x233.jpg 300w, http:\/\/www.filindeblogg.nu\/wp-content\/uploads\/2014\/01\/0052.jpg 577w\" sizes=\"(max-width: 180px) 100vw, 180px\" \/><\/a> Det \u00e4r vackert \u00e4nd\u00e5 utan vintersn\u00f6 &#8211; och betydligt mer promenadv\u00e4nligt. <a href=\"http:\/\/www.filindeblogg.nu\/wp-content\/uploads\/2014\/01\/007.jpg\"><img loading=\"lazy\" class=\"alignnone size-medium wp-image-53635\" alt=\"007\" src=\"http:\/\/www.filindeblogg.nu\/wp-content\/uploads\/2014\/01\/007-300x225.jpg\" width=\"300\" height=\"225\" srcset=\"http:\/\/www.filindeblogg.nu\/wp-content\/uploads\/2014\/01\/007-300x225.jpg 300w, http:\/\/www.filindeblogg.nu\/wp-content\/uploads\/2014\/01\/007.jpg 600w\" sizes=\"(max-width: 300px) 100vw, 300px\" \/><\/a> Inget halkigt alls att ta sig runt \u00e5n!<\/p>\n<p>Men halka utg\u00f6r inte den enda eventuella faran vid en promenad i Arboga&#8230; Bloggaren har tidigare p\u00e5talat den farliga situation som den h\u00e4r stora skylten inneb\u00e4r vid en promenad till exempel till <strong>Nicolaikyrkan<\/strong>! <a href=\"http:\/\/www.filindeblogg.nu\/wp-content\/uploads\/2014\/01\/0101.jpg\"><img loading=\"lazy\" class=\"alignnone size-medium wp-image-53636\" alt=\"010\" src=\"http:\/\/www.filindeblogg.nu\/wp-content\/uploads\/2014\/01\/0101-300x225.jpg\" width=\"300\" height=\"225\" srcset=\"http:\/\/www.filindeblogg.nu\/wp-content\/uploads\/2014\/01\/0101-300x225.jpg 300w, http:\/\/www.filindeblogg.nu\/wp-content\/uploads\/2014\/01\/0101.jpg 600w\" sizes=\"(max-width: 300px) 100vw, 300px\" \/><\/a> Och den promenaden g\u00f6r m\u00e5nga skolbarn speciellt vid skolavslutningar.<\/p>\n<p><a href=\"http:\/\/www.filindeblogg.nu\/wp-content\/uploads\/2014\/01\/0111.jpg\"><img loading=\"lazy\" class=\"alignnone size-medium wp-image-53637\" alt=\"011\" src=\"http:\/\/www.filindeblogg.nu\/wp-content\/uploads\/2014\/01\/0111-225x300.jpg\" width=\"225\" height=\"300\" srcset=\"http:\/\/www.filindeblogg.nu\/wp-content\/uploads\/2014\/01\/0111-225x300.jpg 225w, http:\/\/www.filindeblogg.nu\/wp-content\/uploads\/2014\/01\/0111.jpg 450w\" sizes=\"(max-width: 225px) 100vw, 225px\" \/><\/a> S\u00e5 h\u00e4r ser det ut fr\u00e5n andra h\u00e5llet.<\/p>\n<p>Det h\u00e4r fotot \u00e4r taget fr\u00e5n \u00f6verg\u00e5ngsst\u00e4llet&#8230; <a href=\"http:\/\/www.filindeblogg.nu\/wp-content\/uploads\/2014\/01\/012.jpg\"><img loading=\"lazy\" class=\"alignnone size-medium wp-image-53638\" alt=\"012\" src=\"http:\/\/www.filindeblogg.nu\/wp-content\/uploads\/2014\/01\/012-225x300.jpg\" width=\"225\" height=\"300\" srcset=\"http:\/\/www.filindeblogg.nu\/wp-content\/uploads\/2014\/01\/012-225x300.jpg 225w, http:\/\/www.filindeblogg.nu\/wp-content\/uploads\/2014\/01\/012.jpg 450w\" sizes=\"(max-width: 225px) 100vw, 225px\" \/><\/a> Om\u00f6jligt att se om n\u00e5gra bilar kommer farande. Sommartid n\u00e4r skolbarnen g\u00e5r den h\u00e4r v\u00e4gen gr\u00f6nskar dessutom buskarna till v\u00e4nster. Bloggaren \u00e4r 170 cm l\u00e5ng och barn \u00e4r mycket kortare &#8211; s\u00e5 sikten blir \u00e4nnu s\u00e4mre f\u00f6r dem&#8230;<br \/>\nOch &#8211; <strong>Stureleden<\/strong> h\u00e4r \u00e4r fyrfilig!!<\/p>\n<p>Bloggaren tog sig \u00f6ver. Idag&#8230; <a href=\"http:\/\/www.filindeblogg.nu\/wp-content\/uploads\/2014\/01\/0141.jpg\"><img loading=\"lazy\" class=\"alignnone size-medium wp-image-53646\" alt=\"014\" src=\"http:\/\/www.filindeblogg.nu\/wp-content\/uploads\/2014\/01\/0141-225x300.jpg\" width=\"225\" height=\"300\" srcset=\"http:\/\/www.filindeblogg.nu\/wp-content\/uploads\/2014\/01\/0141-225x300.jpg 225w, http:\/\/www.filindeblogg.nu\/wp-content\/uploads\/2014\/01\/0141.jpg 450w\" sizes=\"(max-width: 225px) 100vw, 225px\" \/><\/a><\/p>\n<p>M\u00e4rkligt att aldrig n\u00e5gon \u00e5tg\u00e4rdat detta? Ska det beh\u00f6va h\u00e4nda en olycka f\u00f6rst?<br \/>\n<a href=\"http:\/\/www.arboga.se\/trafik-infrastruktur\/trafik-och-gator\/\" target=\"_blank\"><strong>H\u00c4R<\/strong> <\/a>kan du klicka f\u00f6r att komma till <strong>Tekniska f\u00f6rvaltningen<\/strong> inom Arboga kommun och <strong>Projekt- och trafikavdelningen<\/strong> f\u00f6r att p\u00e5tala trafikfarliga milj\u00f6er!<br \/>\nEller \u00e4nnu hellre &#8211; klicka <a href=\"http:\/\/www.arboga.se\/kommun-politik\/kommunens-organisation\/namnder\/tekniska-namnden\/\" target=\"_blank\"><strong>H\u00c4R<\/strong><\/a> &#8211; till <strong>Tekniska n\u00e4mnden<\/strong>, politikerna som har den verkliga makten att \u00e4ndra och f\u00f6rb\u00e4ttra! <strong>Carl-Erik Almskoug<\/strong> fr\u00e5n minipartiet <strong>OPA (Omsorgspartiet)<\/strong> \u00e4r dess ordf\u00f6rande.<\/p>\n<p style=\"text-align: left;\"><a href=\"http:\/\/www.filindeblogg.nu\/wp-content\/uploads\/2014\/01\/0151.jpg\"><img loading=\"lazy\" class=\"alignnone  wp-image-53639\" alt=\"015\" src=\"http:\/\/www.filindeblogg.nu\/wp-content\/uploads\/2014\/01\/0151-225x300.jpg\" width=\"158\" height=\"210\" srcset=\"http:\/\/www.filindeblogg.nu\/wp-content\/uploads\/2014\/01\/0151-225x300.jpg 225w, http:\/\/www.filindeblogg.nu\/wp-content\/uploads\/2014\/01\/0151.jpg 450w\" sizes=\"(max-width: 158px) 100vw, 158px\" \/><\/a> Den \u00e5tg\u00e4rden borde ske &#8221;pronto&#8221;!<br \/>\nD\u00e4rmed kommer bloggaren os\u00f6kt in p\u00e5<strong> Pizzeria Pronto<\/strong> som har f\u00e5tt ny skylt. Bloggaren undrar hur pizzerian kan ha r\u00e5d med det n\u00e4r konkurrensen i det n\u00e4rmaste borde vara f\u00f6r\u00f6dande i den h\u00e4r staden? Pronto, som har hetat <strong>Maestro<\/strong> och en massa annat sedan <strong>Amigo<\/strong> inledde.<br \/>\nMen det \u00e4r inte bloggarens sak &#8211; pizzeriornas ekonomi! Trafiksituationen i Arboga \u00e4r det nog lite grann och absolut kommunens om de vill forts\u00e4tta att s\u00e4ga <strong><em>&#8221;V\u00e4lkommen till Arboga&#8221;!<\/em><\/strong><\/p>\n<p style=\"text-align: center;\">En sak som dock helt klart \u00e4r bloggarens &#8211;<br \/>\n\u00e4r att se till att Vilda Wilma hoppar ner fr\u00e5n matsalsbordet!<br \/>\nHa en bra tisdag! \ud83d\ude09<\/p>\n<p style=\"text-align: center;\"><a href=\"http:\/\/www.filindeblogg.nu\/wp-content\/uploads\/2014\/01\/0012.jpg\"><img loading=\"lazy\" class=\"aligncenter size-medium wp-image-53640\" alt=\"001\" src=\"http:\/\/www.filindeblogg.nu\/wp-content\/uploads\/2014\/01\/0012-300x204.jpg\" width=\"300\" height=\"204\" srcset=\"http:\/\/www.filindeblogg.nu\/wp-content\/uploads\/2014\/01\/0012-300x204.jpg 300w, http:\/\/www.filindeblogg.nu\/wp-content\/uploads\/2014\/01\/0012.jpg 545w\" sizes=\"(max-width: 300px) 100vw, 300px\" \/><\/a><strong>Ertappad!!<\/strong><\/p>\n<p>&nbsp;<\/p>\n","protected":false},"excerpt":{"rendered":"<p>Den h\u00e4r trevliga vinjetten finns p\u00e5 Arboga kommuns hemsida! Den v\u00e4lkomnar till Arboga fast som p\u00e5 den fina bilden ser det inte riktigt ut just nu i Arboga&#8230; Den h\u00e4r bilden \u00e4r mer r\u00e4ttvisande &#8211; tagen 3 januari 2014. Fr\u00e5n cykelbron i \u00f6st ter sig Arboga\u00e5n s\u00e5 h\u00e4r idag: \u00c5t \u00f6ster och s\u00e5 h\u00e4r in [&hellip;]<\/p>\n","protected":false},"author":1,"featured_media":0,"comment_status":"open","ping_status":"open","sticky":false,"template":"","format":"standard","meta":[],"categories":[127,41,100,101,153],"tags":[],"_links":{"self":[{"href":"http:\/\/www.filindeblogg.nu\/index.php?rest_route=\/wp\/v2\/posts\/53629"}],"collection":[{"href":"http:\/\/www.filindeblogg.nu\/index.php?rest_route=\/wp\/v2\/posts"}],"about":[{"href":"http:\/\/www.filindeblogg.nu\/index.php?rest_route=\/wp\/v2\/types\/post"}],"author":[{"embeddable":true,"href":"http:\/\/www.filindeblogg.nu\/index.php?rest_route=\/wp\/v2\/users\/1"}],"replies":[{"embeddable":true,"href":"http:\/\/www.filindeblogg.nu\/index.php?rest_route=%2Fwp%2Fv2%2Fcomments&post=53629"}],"version-history":[{"count":18,"href":"http:\/\/www.filindeblogg.nu\/index.php?rest_route=\/wp\/v2\/posts\/53629\/revisions"}],"predecessor-version":[{"id":53659,"href":"http:\/\/www.filindeblogg.nu\/index.php?rest_route=\/wp\/v2\/posts\/53629\/revisions\/53659"}],"wp:attachment":[{"href":"http:\/\/www.filindeblogg.nu\/index.php?rest_route=%2Fwp%2Fv2%2Fmedia&parent=53629"}],"wp:term":[{"taxonomy":"category","embeddable":true,"href":"http:\/\/www.filindeblogg.nu\/index.php?rest_route=%2Fwp%2Fv2%2Fcategories&post=53629"},{"taxonomy":"post_tag","embeddable":true,"href":"http:\/\/www.filindeblogg.nu\/index.php?rest_route=%2Fwp%2Fv2%2Ftags&post=53629"}],"curies":[{"name":"wp","href":"https:\/\/api.w.org\/{rel}","templated":true}]}}