{"id":53501,"date":"2014-01-02T14:21:29","date_gmt":"2014-01-02T13:21:29","guid":{"rendered":"http:\/\/www.filindeblogg.nu\/?p=53501"},"modified":"2014-01-02T14:21:29","modified_gmt":"2014-01-02T13:21:29","slug":"inte-ar-det-gratt-och-trist-heller","status":"publish","type":"post","link":"http:\/\/www.filindeblogg.nu\/?p=53501","title":{"rendered":"Inte \u00e4r det gr\u00e5tt och trist heller!!"},"content":{"rendered":"<p><a href=\"http:\/\/www.filindeblogg.nu\/wp-content\/uploads\/2014\/01\/015.jpg\"><img loading=\"lazy\" class=\"alignnone  wp-image-53502\" alt=\"015\" src=\"http:\/\/www.filindeblogg.nu\/wp-content\/uploads\/2014\/01\/015-300x225.jpg\" width=\"180\" height=\"135\" srcset=\"http:\/\/www.filindeblogg.nu\/wp-content\/uploads\/2014\/01\/015-300x225.jpg 300w, http:\/\/www.filindeblogg.nu\/wp-content\/uploads\/2014\/01\/015.jpg 600w\" sizes=\"(max-width: 180px) 100vw, 180px\" \/><\/a> N\u00e4r t\u00e5get har l\u00e4mnat stationen&#8230;<\/p>\n<p>och man vandrar ensam hem\u00e5t&#8230; <a href=\"http:\/\/www.filindeblogg.nu\/wp-content\/uploads\/2014\/01\/016.jpg\"><img loading=\"lazy\" class=\"alignnone  wp-image-53503\" alt=\"016\" src=\"http:\/\/www.filindeblogg.nu\/wp-content\/uploads\/2014\/01\/016-225x300.jpg\" width=\"135\" height=\"180\" srcset=\"http:\/\/www.filindeblogg.nu\/wp-content\/uploads\/2014\/01\/016-225x300.jpg 225w, http:\/\/www.filindeblogg.nu\/wp-content\/uploads\/2014\/01\/016.jpg 450w\" sizes=\"(max-width: 135px) 100vw, 135px\" \/><\/a>&#8230;d\u00e5 kan en viss k\u00e4nsla av tristess och sorgsenhet infinna sig.<\/p>\n<p>D\u00e5 \u00e4r det bara att v\u00e4lja &#8211; gr\u00e4va ner sig i det gr\u00e5a, trista eller se positivt och ljust!<\/p>\n<p>F\u00f6r bloggaren blev valet det sistn\u00e4mnda och idag var det dags att infria 2014 \u00e5rs planer p\u00e5 ett nytt, roligare och h\u00e4lsosammare liv! Promenad stod p\u00e5 programmet f\u00f6rst! H\u00e4r f\u00f6ljer n\u00e5gra bilder.<\/p>\n<p><a href=\"http:\/\/www.filindeblogg.nu\/wp-content\/uploads\/2014\/01\/0431.jpg\"><img loading=\"lazy\" class=\"alignnone  wp-image-53504\" alt=\"043\" src=\"http:\/\/www.filindeblogg.nu\/wp-content\/uploads\/2014\/01\/0431-300x225.jpg\" width=\"180\" height=\"135\" srcset=\"http:\/\/www.filindeblogg.nu\/wp-content\/uploads\/2014\/01\/0431-300x225.jpg 300w, http:\/\/www.filindeblogg.nu\/wp-content\/uploads\/2014\/01\/0431.jpg 600w\" sizes=\"(max-width: 180px) 100vw, 180px\" \/><\/a> N\u00e5gon som vet var detta hus ligger n\u00e5gonstans?<\/p>\n<p>Jo, p\u00e5 <strong>H\u00f6kensbergs gr\u00e4nd i Arboga<\/strong>. <a href=\"http:\/\/www.filindeblogg.nu\/wp-content\/uploads\/2014\/01\/044.jpg\"><img loading=\"lazy\" class=\"alignnone  wp-image-53505\" alt=\"044\" src=\"http:\/\/www.filindeblogg.nu\/wp-content\/uploads\/2014\/01\/044-300x225.jpg\" width=\"180\" height=\"135\" srcset=\"http:\/\/www.filindeblogg.nu\/wp-content\/uploads\/2014\/01\/044-300x225.jpg 300w, http:\/\/www.filindeblogg.nu\/wp-content\/uploads\/2014\/01\/044.jpg 600w\" sizes=\"(max-width: 180px) 100vw, 180px\" \/><\/a> En stor k\u00e5k p\u00e5 en stor tomt mitt i centrala Arboga.<br \/>\nBloggaren vet att \u00e4garinnan tycker det \u00e4r f\u00f6r stort att bo ensam d\u00e4r men tvekar att s\u00e4lja och flytta. Visst f\u00f6rst\u00e5r man det, med det l\u00e4get och den underbara tr\u00e4dg\u00e5rden!<br \/>\n\u00c4nd\u00e5 kan man inte l\u00e5ta bli att fantisera om vad som skulle kunna h\u00e4nda om huset blev till salu? Skulle en storfamilj flytta in eller skulle huset g\u00f6ras om till flera l\u00e4genheter? Kanske byggas till, kanske rivas? Kanske \u00e4r detta ett perfekt st\u00e4lle f\u00f6r ett \u00e4ldreboende? N\u00e4ra till allt!<br \/>\nDen som lever f\u00e5r se.<\/p>\n<p><a href=\"http:\/\/www.filindeblogg.nu\/wp-content\/uploads\/2014\/01\/045.jpg\"><img loading=\"lazy\" class=\"alignnone  wp-image-53506\" alt=\"045\" src=\"http:\/\/www.filindeblogg.nu\/wp-content\/uploads\/2014\/01\/045-300x225.jpg\" width=\"180\" height=\"135\" srcset=\"http:\/\/www.filindeblogg.nu\/wp-content\/uploads\/2014\/01\/045-300x225.jpg 300w, http:\/\/www.filindeblogg.nu\/wp-content\/uploads\/2014\/01\/045.jpg 600w\" sizes=\"(max-width: 180px) 100vw, 180px\" \/><\/a> \u00c5n ligger gr\u00e5 &#8211;<\/p>\n<p>liksom hela den gr\u00e5 himlen. <a href=\"http:\/\/www.filindeblogg.nu\/wp-content\/uploads\/2014\/01\/046.jpg\"><img loading=\"lazy\" class=\"alignnone  wp-image-53507\" alt=\"046\" src=\"http:\/\/www.filindeblogg.nu\/wp-content\/uploads\/2014\/01\/046-300x225.jpg\" width=\"180\" height=\"135\" srcset=\"http:\/\/www.filindeblogg.nu\/wp-content\/uploads\/2014\/01\/046-300x225.jpg 300w, http:\/\/www.filindeblogg.nu\/wp-content\/uploads\/2014\/01\/046.jpg 600w\" sizes=\"(max-width: 180px) 100vw, 180px\" \/><\/a> Men inte \u00e4r det en gr\u00e5 dag heller! Inte \u00e4r det gr\u00e5tt och trist n\u00e4r man f\u00e5r v\u00e4lja! V\u00e4lja att se allt fr\u00e5n den ljusa sidan!<\/p>\n<p><a href=\"http:\/\/www.filindeblogg.nu\/wp-content\/uploads\/2014\/01\/047.jpg\"><img loading=\"lazy\" class=\"alignnone  wp-image-53508\" alt=\"047\" src=\"http:\/\/www.filindeblogg.nu\/wp-content\/uploads\/2014\/01\/047-300x225.jpg\" width=\"180\" height=\"135\" srcset=\"http:\/\/www.filindeblogg.nu\/wp-content\/uploads\/2014\/01\/047-300x225.jpg 300w, http:\/\/www.filindeblogg.nu\/wp-content\/uploads\/2014\/01\/047.jpg 600w\" sizes=\"(max-width: 180px) 100vw, 180px\" \/><\/a> Efter <strong>cykelbron vid \u00c5berget<\/strong> m\u00f6tte bloggaren <strong>Pelle Pettersson<\/strong> som tyckte det var lika h\u00e4rligt han! H\u00e4rligt och sk\u00f6nt med en promenad! Vem t\u00e4nker d\u00e5 p\u00e5 att det ser lite gr\u00e5tt ut!?<\/p>\n<p><a href=\"http:\/\/www.filindeblogg.nu\/wp-content\/uploads\/2014\/01\/050.jpg\"><img loading=\"lazy\" class=\"alignnone  wp-image-53509\" alt=\"050\" src=\"http:\/\/www.filindeblogg.nu\/wp-content\/uploads\/2014\/01\/050-300x225.jpg\" width=\"180\" height=\"135\" srcset=\"http:\/\/www.filindeblogg.nu\/wp-content\/uploads\/2014\/01\/050-300x225.jpg 300w, http:\/\/www.filindeblogg.nu\/wp-content\/uploads\/2014\/01\/050.jpg 600w\" sizes=\"(max-width: 180px) 100vw, 180px\" \/><\/a> Det h\u00e4r huset v\u00e4cker k\u00e4nslor hos bloggaren. H\u00e4r l\u00e5g <strong>Arboga Maskiner<\/strong> en g\u00e5ng &#8211; v\u00e4rldsk\u00e4nt f\u00f6r sina borrmaskiner.<br \/>\nOch i ett av de h\u00e4r f\u00f6nstren p\u00e5 nederv\u00e5ningen hade pappa sitt kontor&#8230; <a href=\"http:\/\/www.filindeblogg.nu\/wp-content\/uploads\/2014\/01\/048.jpg\"><img loading=\"lazy\" class=\"alignnone  wp-image-53510\" alt=\"048\" src=\"http:\/\/www.filindeblogg.nu\/wp-content\/uploads\/2014\/01\/048-300x225.jpg\" width=\"180\" height=\"135\" srcset=\"http:\/\/www.filindeblogg.nu\/wp-content\/uploads\/2014\/01\/048-300x225.jpg 300w, http:\/\/www.filindeblogg.nu\/wp-content\/uploads\/2014\/01\/048.jpg 600w\" sizes=\"(max-width: 180px) 100vw, 180px\" \/><\/a><\/p>\n<p><strong>Granng\u00e5rden\/Lantm\u00e4nnen<\/strong> idag: <a href=\"http:\/\/www.filindeblogg.nu\/wp-content\/uploads\/2014\/01\/051.jpg\"><img loading=\"lazy\" class=\"alignnone  wp-image-53511\" alt=\"051\" src=\"http:\/\/www.filindeblogg.nu\/wp-content\/uploads\/2014\/01\/051-225x300.jpg\" width=\"135\" height=\"180\" srcset=\"http:\/\/www.filindeblogg.nu\/wp-content\/uploads\/2014\/01\/051-225x300.jpg 225w, http:\/\/www.filindeblogg.nu\/wp-content\/uploads\/2014\/01\/051.jpg 450w\" sizes=\"(max-width: 135px) 100vw, 135px\" \/><\/a> Rea p\u00e5 sk\u00f6skyfflar!! \ud83d\ude00 <a href=\"http:\/\/www.filindeblogg.nu\/wp-content\/uploads\/2014\/01\/052.jpg\"><img loading=\"lazy\" class=\"alignnone  wp-image-53512\" alt=\"052\" src=\"http:\/\/www.filindeblogg.nu\/wp-content\/uploads\/2014\/01\/052-225x300.jpg\" width=\"135\" height=\"180\" srcset=\"http:\/\/www.filindeblogg.nu\/wp-content\/uploads\/2014\/01\/052-225x300.jpg 225w, http:\/\/www.filindeblogg.nu\/wp-content\/uploads\/2014\/01\/052.jpg 450w\" sizes=\"(max-width: 135px) 100vw, 135px\" \/><\/a> D\u00e4r verkar man ha gett upp hoppet om vintern. Tillf\u00e4lle att f\u00f6rse sig billigt f\u00f6r den som \u00e4nd\u00e5 tror p\u00e5 sn\u00f6.<\/p>\n<p><a href=\"http:\/\/www.filindeblogg.nu\/wp-content\/uploads\/2014\/01\/053.jpg\"><img loading=\"lazy\" class=\"alignnone  wp-image-53517\" alt=\"053\" src=\"http:\/\/www.filindeblogg.nu\/wp-content\/uploads\/2014\/01\/053-225x300.jpg\" width=\"135\" height=\"180\" srcset=\"http:\/\/www.filindeblogg.nu\/wp-content\/uploads\/2014\/01\/053-225x300.jpg 225w, http:\/\/www.filindeblogg.nu\/wp-content\/uploads\/2014\/01\/053.jpg 450w\" sizes=\"(max-width: 135px) 100vw, 135px\" \/><\/a> Hemma igen! Till <strong>Wilmas<\/strong> stora gl\u00e4dje! \ud83d\ude42 Gl\u00e4djen \u00e4r \u00f6msesidig, kan bloggaren intyga!<a href=\"http:\/\/www.filindeblogg.nu\/wp-content\/uploads\/2014\/01\/054.jpg\"><img loading=\"lazy\" class=\"alignnone  wp-image-53518\" alt=\"054\" src=\"http:\/\/www.filindeblogg.nu\/wp-content\/uploads\/2014\/01\/054-225x300.jpg\" width=\"135\" height=\"180\" srcset=\"http:\/\/www.filindeblogg.nu\/wp-content\/uploads\/2014\/01\/054-225x300.jpg 225w, http:\/\/www.filindeblogg.nu\/wp-content\/uploads\/2014\/01\/054.jpg 450w\" sizes=\"(max-width: 135px) 100vw, 135px\" \/><\/a><\/p>\n<p>En sv\u00e4ng f\u00f6rbi <strong>Netto<\/strong> och bloggaren fick tag i den sista tulpanbuketten! <a href=\"http:\/\/www.filindeblogg.nu\/wp-content\/uploads\/2014\/01\/056.jpg\"><img loading=\"lazy\" class=\"alignnone  wp-image-53513\" alt=\"056\" src=\"http:\/\/www.filindeblogg.nu\/wp-content\/uploads\/2014\/01\/056-300x225.jpg\" width=\"180\" height=\"135\" srcset=\"http:\/\/www.filindeblogg.nu\/wp-content\/uploads\/2014\/01\/056-300x225.jpg 300w, http:\/\/www.filindeblogg.nu\/wp-content\/uploads\/2014\/01\/056.jpg 600w\" sizes=\"(max-width: 180px) 100vw, 180px\" \/><\/a> 49 kronor f\u00f6r att lysa upp k\u00f6ksbordet och hemmet! \ud83d\ude42 <a href=\"http:\/\/www.filindeblogg.nu\/wp-content\/uploads\/2014\/01\/061.jpg\"><img loading=\"lazy\" class=\"alignnone  wp-image-53514\" alt=\"061\" src=\"http:\/\/www.filindeblogg.nu\/wp-content\/uploads\/2014\/01\/061-225x300.jpg\" width=\"135\" height=\"180\" srcset=\"http:\/\/www.filindeblogg.nu\/wp-content\/uploads\/2014\/01\/061-225x300.jpg 225w, http:\/\/www.filindeblogg.nu\/wp-content\/uploads\/2014\/01\/061.jpg 450w\" sizes=\"(max-width: 135px) 100vw, 135px\" \/><\/a><\/p>\n<p>Annat som kan lysa upp \u00e4r ett biobes\u00f6k!\u00a0<a href=\"http:\/\/www.filindeblogg.nu\/wp-content\/uploads\/2014\/01\/059.jpg\"><img loading=\"lazy\" class=\"alignnone size-medium wp-image-53515\" alt=\"059\" src=\"http:\/\/www.filindeblogg.nu\/wp-content\/uploads\/2014\/01\/059-225x300.jpg\" width=\"225\" height=\"300\" srcset=\"http:\/\/www.filindeblogg.nu\/wp-content\/uploads\/2014\/01\/059-225x300.jpg 225w, http:\/\/www.filindeblogg.nu\/wp-content\/uploads\/2014\/01\/059.jpg 450w\" sizes=\"(max-width: 225px) 100vw, 225px\" \/><\/a> Gratis blev det f\u00f6r bloggaren och en v\u00e4n n\u00e4r biocheckarna fr\u00e5n <strong>Arboga Tidning<\/strong> utnyttjades.\u00a0<a href=\"http:\/\/www.filindeblogg.nu\/wp-content\/uploads\/2014\/01\/Hobbit-2.jpg\"><img loading=\"lazy\" class=\"alignnone size-medium wp-image-53516\" alt=\"Hobbit 2\" src=\"http:\/\/www.filindeblogg.nu\/wp-content\/uploads\/2014\/01\/Hobbit-2-300x198.jpg\" width=\"300\" height=\"198\" srcset=\"http:\/\/www.filindeblogg.nu\/wp-content\/uploads\/2014\/01\/Hobbit-2-300x198.jpg 300w, http:\/\/www.filindeblogg.nu\/wp-content\/uploads\/2014\/01\/Hobbit-2.jpg 640w\" sizes=\"(max-width: 300px) 100vw, 300px\" \/><\/a> Det l\u00f6nar sig att vara med i en l\u00e4sarpanel! Tack f\u00f6r det<a href=\"http:\/\/bblat.se\/\" target=\"_blank\"><strong> Bbl\/AT<\/strong><\/a>!<\/p>\n<p>Avslutar med en bild av ett hus som inte l\u00e4ngre kan ses i verkligheten. Inte i ursprungsskicket i alla fall. Tack <strong>Conny Hjalmarsson<\/strong> f\u00f6r fotot \u00f6ver <strong>K\u00f6pingstullen i Arboga<\/strong>!<\/p>\n<p><a href=\"http:\/\/www.filindeblogg.nu\/wp-content\/uploads\/2014\/01\/Lilla-Huset-Bild-fr\u00e5n-Conny-Hjalmarsson.jpg\"><img loading=\"lazy\" class=\"aligncenter size-medium wp-image-53519\" alt=\"Lilla Huset! Bild fr\u00e5n Conny Hjalmarsson\" src=\"http:\/\/www.filindeblogg.nu\/wp-content\/uploads\/2014\/01\/Lilla-Huset-Bild-fr\u00e5n-Conny-Hjalmarsson-300x211.jpg\" width=\"300\" height=\"211\" srcset=\"http:\/\/www.filindeblogg.nu\/wp-content\/uploads\/2014\/01\/Lilla-Huset-Bild-fr\u00e5n-Conny-Hjalmarsson-300x211.jpg 300w, http:\/\/www.filindeblogg.nu\/wp-content\/uploads\/2014\/01\/Lilla-Huset-Bild-fr\u00e5n-Conny-Hjalmarsson.jpg 480w\" sizes=\"(max-width: 300px) 100vw, 300px\" \/><\/a><\/p>\n<p>&nbsp;<\/p>\n<p>&nbsp;<\/p>\n<p>&nbsp;<\/p>\n","protected":false},"excerpt":{"rendered":"<p>N\u00e4r t\u00e5get har l\u00e4mnat stationen&#8230; och man vandrar ensam hem\u00e5t&#8230; &#8230;d\u00e5 kan en viss k\u00e4nsla av tristess och sorgsenhet infinna sig. D\u00e5 \u00e4r det bara att v\u00e4lja &#8211; gr\u00e4va ner sig i det gr\u00e5a, trista eller se positivt och ljust! F\u00f6r bloggaren blev valet det sistn\u00e4mnda och idag var det dags att infria 2014 \u00e5rs [&hellip;]<\/p>\n","protected":false},"author":1,"featured_media":0,"comment_status":"open","ping_status":"open","sticky":false,"template":"","format":"standard","meta":[],"categories":[127,41,100,101],"tags":[],"_links":{"self":[{"href":"http:\/\/www.filindeblogg.nu\/index.php?rest_route=\/wp\/v2\/posts\/53501"}],"collection":[{"href":"http:\/\/www.filindeblogg.nu\/index.php?rest_route=\/wp\/v2\/posts"}],"about":[{"href":"http:\/\/www.filindeblogg.nu\/index.php?rest_route=\/wp\/v2\/types\/post"}],"author":[{"embeddable":true,"href":"http:\/\/www.filindeblogg.nu\/index.php?rest_route=\/wp\/v2\/users\/1"}],"replies":[{"embeddable":true,"href":"http:\/\/www.filindeblogg.nu\/index.php?rest_route=%2Fwp%2Fv2%2Fcomments&post=53501"}],"version-history":[{"count":12,"href":"http:\/\/www.filindeblogg.nu\/index.php?rest_route=\/wp\/v2\/posts\/53501\/revisions"}],"predecessor-version":[{"id":53531,"href":"http:\/\/www.filindeblogg.nu\/index.php?rest_route=\/wp\/v2\/posts\/53501\/revisions\/53531"}],"wp:attachment":[{"href":"http:\/\/www.filindeblogg.nu\/index.php?rest_route=%2Fwp%2Fv2%2Fmedia&parent=53501"}],"wp:term":[{"taxonomy":"category","embeddable":true,"href":"http:\/\/www.filindeblogg.nu\/index.php?rest_route=%2Fwp%2Fv2%2Fcategories&post=53501"},{"taxonomy":"post_tag","embeddable":true,"href":"http:\/\/www.filindeblogg.nu\/index.php?rest_route=%2Fwp%2Fv2%2Ftags&post=53501"}],"curies":[{"name":"wp","href":"https:\/\/api.w.org\/{rel}","templated":true}]}}