{"id":534,"date":"2007-11-08T15:39:33","date_gmt":"2007-11-08T14:39:33","guid":{"rendered":"http:\/\/www.filindeblogg.nu\/?p=534"},"modified":"2009-06-05T04:41:19","modified_gmt":"2009-06-05T03:41:19","slug":"larare-diktator-eller-kompis","status":"publish","type":"post","link":"http:\/\/www.filindeblogg.nu\/?p=534","title":{"rendered":"L\u00e4rare &#8211; diktator eller kompis?"},"content":{"rendered":"<p>H\u00e5ller med i stort sett allt som professor <strong><a href=\"http:\/\/www.svd.se\/opinion\/brannpunkt\/artikel_573491.svd\">Inger Enkvist<\/a> <\/strong>s\u00e4ger i<strong> Svenska Dagbladets artikel<\/strong>. L\u00e4rare har g\u00e5tt fr\u00e5n att vara <strong>diktator<\/strong> som p\u00e5 mormors tid &#8211; d\u00e5 pekpinnen randade olydiga ungars \u00e4ndalykter &#8211; till att bli <strong>prestigel\u00f6sa m\u00e4h\u00e4n!<\/strong><\/p>\n<p>En v\u00e4n till mig,<strong> \u00f6verl\u00e4kare p\u00e5 BUP<\/strong> (Barn- och ungdomspsykiatrin), har ofta sagt att <strong>l\u00e4rare m\u00e5ste vara ledare.<\/strong> En l\u00e4rare som \u00e4r ledare skapar f\u00f6rtroende, kan styra elever i r\u00e4tt riktning, ber\u00f6mma men ocks\u00e5 s\u00e4ga ifr\u00e5n.<\/p>\n<p>Idag n\u00e4r f\u00f6r\u00e4ldrar inte har tid f\u00f6r n\u00e5got annat \u00e4n<strong> jobb och d\u00e5ligt samvete<\/strong> &#8211; s\u00e5 \u00e4r <strong>l\u00e4rarrollen viktigare \u00e4n n\u00e5gonsin!<\/strong><\/p>\n<p><strong>Bort med 60-talsflummet <\/strong>&#8211; men heller inte tillbaka till <strong>gammaldags prygel!<\/strong> Som \u00f6verallt annars n\u00e4r det g\u00e4ller omv\u00e5rdande yrken i samh\u00e4llet m\u00e5ste ocks\u00e5 <strong>l\u00e4rarjobbet uppv\u00e4rderas<\/strong> mera!<br \/>\nL\u00e4rare \u00e4r ett av <strong>v\u00e4rldens viktigaste jobb! <\/strong>Men hur ser det ut i v\u00e5ra skolor? Knappast<strong> status <\/strong>att vara l\u00e4rare! Vilken elev har respekt f\u00f6r sin l\u00e4rare? Och &#8221;l\u00e4rare&#8221; kan vem som helst bli idag &#8211; n\u00e4r bristen och intresset f\u00f6r yrket tryter.<\/p>\n<p>Sen &#8211; <strong>min k\u00e4pph\u00e4st <\/strong>&#8211; alla <strong>elever med s\u00e4rskilt behov av st\u00f6d<\/strong>! Dagens <strong>sj\u00e4lvstudier<\/strong> i alltf\u00f6r stora klasser,  med<strong> ihj\u00e4lstressade l\u00e4rare <\/strong>som dessutom saknar all kunskap om vad t ex<strong> Aspergers syndrom <\/strong>\u00e4r f\u00f6r n\u00e5gonting, <strong>sl\u00e5r ut alla dessa barn och ungdomar direkt!<\/strong><\/p>\n<p><strong>Uppv\u00e4rdera l\u00e4raryrket<\/strong> &#8211; men se ocks\u00e5 till att <strong>f\u00f6r\u00e4ndra det! <\/strong>Det m\u00e5ste finnas <strong>&#8221;karri\u00e4rv\u00e4gar&#8221; och utvecklingsm\u00f6jligheter <\/strong>f\u00f6r l\u00e4rare p\u00e5 en helt annan niv\u00e5  \u00e4n idag. Hur intressant och inspirerande kan det vara att <strong>dra samma lektion i biologi \u00e5r ut och \u00e5r in!<\/strong> Alla kan inte bli <strong>rektor <\/strong>(denna hemska position mellan h\u00e5rt styrande politiker och arga, kr\u00e4vande l\u00e4rare).<\/p>\n<p><strong>Att vara ledare \u00e4r inget fult! <\/strong>Det finns ledare som styr vuxna p\u00e5 jobbet &#8211; s\u00e5 <strong>sj\u00e4lvklart<\/strong> m\u00e5ste det finnas ledare som styr barn och ungdomar i skolan under deras<strong> utveckling mot vuxenlivet! <\/strong><\/p>\n","protected":false},"excerpt":{"rendered":"<p>H\u00e5ller med i stort sett allt som professor Inger Enkvist s\u00e4ger i Svenska Dagbladets artikel. L\u00e4rare har g\u00e5tt fr\u00e5n att vara diktator som p\u00e5 mormors tid &#8211; d\u00e5 pekpinnen randade olydiga ungars \u00e4ndalykter &#8211; till att bli prestigel\u00f6sa m\u00e4h\u00e4n! En v\u00e4n till mig, \u00f6verl\u00e4kare p\u00e5 BUP (Barn- och ungdomspsykiatrin), har ofta sagt att l\u00e4rare m\u00e5ste [&hellip;]<\/p>\n","protected":false},"author":1,"featured_media":0,"comment_status":"open","ping_status":"open","sticky":false,"template":"","format":"standard","meta":[],"categories":[1,107,101],"tags":[],"_links":{"self":[{"href":"http:\/\/www.filindeblogg.nu\/index.php?rest_route=\/wp\/v2\/posts\/534"}],"collection":[{"href":"http:\/\/www.filindeblogg.nu\/index.php?rest_route=\/wp\/v2\/posts"}],"about":[{"href":"http:\/\/www.filindeblogg.nu\/index.php?rest_route=\/wp\/v2\/types\/post"}],"author":[{"embeddable":true,"href":"http:\/\/www.filindeblogg.nu\/index.php?rest_route=\/wp\/v2\/users\/1"}],"replies":[{"embeddable":true,"href":"http:\/\/www.filindeblogg.nu\/index.php?rest_route=%2Fwp%2Fv2%2Fcomments&post=534"}],"version-history":[{"count":1,"href":"http:\/\/www.filindeblogg.nu\/index.php?rest_route=\/wp\/v2\/posts\/534\/revisions"}],"predecessor-version":[{"id":6090,"href":"http:\/\/www.filindeblogg.nu\/index.php?rest_route=\/wp\/v2\/posts\/534\/revisions\/6090"}],"wp:attachment":[{"href":"http:\/\/www.filindeblogg.nu\/index.php?rest_route=%2Fwp%2Fv2%2Fmedia&parent=534"}],"wp:term":[{"taxonomy":"category","embeddable":true,"href":"http:\/\/www.filindeblogg.nu\/index.php?rest_route=%2Fwp%2Fv2%2Fcategories&post=534"},{"taxonomy":"post_tag","embeddable":true,"href":"http:\/\/www.filindeblogg.nu\/index.php?rest_route=%2Fwp%2Fv2%2Ftags&post=534"}],"curies":[{"name":"wp","href":"https:\/\/api.w.org\/{rel}","templated":true}]}}