{"id":52337,"date":"2013-11-16T12:33:07","date_gmt":"2013-11-16T11:33:07","guid":{"rendered":"http:\/\/www.filindeblogg.nu\/?p=52337"},"modified":"2013-11-16T12:33:07","modified_gmt":"2013-11-16T11:33:07","slug":"att-blogga-eller-inte-blogga-det-ar-fragan","status":"publish","type":"post","link":"http:\/\/www.filindeblogg.nu\/?p=52337","title":{"rendered":"Att blogga eller inte blogga det \u00e4r fr\u00e5gan&#8230;"},"content":{"rendered":"<p><a href=\"http:\/\/www.filindeblogg.nu\/wp-content\/uploads\/2013\/11\/Blogg.jpg\"><img loading=\"lazy\" class=\"alignnone size-full wp-image-52338\" alt=\"Blogg\" src=\"http:\/\/www.filindeblogg.nu\/wp-content\/uploads\/2013\/11\/Blogg.jpg\" width=\"127\" height=\"85\" \/><\/a> Bloggen \u00e4r terapi f\u00f6r den h\u00e4r bloggaren &#8211; alldeles s\u00e4rskilt nu n\u00e4r den brutna armen g\u00f6r att dagarna blir l\u00e5nga, jobbiga och lite trista. Vips kan man skriva en blogg!<\/p>\n<p>Ja, om inte vissa l\u00e4gger sig i det hela f\u00f6rst\u00e5s&#8230; <a href=\"http:\/\/www.filindeblogg.nu\/wp-content\/uploads\/2013\/11\/019.jpg\"><img loading=\"lazy\" class=\"alignnone  wp-image-52339\" alt=\"019\" src=\"http:\/\/www.filindeblogg.nu\/wp-content\/uploads\/2013\/11\/019-300x225.jpg\" width=\"180\" height=\"135\" srcset=\"http:\/\/www.filindeblogg.nu\/wp-content\/uploads\/2013\/11\/019-300x225.jpg 300w, http:\/\/www.filindeblogg.nu\/wp-content\/uploads\/2013\/11\/019.jpg 600w\" sizes=\"(max-width: 180px) 100vw, 180px\" \/><\/a><\/p>\n<p><a href=\"http:\/\/www.filindeblogg.nu\/wp-content\/uploads\/2013\/11\/020.jpg\"><img loading=\"lazy\" class=\"alignnone  wp-image-52340\" alt=\"020\" src=\"http:\/\/www.filindeblogg.nu\/wp-content\/uploads\/2013\/11\/020-225x300.jpg\" width=\"135\" height=\"180\" srcset=\"http:\/\/www.filindeblogg.nu\/wp-content\/uploads\/2013\/11\/020-225x300.jpg 225w, http:\/\/www.filindeblogg.nu\/wp-content\/uploads\/2013\/11\/020.jpg 450w\" sizes=\"(max-width: 135px) 100vw, 135px\" \/><\/a> Det \u00e4r liiiite sv\u00e5rt att skriva n\u00e4r en katt hela tiden vill ha uppm\u00e4rksamhet! \ud83d\ude42<\/p>\n<p>Och han ger sig inte! <a href=\"http:\/\/www.filindeblogg.nu\/wp-content\/uploads\/2013\/11\/021.jpg\"><img loading=\"lazy\" class=\"alignnone  wp-image-52341\" alt=\"021\" src=\"http:\/\/www.filindeblogg.nu\/wp-content\/uploads\/2013\/11\/021-300x225.jpg\" width=\"180\" height=\"135\" srcset=\"http:\/\/www.filindeblogg.nu\/wp-content\/uploads\/2013\/11\/021-300x225.jpg 300w, http:\/\/www.filindeblogg.nu\/wp-content\/uploads\/2013\/11\/021.jpg 600w\" sizes=\"(max-width: 180px) 100vw, 180px\" \/><\/a><\/p>\n<p>Men n\u00e4r <strong>Felix<\/strong> f\u00e5tt tillr\u00e4ckligt med gos och smek, enligt hans egen uppfattning, kunde han g\u00e5 med p\u00e5 att l\u00e4gga sig ned i kn\u00e4et och spinnsnarka ist\u00e4llet.<\/p>\n<p>H\u00e4r \u00e4r den blogg som kunde \u00e5stadkommas idag:<\/p>\n<p><a href=\"http:\/\/www.filindeblogg.nu\/wp-content\/uploads\/2013\/11\/0052.jpg\"><img loading=\"lazy\" class=\"alignnone  wp-image-52342\" alt=\"005\" src=\"http:\/\/www.filindeblogg.nu\/wp-content\/uploads\/2013\/11\/0052-300x225.jpg\" width=\"180\" height=\"135\" srcset=\"http:\/\/www.filindeblogg.nu\/wp-content\/uploads\/2013\/11\/0052-300x225.jpg 300w, http:\/\/www.filindeblogg.nu\/wp-content\/uploads\/2013\/11\/0052.jpg 600w\" sizes=\"(max-width: 180px) 100vw, 180px\" \/><\/a> Bloggaren v\u00e5gade sig ut p\u00e5 en kort, f\u00f6rsiktig promenad i morse och anledningen var brev som m\u00e5ste postas.<\/p>\n<p>Eftersom det endast finns tv\u00e5 postl\u00e5dor som t\u00f6mmer p\u00e5 helgen i <strong>Arboga<\/strong> (s\u00f6ndag klockan 13) gick bloggaren till den ena av de tv\u00e5 &#8211; den vid <strong>Arboga Station<\/strong>. <a href=\"http:\/\/www.filindeblogg.nu\/wp-content\/uploads\/2013\/11\/0102.jpg\"><img loading=\"lazy\" class=\"alignnone  wp-image-52343\" alt=\"010\" src=\"http:\/\/www.filindeblogg.nu\/wp-content\/uploads\/2013\/11\/0102-300x244.jpg\" width=\"180\" height=\"146\" srcset=\"http:\/\/www.filindeblogg.nu\/wp-content\/uploads\/2013\/11\/0102-300x244.jpg 300w, http:\/\/www.filindeblogg.nu\/wp-content\/uploads\/2013\/11\/0102.jpg 552w\" sizes=\"(max-width: 180px) 100vw, 180px\" \/><\/a><\/p>\n<p>D\u00e4r var det tyst och \u00f6de. <a href=\"http:\/\/www.filindeblogg.nu\/wp-content\/uploads\/2013\/11\/0084.jpg\"><img loading=\"lazy\" class=\"alignnone  wp-image-52344\" alt=\"008\" src=\"http:\/\/www.filindeblogg.nu\/wp-content\/uploads\/2013\/11\/0084-300x225.jpg\" width=\"180\" height=\"135\" srcset=\"http:\/\/www.filindeblogg.nu\/wp-content\/uploads\/2013\/11\/0084-300x225.jpg 300w, http:\/\/www.filindeblogg.nu\/wp-content\/uploads\/2013\/11\/0084.jpg 600w\" sizes=\"(max-width: 180px) 100vw, 180px\" \/><\/a> Affischer var uppklistrade p\u00e5 alla f\u00f6nstren till det tidigare caf\u00e9et i stationsbyggnaden. <a href=\"http:\/\/www.filindeblogg.nu\/wp-content\/uploads\/2013\/11\/0072.jpg\"><img loading=\"lazy\" class=\"alignnone  wp-image-52345\" alt=\"007\" src=\"http:\/\/www.filindeblogg.nu\/wp-content\/uploads\/2013\/11\/0072-300x225.jpg\" width=\"180\" height=\"135\" srcset=\"http:\/\/www.filindeblogg.nu\/wp-content\/uploads\/2013\/11\/0072-300x225.jpg 300w, http:\/\/www.filindeblogg.nu\/wp-content\/uploads\/2013\/11\/0072.jpg 600w\" sizes=\"(max-width: 180px) 100vw, 180px\" \/><\/a><strong><em> &#8221;H\u00e4r kommer n\u00e5got nytt&#8221;<\/em><\/strong> lovar en av affischerna &#8211; och det kan man verkligen\u00a0 hoppas! Ett fik att f\u00e5 sig en kopp kaffe p\u00e5 och kanske en macka \u00e4r viktigt n\u00e4r man v\u00e4ntar p\u00e5 bussar och t\u00e5g. V\u00e4ntan \u00e4r ju vanlig numera s\u00e4rskilt vad g\u00e4ller t\u00e5gtrafiken&#8230;<\/p>\n<p><a href=\"http:\/\/www.filindeblogg.nu\/wp-content\/uploads\/2013\/11\/0091.jpg\"><img loading=\"lazy\" class=\"alignnone size-medium wp-image-52346\" alt=\"009\" src=\"http:\/\/www.filindeblogg.nu\/wp-content\/uploads\/2013\/11\/0091-225x300.jpg\" width=\"225\" height=\"300\" srcset=\"http:\/\/www.filindeblogg.nu\/wp-content\/uploads\/2013\/11\/0091-225x300.jpg 225w, http:\/\/www.filindeblogg.nu\/wp-content\/uploads\/2013\/11\/0091.jpg 450w\" sizes=\"(max-width: 225px) 100vw, 225px\" \/><\/a> Hur man f\u00e5r tag i en t\u00e5gbiljett om man reser p\u00e5 helgen vet inte bloggaren. Informationen p\u00e5 d\u00f6rren s\u00e4ger att biljetter s\u00e4ljs p\u00e5 <strong>Arboga turistbyr\u00e5<\/strong> som har \u00f6ppet m\u00e5ndag &#8211; fredag 08.00 &#8211; 16.00.<\/p>\n<p><strong><em>&#8221;Arboga &#8211; plats f\u00f6r inspiration&#8221;<\/em><\/strong> st\u00e5r det l\u00e4ngst ner p\u00e5 affischen ovan &#8211;<\/p>\n<p><img loading=\"lazy\" class=\"alignnone size-medium wp-image-52347\" alt=\"006\" src=\"http:\/\/www.filindeblogg.nu\/wp-content\/uploads\/2013\/11\/0063-300x225.jpg\" width=\"300\" height=\"225\" srcset=\"http:\/\/www.filindeblogg.nu\/wp-content\/uploads\/2013\/11\/0063-300x225.jpg 300w, http:\/\/www.filindeblogg.nu\/wp-content\/uploads\/2013\/11\/0063.jpg 600w\" sizes=\"(max-width: 300px) 100vw, 300px\" \/> och ovanf\u00f6r den tomma lokalen sitter skylten <strong><em>&#8221;Utvecklingscentrum, N\u00e4ringsliv och Turism&#8221;<\/em><\/strong>.<\/p>\n<p>Man f\u00e5r verkligen hoppas att de inom kommunen som \u00e4r satta att utveckla hittar inspirationen och att de snart, mycket snart kan leva upp till l\u00f6ftet om n\u00e5got nytt!<\/p>\n<p style=\"text-align: center;\"><a href=\"http:\/\/www.filindeblogg.nu\/wp-content\/uploads\/2013\/11\/Stationscafet.jpg\"><img loading=\"lazy\" class=\"aligncenter  wp-image-52348\" alt=\"Stationscafet\" src=\"http:\/\/www.filindeblogg.nu\/wp-content\/uploads\/2013\/11\/Stationscafet.jpg\" width=\"216\" height=\"200\" \/><\/a><\/p>\n<p>Arboga \u00e4r en fin liten stad &#8211; v\u00e4rd att uppt\u00e4ckas av fler- och v\u00e4rd att bevaras. P\u00e5 Facebook finns en grupp d\u00e4r det l\u00e4ggs ut m\u00e5nga fina gamla Arbogabilder. En av de aktiva i gruppen har ett skyltf\u00f6nster p\u00e5 <strong>\u00d6stra Nygatan<\/strong> i Arboga som ser ut s\u00e5 h\u00e4r: <a href=\"http:\/\/www.filindeblogg.nu\/wp-content\/uploads\/2013\/11\/017.jpg\"><img loading=\"lazy\" class=\"alignnone  wp-image-52349\" alt=\"017\" src=\"http:\/\/www.filindeblogg.nu\/wp-content\/uploads\/2013\/11\/017-225x300.jpg\" width=\"135\" height=\"180\" srcset=\"http:\/\/www.filindeblogg.nu\/wp-content\/uploads\/2013\/11\/017-225x300.jpg 225w, http:\/\/www.filindeblogg.nu\/wp-content\/uploads\/2013\/11\/017.jpg 450w\" sizes=\"(max-width: 135px) 100vw, 135px\" \/><\/a><\/p>\n<p>En n\u00e4rmare titt: <a href=\"http:\/\/www.filindeblogg.nu\/wp-content\/uploads\/2013\/11\/018.jpg\"><img loading=\"lazy\" class=\"alignnone size-medium wp-image-52350\" alt=\"018\" src=\"http:\/\/www.filindeblogg.nu\/wp-content\/uploads\/2013\/11\/018-300x225.jpg\" width=\"300\" height=\"225\" srcset=\"http:\/\/www.filindeblogg.nu\/wp-content\/uploads\/2013\/11\/018-300x225.jpg 300w, http:\/\/www.filindeblogg.nu\/wp-content\/uploads\/2013\/11\/018.jpg 600w\" sizes=\"(max-width: 300px) 100vw, 300px\" \/><\/a><br \/>\nFullt med unika gamla bilder fr\u00e5n ett Arboga f\u00f6rr i tiden! Kom och titta!<\/p>\n<p>Den h\u00e4r bilden finns i <strong>Arboga Minnes kalender<\/strong> f\u00f6r november m\u00e5nad 2013: <a href=\"http:\/\/www.filindeblogg.nu\/wp-content\/uploads\/2013\/11\/Novemberbladet-i-Arboga-Minnes-kalender.jpg\"><img loading=\"lazy\" class=\"alignnone size-medium wp-image-52351\" alt=\"Novemberbladet i Arboga Minnes kalender\" src=\"http:\/\/www.filindeblogg.nu\/wp-content\/uploads\/2013\/11\/Novemberbladet-i-Arboga-Minnes-kalender-300x225.jpg\" width=\"300\" height=\"225\" srcset=\"http:\/\/www.filindeblogg.nu\/wp-content\/uploads\/2013\/11\/Novemberbladet-i-Arboga-Minnes-kalender-300x225.jpg 300w, http:\/\/www.filindeblogg.nu\/wp-content\/uploads\/2013\/11\/Novemberbladet-i-Arboga-Minnes-kalender.jpg 600w\" sizes=\"(max-width: 300px) 100vw, 300px\" \/><\/a> Fotot \u00e4r taget 1988 av <strong>Nerikes Allehanda<\/strong> och f\u00f6rest\u00e4ller en glad <strong>Inga-Lill Fr\u00f6ssman<\/strong> i <strong>Med\u00e5ker<\/strong>.<br \/>\nF\u00f6rmodligen beror inte hennes str\u00e5lande leende p\u00e5 det faktum att bilden talar om en epok som \u00e4r slut &#8211; <strong>Med\u00e5kers Handel<\/strong>. N\u00e4r handelsboden sl\u00e5r igen brukar det vara en av d\u00f6dsst\u00f6tarna f\u00f6r en by.<\/p>\n<p><strong><a href=\"http:\/\/www.filindeblogg.nu\/wp-content\/uploads\/2013\/11\/logga2_arboga_museum.jpg\"><img loading=\"lazy\" class=\"alignnone size-medium wp-image-52352\" alt=\"logga2_arboga_museum\" src=\"http:\/\/www.filindeblogg.nu\/wp-content\/uploads\/2013\/11\/logga2_arboga_museum-300x67.jpg\" width=\"300\" height=\"67\" srcset=\"http:\/\/www.filindeblogg.nu\/wp-content\/uploads\/2013\/11\/logga2_arboga_museum-300x67.jpg 300w, http:\/\/www.filindeblogg.nu\/wp-content\/uploads\/2013\/11\/logga2_arboga_museum.jpg 671w\" sizes=\"(max-width: 300px) 100vw, 300px\" \/><\/a><br \/>\nArboga Minne\/Arboga Museum<\/strong> hittar du <a href=\"http:\/\/www.arbogamuseum.se\/arbogaminne.html\" target=\"_blank\"><strong>H\u00c4R! <\/strong><\/a>F\u00f6r 220 kronor kan du bli medlem och f\u00e5r d\u00e5 ocks\u00e5 <strong>Arboga Minnes \u00c5rsbok<\/strong>.<br \/>\nKalender f\u00f6r 2014 kan du s\u00e4kert best\u00e4lla \u00e4ven p\u00e5 denna sida via en kontakt med <strong>Arboga Museum<\/strong>.<\/p>\n<p>&nbsp;<\/p>\n<p><a href=\"http:\/\/www.filindeblogg.nu\/wp-content\/uploads\/2013\/11\/022.jpg\"><img loading=\"lazy\" class=\"alignnone  wp-image-52353\" alt=\"022\" src=\"http:\/\/www.filindeblogg.nu\/wp-content\/uploads\/2013\/11\/022-225x300.jpg\" width=\"135\" height=\"180\" srcset=\"http:\/\/www.filindeblogg.nu\/wp-content\/uploads\/2013\/11\/022-225x300.jpg 225w, http:\/\/www.filindeblogg.nu\/wp-content\/uploads\/2013\/11\/022.jpg 450w\" sizes=\"(max-width: 135px) 100vw, 135px\" \/><\/a> Se, det blev en blogg trots allt!<\/p>\n<p>Mat ocks\u00e5! \ud83d\ude42 Sn\u00e4lla v\u00e4nner ser till att bloggaren inte sv\u00e4lter ihj\u00e4l. Ig\u00e5r kv\u00e4ll blev det Janssons frestelse utan ansjovis men d\u00e4remot med kapris och svarta oliver! J\u00e4ttegott!<\/p>\n<p><a href=\"http:\/\/www.filindeblogg.nu\/wp-content\/uploads\/2013\/11\/0045.jpg\"><img loading=\"lazy\" class=\"alignnone  wp-image-52354\" alt=\"004\" src=\"http:\/\/www.filindeblogg.nu\/wp-content\/uploads\/2013\/11\/0045-300x225.jpg\" width=\"180\" height=\"135\" srcset=\"http:\/\/www.filindeblogg.nu\/wp-content\/uploads\/2013\/11\/0045-300x225.jpg 300w, http:\/\/www.filindeblogg.nu\/wp-content\/uploads\/2013\/11\/0045.jpg 600w\" sizes=\"(max-width: 180px) 100vw, 180px\" \/><\/a><\/p>\n<p>Njut av det milda h\u00f6stv\u00e4dret! Det g\u00f6r sannerligen bloggaren och vill absolut inte ha sn\u00f6, is och halka!<\/p>\n<p><a href=\"http:\/\/www.filindeblogg.nu\/wp-content\/uploads\/2013\/11\/0112.jpg\"><img loading=\"lazy\" class=\"size-medium wp-image-52355 aligncenter\" alt=\"011\" src=\"http:\/\/www.filindeblogg.nu\/wp-content\/uploads\/2013\/11\/0112-300x225.jpg\" width=\"300\" height=\"225\" srcset=\"http:\/\/www.filindeblogg.nu\/wp-content\/uploads\/2013\/11\/0112-300x225.jpg 300w, http:\/\/www.filindeblogg.nu\/wp-content\/uploads\/2013\/11\/0112.jpg 600w\" sizes=\"(max-width: 300px) 100vw, 300px\" \/><\/a><\/p>\n","protected":false},"excerpt":{"rendered":"<p>Bloggen \u00e4r terapi f\u00f6r den h\u00e4r bloggaren &#8211; alldeles s\u00e4rskilt nu n\u00e4r den brutna armen g\u00f6r att dagarna blir l\u00e5nga, jobbiga och lite trista. Vips kan man skriva en blogg! Ja, om inte vissa l\u00e4gger sig i det hela f\u00f6rst\u00e5s&#8230; Det \u00e4r liiiite sv\u00e5rt att skriva n\u00e4r en katt hela tiden vill ha uppm\u00e4rksamhet! \ud83d\ude42 [&hellip;]<\/p>\n","protected":false},"author":1,"featured_media":0,"comment_status":"open","ping_status":"open","sticky":false,"template":"","format":"standard","meta":[],"categories":[127,41,100,101],"tags":[],"_links":{"self":[{"href":"http:\/\/www.filindeblogg.nu\/index.php?rest_route=\/wp\/v2\/posts\/52337"}],"collection":[{"href":"http:\/\/www.filindeblogg.nu\/index.php?rest_route=\/wp\/v2\/posts"}],"about":[{"href":"http:\/\/www.filindeblogg.nu\/index.php?rest_route=\/wp\/v2\/types\/post"}],"author":[{"embeddable":true,"href":"http:\/\/www.filindeblogg.nu\/index.php?rest_route=\/wp\/v2\/users\/1"}],"replies":[{"embeddable":true,"href":"http:\/\/www.filindeblogg.nu\/index.php?rest_route=%2Fwp%2Fv2%2Fcomments&post=52337"}],"version-history":[{"count":20,"href":"http:\/\/www.filindeblogg.nu\/index.php?rest_route=\/wp\/v2\/posts\/52337\/revisions"}],"predecessor-version":[{"id":52375,"href":"http:\/\/www.filindeblogg.nu\/index.php?rest_route=\/wp\/v2\/posts\/52337\/revisions\/52375"}],"wp:attachment":[{"href":"http:\/\/www.filindeblogg.nu\/index.php?rest_route=%2Fwp%2Fv2%2Fmedia&parent=52337"}],"wp:term":[{"taxonomy":"category","embeddable":true,"href":"http:\/\/www.filindeblogg.nu\/index.php?rest_route=%2Fwp%2Fv2%2Fcategories&post=52337"},{"taxonomy":"post_tag","embeddable":true,"href":"http:\/\/www.filindeblogg.nu\/index.php?rest_route=%2Fwp%2Fv2%2Ftags&post=52337"}],"curies":[{"name":"wp","href":"https:\/\/api.w.org\/{rel}","templated":true}]}}