{"id":5195,"date":"2009-04-02T08:13:29","date_gmt":"2009-04-02T07:13:29","guid":{"rendered":"http:\/\/www.filindeblogg.nu\/?p=5195"},"modified":"2009-06-05T04:28:41","modified_gmt":"2009-06-05T03:28:41","slug":"sparra-in-dom-pa-nan-anstalt","status":"publish","type":"post","link":"http:\/\/www.filindeblogg.nu\/?p=5195","title":{"rendered":"Sp\u00e4rra in dom p\u00e5 n\u00e5n anstalt!"},"content":{"rendered":"<p><strong><em><img loading=\"lazy\" class=\"alignnone size-thumbnail wp-image-5197\" title=\"alberteinstein\" src=\"http:\/\/www.filindeblogg.nu\/wp-content\/uploads\/2009\/04\/alberteinstein-150x150.jpg\" alt=\"alberteinstein\" width=\"150\" height=\"150\" \/>&#8221;Sp\u00e4rra in dom p\u00e5 n\u00e5n anstalt!&#8221;<\/em><\/strong> Ja, det \u00e4r vad m\u00e4nniskor med ADHD, Aspergers syndrom eller andra egenskaper inom Autismspektrat kan f\u00e5 h\u00f6ra<a href=\"http:\/\/www.dn.se\/nyheter\/sverige\/a-kassa-tillater-inte-bloggande-1.835993\">.<\/a><\/p>\n<p class=\"MsoNormal\"><span style=\"font-family: Times New Roman; font-size: small;\"><span style=\"font-size: 12pt;\">Den som \u00e4r blind tvingas inte l\u00e4sa  b\u00f6cker<a href=\"http:\/\/www.expressen.se\/Nyheter\/1.1519912\/minst-hundra-fildelarfall-pa-vag\">.<\/a><br \/>\n<\/span><\/span><\/p>\n<p class=\"MsoNormal\"><span style=\"font-family: Times New Roman; font-size: small;\"><span style=\"font-size: 12pt;\">Den som \u00e4r d\u00f6v m\u00e5ste inte att lyssna till musik fast han  inte h\u00f6r<a href=\"http:\/\/www.aftonbladet.se\/nyheter\/article4797764.ab\">.<\/a><br \/>\n<\/span><\/span><\/p>\n<p class=\"MsoNormal\"><span style=\"font-family: Times New Roman; font-size: small;\"><span style=\"font-size: 12pt;\">En rullstolsburen skulle aldrig beh\u00f6va sl\u00e4pa sig upp-  och nedf\u00f6r trappor dagligen<a href=\"http:\/\/www.svd.se\/nyheter\/inrikes\/artikel_2684635.svd\">.<\/a><br \/>\n<\/span><\/span><\/p>\n<p class=\"MsoNormal\"><span style=\"font-family: Times New Roman; font-size: small;\"><span style=\"font-size: 12pt;\">En f\u00f6do\u00e4mnesallergiker tvingas inte \u00e4ta n\u00f6tter, dricka  mj\u00f6lk eller inta annat som g\u00f6r honom sjuk.<br \/>\n<\/span><\/span><\/p>\n<p class=\"MsoNormal\"><span style=\"font-family: Times New Roman; font-size: small;\"><span style=\"font-size: 12pt;\">Men \u2013 ett barn med ADHD eller andra egenskaper inom  Autismspektrat tvingas varje dag till handlingar ut\u00f6ver sin f\u00f6rm\u00e5ga! Det handlar  om bristen p\u00e5 f\u00f6rst\u00e5else f\u00f6r de h\u00e4r barnen i skolan.Ut\u00f6ver sina stora sv\u00e5righeter uts\u00e4tts barnet f\u00f6r total  okunnighet och nonchalans. Trots rop p\u00e5 hj\u00e4lp finns ingen hj\u00e4lp att f\u00e5. Tv\u00e4rtom  behandlas de h\u00e4r barnen s\u00e5 illa att problemen och sv\u00e5righeterna f\u00f6rv\u00e4rras. <strong>Skollagen g\u00e4ller inte f\u00f6r dessa elever! <\/strong>S\u00e5 m\u00e5ste man tolka behandlingen av elever med Autismliknande egenskaper i svenska skolor!<\/span><\/span><\/p>\n<p>Problemen f\u00f6r barn och ungdomar med ADHD, Aspergers  syndrom och andra egenskaper \u00e4r mycket v\u00e4rre idag \u00e4n tidigare.F\u00f6rr n\u00e4r en elev kunde sluta skolan redan efter 8:an  eller 9:an och f\u00e5 jobb \u2013 var det enklare att f\u00e5 arbete och f\u00f6rs\u00f6rjning lika med  sj\u00e4lvst\u00e4ndighet och sj\u00e4lvf\u00f6rtroende. Idag m\u00e5ste alla g\u00e5 gymnasieskolan och helst  ocks\u00e5 h\u00f6gskolan. Hur det g\u00e5r f\u00f6r en elev som inte ens f\u00e5tt den  grundskoleutbildning han enligt lag har r\u00e4tt till \u2013 kan vem som helst r\u00e4kna ut.  <strong>Utslagning redan fr\u00e5n f\u00f6rsta klass allts\u00e5!<\/strong><\/p>\n<p class=\"MsoNormal\"><span style=\"font-family: Times New Roman; font-size: small;\"><span style=\"font-size: 12pt;\">Jag har jobbat med personalfr\u00e5gor och d\u00e4r tr\u00e4ffat p\u00e5  n\u00e5gra av personerna med de h\u00e4r egenskaperna. F\u00f6rmodligen har de aldrig f\u00e5tt  n\u00e5gon diagnos. Det beh\u00f6vdes inte f\u00f6rr i v\u00e4rlden\u2026 Men de h\u00e4r m\u00e4nniskorna har  verkligen inte haft det problemfritt.<br \/>\n<\/span><\/span><\/p>\n<p class=\"MsoNormal\"><span style=\"font-family: Times New Roman; font-size: small;\"><span style=\"font-size: 12pt;\"><strong>Utmobbning fr\u00e5n s\u00e5v\u00e4l arbetskamrater som chefer \u00e4r  vanliga liksom att arbetsgivare p\u00e5 olika s\u00e4tt f\u00f6rs\u00f6ker s\u00e4ga upp personerna.<\/strong> Hittar p\u00e5 n\u00e5got svepsk\u00e4l f\u00f6r att bli av med de h\u00e4r \u201dkonstiga m\u00e4nniskorna\u201d. <\/span><\/span><\/p>\n<p class=\"MsoNormal\"><span style=\"font-family: Times New Roman; font-size: small;\"><span style=\"font-size: 12pt;\"><strong>En h\u00f6gre chef jag jobbade med skrek att den anst\u00e4llde  med ADHD borde sp\u00e4rras in p\u00e5 mentalsjukhus. <\/strong>Arbetaren han talade om hade bara velat ha kvar  sitt jobb och tyckte han sk\u00f6tte det bra p\u00e5 sitt s\u00e4tt (vilket han ocks\u00e5 gjorde \u2013  just p\u00e5 sitt s\u00e4tt). Det var det som gjorde chefen ursinnig. PLUS att han hade sett killen g\u00e5 i dikena och plocka tomflaskor!! Va!? \u00c4r det ett sk\u00e4l f\u00f6r  upps\u00e4gning!? Jag blev rasande och med hj\u00e4lp av facket klarade sig killen den  g\u00e5ngen.<br \/>\n<\/span><\/span><\/p>\n<p class=\"MsoNormal\"><span style=\"font-family: Times New Roman; font-size: small;\"><span style=\"font-size: 12pt;\"><strong>Jag har gjort en liten rundfr\u00e5gning bland personer jag  k\u00e4nner till som har ADHD och Aspergers syndrom.<\/strong> Fr\u00e5gat om deras vardag och liv.  Det som m\u00f6tt mig \u00e4r vilsenhet och utanf\u00f6rskap. Yngre har sv\u00e5rt att tro sig  sj\u00e4lva om n\u00e5got och k\u00e4nner en stor os\u00e4kerhet inf\u00f6r framtiden. \u00c4ldre k\u00e4nner en  bitterhet \u00f6ver f\u00f6rlorad utbildning och d\u00e4rmed arbetsl\u00f6shet och  ekonomiska problem. Alla k\u00e4nner de sig missf\u00f6rst\u00e5dda.<\/span><\/span><\/p>\n<p class=\"MsoNormal\"><span style=\"font-family: Times New Roman; font-size: small;\"><span style=\"font-size: 12pt;\"><strong>En ung pojke s\u00e4ger att en del tycker att s\u00e5dana som han  borde s\u00e4ttas p\u00e5 sjukhus, tas om hand. En kvinna ber\u00e4ttar om en bok s\u00e5 speglar  hennes liv \u2013 <em>\u201dJag vill inte d\u00f6, men jag orkar inte leva\u201d.<\/em><\/strong><br \/>\n<\/span><\/span><\/p>\n<p class=\"MsoNormal\"><strong><span style=\"font-family: Times New Roman; font-size: small;\"><span style=\"font-size: 12pt;\">L\u00e5t V\u00e4rldsautismdagen 2 april inte bara bli en av m\u00e5nga  FN-dagar i almanackan.<br \/>\nL\u00e5t dagen idag bli den f\u00f6rsta f\u00f6r dig att ta reda p\u00e5 s\u00e5  mycket som m\u00f6jligt om ADHD och andra egenskaper inom Autismspektrat! H\u00e4r f\u00f6ljer  n\u00e5gra hemsidor att g\u00e5 in p\u00e5!<\/span><\/span><\/strong><\/p>\n<p class=\"MsoNormal\"><a href=\"http:\/\/www.attention-riks.se\/\"><strong><span style=\"font-family: Times New Roman; font-size: small;\"><span style=\"font-size: 12pt;\">Riksf\u00f6rbundet Attention<\/span><\/span><\/strong><\/a><\/p>\n<p class=\"MsoNormal\"><a href=\"http:\/\/www.autism.se\/\"><strong>Riksf\u00f6reningen Autism<\/strong><\/a><\/p>\n<p class=\"MsoNormal\"><strong><a href=\"http:\/\/www.adhdeurope.eu\/\">ADHD-Europe<\/a><\/strong><\/p>\n<p class=\"MsoNormal\"><strong><img loading=\"lazy\" class=\"alignnone size-medium wp-image-5198\" title=\"michaelphelps\" src=\"http:\/\/www.filindeblogg.nu\/wp-content\/uploads\/2009\/04\/michaelphelps-171x300.jpg\" alt=\"michaelphelps\" width=\"171\" height=\"300\" \/> Michael Phelps<br \/>\noch Johan Sta\u00ebl von Holestein <img loading=\"lazy\" class=\"alignnone size-full wp-image-5200\" title=\"johan-stael-von-h\" src=\"http:\/\/www.filindeblogg.nu\/wp-content\/uploads\/2009\/04\/johan-stael-von-h.jpg\" alt=\"johan-stael-von-h\" width=\"210\" height=\"210\" srcset=\"http:\/\/www.filindeblogg.nu\/wp-content\/uploads\/2009\/04\/johan-stael-von-h.jpg 210w, http:\/\/www.filindeblogg.nu\/wp-content\/uploads\/2009\/04\/johan-stael-von-h-150x150.jpg 150w\" sizes=\"(max-width: 210px) 100vw, 210px\" \/> liksom mannen \u00f6verst p\u00e5 bloggen \u00e4r personer med n\u00e5gra av egenskaperna inom Autismspektrat. Den gamle mannen, numera avliden, \u00e4r Albert Einstein.<br \/>\n<\/strong><\/p>\n<p class=\"MsoNormal\">\n<p class=\"MsoNormal\"><span style=\"font-family: Times New Roman; font-size: small;\"><span style=\"font-size: 12pt;\"><br \/>\n<\/span><\/span><\/p>\n","protected":false},"excerpt":{"rendered":"<p>&#8221;Sp\u00e4rra in dom p\u00e5 n\u00e5n anstalt!&#8221; Ja, det \u00e4r vad m\u00e4nniskor med ADHD, Aspergers syndrom eller andra egenskaper inom Autismspektrat kan f\u00e5 h\u00f6ra. Den som \u00e4r blind tvingas inte l\u00e4sa b\u00f6cker. Den som \u00e4r d\u00f6v m\u00e5ste inte att lyssna till musik fast han inte h\u00f6r. En rullstolsburen skulle aldrig beh\u00f6va sl\u00e4pa sig upp- och nedf\u00f6r [&hellip;]<\/p>\n","protected":false},"author":1,"featured_media":0,"comment_status":"open","ping_status":"open","sticky":false,"template":"","format":"standard","meta":[],"categories":[107,100,101],"tags":[],"_links":{"self":[{"href":"http:\/\/www.filindeblogg.nu\/index.php?rest_route=\/wp\/v2\/posts\/5195"}],"collection":[{"href":"http:\/\/www.filindeblogg.nu\/index.php?rest_route=\/wp\/v2\/posts"}],"about":[{"href":"http:\/\/www.filindeblogg.nu\/index.php?rest_route=\/wp\/v2\/types\/post"}],"author":[{"embeddable":true,"href":"http:\/\/www.filindeblogg.nu\/index.php?rest_route=\/wp\/v2\/users\/1"}],"replies":[{"embeddable":true,"href":"http:\/\/www.filindeblogg.nu\/index.php?rest_route=%2Fwp%2Fv2%2Fcomments&post=5195"}],"version-history":[{"count":5,"href":"http:\/\/www.filindeblogg.nu\/index.php?rest_route=\/wp\/v2\/posts\/5195\/revisions"}],"predecessor-version":[{"id":6071,"href":"http:\/\/www.filindeblogg.nu\/index.php?rest_route=\/wp\/v2\/posts\/5195\/revisions\/6071"}],"wp:attachment":[{"href":"http:\/\/www.filindeblogg.nu\/index.php?rest_route=%2Fwp%2Fv2%2Fmedia&parent=5195"}],"wp:term":[{"taxonomy":"category","embeddable":true,"href":"http:\/\/www.filindeblogg.nu\/index.php?rest_route=%2Fwp%2Fv2%2Fcategories&post=5195"},{"taxonomy":"post_tag","embeddable":true,"href":"http:\/\/www.filindeblogg.nu\/index.php?rest_route=%2Fwp%2Fv2%2Ftags&post=5195"}],"curies":[{"name":"wp","href":"https:\/\/api.w.org\/{rel}","templated":true}]}}