{"id":51801,"date":"2013-10-13T09:43:41","date_gmt":"2013-10-13T08:43:41","guid":{"rendered":"http:\/\/www.filindeblogg.nu\/?p=51801"},"modified":"2013-10-13T09:43:41","modified_gmt":"2013-10-13T08:43:41","slug":"sondag-predikan-om-vem-som-far-vara-kompis-och-inte","status":"publish","type":"post","link":"http:\/\/www.filindeblogg.nu\/?p=51801","title":{"rendered":"S\u00f6ndag &#8211; predikan, om vem som f\u00e5r vara kompis och inte&#8230;"},"content":{"rendered":"<p><a href=\"http:\/\/www.filindeblogg.nu\/wp-content\/uploads\/2013\/10\/0372.jpg\"><img loading=\"lazy\" class=\"alignnone size-medium wp-image-51802\" alt=\"037\" src=\"http:\/\/www.filindeblogg.nu\/wp-content\/uploads\/2013\/10\/0372-300x225.jpg\" width=\"300\" height=\"225\" srcset=\"http:\/\/www.filindeblogg.nu\/wp-content\/uploads\/2013\/10\/0372-300x225.jpg 300w, http:\/\/www.filindeblogg.nu\/wp-content\/uploads\/2013\/10\/0372.jpg 600w\" sizes=\"(max-width: 300px) 100vw, 300px\" \/><\/a> S\u00f6ndag idag igen och dags f\u00f6r en predikan.<\/p>\n<p>N\u00e4r bloggaren l\u00e4ste om <em>&#8221;kompisfotografering&#8221;<\/em> i <strong>Svenska Dagbladet<\/strong> blev hon best\u00f6rt. Har inte den svenska skolan kommit l\u00e4ngre!?\u00a0 Men \u00e5 andra sidan &#8211; varf\u00f6r skulle skolan ha gjort det n\u00e4r den prioriteras l\u00e5gt i v\u00e5rt samh\u00e4lle med stora klasser och slutk\u00f6rda, l\u00e5gavl\u00f6nade l\u00e4rare!<\/p>\n<p><a href=\"http:\/\/www.filindeblogg.nu\/wp-content\/uploads\/2013\/10\/Kompisfoto.jpg\"><img loading=\"lazy\" class=\"alignnone size-full wp-image-51803\" alt=\"Kompisfoto\" src=\"http:\/\/www.filindeblogg.nu\/wp-content\/uploads\/2013\/10\/Kompisfoto.jpg\" width=\"135\" height=\"90\" \/><\/a>\u00a0Citar ur <strong>SvD<\/strong>: <strong><em>&#8221;F\u00e5 skolor agerar mot kompisfotografering. N\u00e5gra kompisar som fotas tillsammans. Och n\u00e5gra som inte \u00e4r med. Trots antimobbningsarbeten erbjuder m\u00e5nga av landets skolor kompisfotografering n\u00e4r det \u00e4r dags f\u00f6r skolfoton. Men antimobbningsorganisationen Friends varnar f\u00f6r att fenomenet \u00e4r exkluderande.&#8221;<\/em><\/strong><\/p>\n<p>Hur kan skolor till\u00e5ta detta!? \u00c4r man som l\u00e4rare s\u00e5 hemmablind, uttr\u00f6ttad och oengagerad att man inte f\u00f6rst\u00e5r den mobbingsituation som uppst\u00e5r!? Skandal\u00f6st!<br \/>\nN\u00e5gra f\u00e5r vara med och andra utesluts&#8230; <a href=\"http:\/\/www.filindeblogg.nu\/wp-content\/uploads\/2013\/10\/Kompisfotografering.jpg\"><img loading=\"lazy\" class=\"alignnone size-full wp-image-51804\" alt=\"Kompisfotografering\" src=\"http:\/\/www.filindeblogg.nu\/wp-content\/uploads\/2013\/10\/Kompisfotografering.jpg\" width=\"106\" height=\"80\" \/><\/a><\/p>\n<p>L\u00e4s om antimobbingsorganisationen Friends hemsida genom att klicka <a href=\"http:\/\/www.friends.se\/\" target=\"_blank\">H\u00c4R!<\/a> <a href=\"http:\/\/www.filindeblogg.nu\/wp-content\/uploads\/2013\/10\/friendsrapporten-bildspel2.png\"><img loading=\"lazy\" class=\"alignnone size-medium wp-image-51805\" alt=\"friendsrapporten-bildspel2\" src=\"http:\/\/www.filindeblogg.nu\/wp-content\/uploads\/2013\/10\/friendsrapporten-bildspel2-300x131.png\" width=\"300\" height=\"131\" srcset=\"http:\/\/www.filindeblogg.nu\/wp-content\/uploads\/2013\/10\/friendsrapporten-bildspel2-300x131.png 300w, http:\/\/www.filindeblogg.nu\/wp-content\/uploads\/2013\/10\/friendsrapporten-bildspel2.png 800w\" sizes=\"(max-width: 300px) 100vw, 300px\" \/><\/a> Till denna bild fr\u00e5n &#8221;Friends st\u00e5r, citat:<strong><em> &#8221;Folk har skrivit p\u00e5 n\u00e4tet vilket stort misstag jag \u00e4r&#8221;.<\/em><\/strong>..<\/p>\n<p><strong>Svenskans<\/strong> artikel hittar du <a href=\"http:\/\/www.svd.se\/nyheter\/inrikes\/fa-skolor-agerar-mot-kompisfotografering_8611192.svd\" target=\"_blank\"><strong>H\u00c4R<\/strong><\/a>!<\/p>\n<p>Visdomsorden fr\u00e5n tep\u00e5sen ig\u00e5r passar v\u00e4l in h\u00e4r! <a href=\"http:\/\/www.filindeblogg.nu\/wp-content\/uploads\/2013\/10\/0382.jpg\"><img loading=\"lazy\" class=\"alignnone size-medium wp-image-51806\" alt=\"038\" src=\"http:\/\/www.filindeblogg.nu\/wp-content\/uploads\/2013\/10\/0382-300x225.jpg\" width=\"300\" height=\"225\" srcset=\"http:\/\/www.filindeblogg.nu\/wp-content\/uploads\/2013\/10\/0382-300x225.jpg 300w, http:\/\/www.filindeblogg.nu\/wp-content\/uploads\/2013\/10\/0382.jpg 600w\" sizes=\"(max-width: 300px) 100vw, 300px\" \/><\/a> <strong><em>&#8221;Act, don&#8217;t react&#8221;<\/em><\/strong> &#8211; som kan \u00f6vers\u00e4ttas ungef\u00e4r &#8211;<strong><em> &#8221;Agera &#8211; inte bara reagera!&#8221;<\/em><\/strong><\/p>\n<p>Den h\u00e4r bilden h\u00e4mtad fr\u00e5n Facebook passar ocks\u00e5 bra till s\u00f6ndagens predikan:<\/p>\n<p><img loading=\"lazy\" class=\"size-medium wp-image-51807 aligncenter\" alt=\"Jesus motfr\u00e5ga bild tagen fr\u00e5n Facebook\" src=\"http:\/\/www.filindeblogg.nu\/wp-content\/uploads\/2013\/10\/Jesus-motfr\u00e5ga-bild-tagen-fr\u00e5n-Facebook-300x218.jpg\" width=\"300\" height=\"218\" srcset=\"http:\/\/www.filindeblogg.nu\/wp-content\/uploads\/2013\/10\/Jesus-motfr\u00e5ga-bild-tagen-fr\u00e5n-Facebook-300x218.jpg 300w, http:\/\/www.filindeblogg.nu\/wp-content\/uploads\/2013\/10\/Jesus-motfr\u00e5ga-bild-tagen-fr\u00e5n-Facebook.jpg 658w\" sizes=\"(max-width: 300px) 100vw, 300px\" \/><\/p>\n<p><em>&#8221;- So why do you allow things like famine war, suffering disease, crime, homelessness, despair etc exist in our world?&#8221;<\/em><br \/>\n<em>&#8221; -Interesting that you should bring that up as I was about to ask you the exact same question.&#8221;<\/em><\/p>\n<p>N\u00e5gra vackra h\u00f6stbilder m\u00e5ste f\u00e5 avsluta bloggen! Det finns s\u00e5 mycket vackert i naturen just nu.<br \/>\nKorset \u00f6verst i bloggen har en kyrka ocks\u00e5! \ud83d\ude42 Den h\u00e4r: <a href=\"http:\/\/www.filindeblogg.nu\/wp-content\/uploads\/2013\/10\/0101.jpg\"><img loading=\"lazy\" class=\"alignnone  wp-image-51808\" alt=\"010\" src=\"http:\/\/www.filindeblogg.nu\/wp-content\/uploads\/2013\/10\/0101-225x300.jpg\" width=\"158\" height=\"210\" srcset=\"http:\/\/www.filindeblogg.nu\/wp-content\/uploads\/2013\/10\/0101-225x300.jpg 225w, http:\/\/www.filindeblogg.nu\/wp-content\/uploads\/2013\/10\/0101.jpg 450w\" sizes=\"(max-width: 158px) 100vw, 158px\" \/><\/a> <strong>Sankt Nicolaikyrkan<\/strong> i <strong>Arboga<\/strong>, granne med bloggaren.<\/p>\n<p>P\u00e5 v\u00e5r g\u00e5rd p\u00e5minns man om den vackra h\u00f6sten liten \u00f6verallt! \ud83d\ude42 <a href=\"http:\/\/www.filindeblogg.nu\/wp-content\/uploads\/2013\/10\/V\u00e5r-trappuppg\u00e5ng-okt-2013.jpg\"><img loading=\"lazy\" class=\"alignnone  wp-image-51814\" alt=\"V\u00e5r trappuppg\u00e5ng okt 2013\" src=\"http:\/\/www.filindeblogg.nu\/wp-content\/uploads\/2013\/10\/V\u00e5r-trappuppg\u00e5ng-okt-2013-300x252.jpg\" width=\"180\" height=\"151\" srcset=\"http:\/\/www.filindeblogg.nu\/wp-content\/uploads\/2013\/10\/V\u00e5r-trappuppg\u00e5ng-okt-2013-300x252.jpg 300w, http:\/\/www.filindeblogg.nu\/wp-content\/uploads\/2013\/10\/V\u00e5r-trappuppg\u00e5ng-okt-2013.jpg 535w\" sizes=\"(max-width: 180px) 100vw, 180px\" \/><\/a> N\u00e5gon har satt upp ett gult h\u00f6stl\u00f6v som prydnad i trapphuset!<\/p>\n<p><a href=\"http:\/\/www.filindeblogg.nu\/wp-content\/uploads\/2013\/10\/0182.jpg\"><img loading=\"lazy\" class=\"alignnone  wp-image-51810\" alt=\"018\" src=\"http:\/\/www.filindeblogg.nu\/wp-content\/uploads\/2013\/10\/0182-300x225.jpg\" width=\"180\" height=\"135\" srcset=\"http:\/\/www.filindeblogg.nu\/wp-content\/uploads\/2013\/10\/0182-300x225.jpg 300w, http:\/\/www.filindeblogg.nu\/wp-content\/uploads\/2013\/10\/0182.jpg 600w\" sizes=\"(max-width: 180px) 100vw, 180px\" \/><\/a> Det \u00e4r inte sv\u00e5rt att tr\u00e4dg\u00e5rdsarbeta n\u00e4r h\u00f6sten ter sig s\u00e5 vacker som just nu!<\/p>\n<p><a href=\"http:\/\/www.filindeblogg.nu\/wp-content\/uploads\/2013\/10\/L\u00f6nnen-underbar-i-solljus-1.jpg\"><img loading=\"lazy\" class=\"alignnone  wp-image-51811\" alt=\"L\u00f6nnen underbar i solljus (1)\" src=\"http:\/\/www.filindeblogg.nu\/wp-content\/uploads\/2013\/10\/L\u00f6nnen-underbar-i-solljus-1-300x225.jpg\" width=\"180\" height=\"135\" srcset=\"http:\/\/www.filindeblogg.nu\/wp-content\/uploads\/2013\/10\/L\u00f6nnen-underbar-i-solljus-1-300x225.jpg 300w, http:\/\/www.filindeblogg.nu\/wp-content\/uploads\/2013\/10\/L\u00f6nnen-underbar-i-solljus-1.jpg 600w\" sizes=\"(max-width: 180px) 100vw, 180px\" \/><\/a> Att l\u00f6nnen \u00f6ver\u00f6ser g\u00e5rden med stora l\u00f6v kan man st\u00e5 ut med! \ud83d\ude09<\/p>\n<p><a href=\"http:\/\/www.filindeblogg.nu\/wp-content\/uploads\/2013\/10\/0162.jpg\"><img loading=\"lazy\" class=\"alignnone  wp-image-51809\" alt=\"016\" src=\"http:\/\/www.filindeblogg.nu\/wp-content\/uploads\/2013\/10\/0162-300x225.jpg\" width=\"180\" height=\"135\" srcset=\"http:\/\/www.filindeblogg.nu\/wp-content\/uploads\/2013\/10\/0162-300x225.jpg 300w, http:\/\/www.filindeblogg.nu\/wp-content\/uploads\/2013\/10\/0162.jpg 600w\" sizes=\"(max-width: 180px) 100vw, 180px\" \/><\/a> Kastanjen som \u00e4ldste sonen planterade f\u00f6r m\u00e5nga \u00e5r sedan \u00e4r nu ett stort tr\u00e4d. Med enorma blad: <a href=\"http:\/\/www.filindeblogg.nu\/wp-content\/uploads\/2013\/10\/0214.jpg\"><img loading=\"lazy\" class=\"alignnone  wp-image-51812\" alt=\"021\" src=\"http:\/\/www.filindeblogg.nu\/wp-content\/uploads\/2013\/10\/0214-225x300.jpg\" width=\"135\" height=\"180\" srcset=\"http:\/\/www.filindeblogg.nu\/wp-content\/uploads\/2013\/10\/0214-225x300.jpg 225w, http:\/\/www.filindeblogg.nu\/wp-content\/uploads\/2013\/10\/0214.jpg 450w\" sizes=\"(max-width: 135px) 100vw, 135px\" \/><\/a> Och en och annan kastanjen\u00f6t! <a href=\"http:\/\/www.filindeblogg.nu\/wp-content\/uploads\/2013\/10\/0261.jpg\"><img loading=\"lazy\" class=\"alignnone  wp-image-51813\" alt=\"026\" src=\"http:\/\/www.filindeblogg.nu\/wp-content\/uploads\/2013\/10\/0261-300x225.jpg\" width=\"180\" height=\"135\" srcset=\"http:\/\/www.filindeblogg.nu\/wp-content\/uploads\/2013\/10\/0261-300x225.jpg 300w, http:\/\/www.filindeblogg.nu\/wp-content\/uploads\/2013\/10\/0261.jpg 600w\" sizes=\"(max-width: 180px) 100vw, 180px\" \/><\/a><\/p>\n<p><a href=\"http:\/\/www.filindeblogg.nu\/wp-content\/uploads\/2013\/10\/Felix-cool-kille-13-okt-13.jpg\"><img loading=\"lazy\" class=\"alignnone  wp-image-51815\" alt=\"Felix cool kille 13 okt 13\" src=\"http:\/\/www.filindeblogg.nu\/wp-content\/uploads\/2013\/10\/Felix-cool-kille-13-okt-13-300x225.jpg\" width=\"180\" height=\"135\" srcset=\"http:\/\/www.filindeblogg.nu\/wp-content\/uploads\/2013\/10\/Felix-cool-kille-13-okt-13-300x225.jpg 300w, http:\/\/www.filindeblogg.nu\/wp-content\/uploads\/2013\/10\/Felix-cool-kille-13-okt-13.jpg 600w\" sizes=\"(max-width: 180px) 100vw, 180px\" \/><\/a> Idag var det inte helt l\u00e4tt att f\u00e5 till en blogg n\u00e4r katten <strong>Felix<\/strong> ville ha hur mycket k\u00e4rlek som helst! S\u00e5 sm\u00e5ningom blev han f\u00f6r varm och la sig ner f\u00f6r att v\u00e4nta p\u00e5 att &#8221;morsan&#8221; skulle bli f\u00e4rdig! \ud83d\ude42 <a href=\"http:\/\/www.filindeblogg.nu\/wp-content\/uploads\/2013\/10\/059.jpg\"><img loading=\"lazy\" class=\"alignnone  wp-image-51816\" alt=\"059\" src=\"http:\/\/www.filindeblogg.nu\/wp-content\/uploads\/2013\/10\/059-225x300.jpg\" width=\"135\" height=\"180\" srcset=\"http:\/\/www.filindeblogg.nu\/wp-content\/uploads\/2013\/10\/059-225x300.jpg 225w, http:\/\/www.filindeblogg.nu\/wp-content\/uploads\/2013\/10\/059.jpg 450w\" sizes=\"(max-width: 135px) 100vw, 135px\" \/><\/a><\/p>\n<p style=\"text-align: center;\">Alla beh\u00f6ver vi k\u00e4rlek! Ge och f\u00e5! Var r\u00e4dda om varandra!<\/p>\n<p><a href=\"http:\/\/www.filindeblogg.nu\/wp-content\/uploads\/2013\/10\/0036.jpg\"><img loading=\"lazy\" class=\"aligncenter size-medium wp-image-51817\" alt=\"003\" src=\"http:\/\/www.filindeblogg.nu\/wp-content\/uploads\/2013\/10\/0036-300x225.jpg\" width=\"300\" height=\"225\" srcset=\"http:\/\/www.filindeblogg.nu\/wp-content\/uploads\/2013\/10\/0036-300x225.jpg 300w, http:\/\/www.filindeblogg.nu\/wp-content\/uploads\/2013\/10\/0036.jpg 600w\" sizes=\"(max-width: 300px) 100vw, 300px\" \/><\/a><\/p>\n<p>&nbsp;<\/p>\n<p>&nbsp;<\/p>\n","protected":false},"excerpt":{"rendered":"<p>S\u00f6ndag idag igen och dags f\u00f6r en predikan. N\u00e4r bloggaren l\u00e4ste om &#8221;kompisfotografering&#8221; i Svenska Dagbladet blev hon best\u00f6rt. Har inte den svenska skolan kommit l\u00e4ngre!?\u00a0 Men \u00e5 andra sidan &#8211; varf\u00f6r skulle skolan ha gjort det n\u00e4r den prioriteras l\u00e5gt i v\u00e5rt samh\u00e4lle med stora klasser och slutk\u00f6rda, l\u00e5gavl\u00f6nade l\u00e4rare! \u00a0Citar ur SvD: &#8221;F\u00e5 [&hellip;]<\/p>\n","protected":false},"author":1,"featured_media":0,"comment_status":"open","ping_status":"open","sticky":false,"template":"","format":"standard","meta":[],"categories":[41,143,161,100,151,110,101,150],"tags":[],"_links":{"self":[{"href":"http:\/\/www.filindeblogg.nu\/index.php?rest_route=\/wp\/v2\/posts\/51801"}],"collection":[{"href":"http:\/\/www.filindeblogg.nu\/index.php?rest_route=\/wp\/v2\/posts"}],"about":[{"href":"http:\/\/www.filindeblogg.nu\/index.php?rest_route=\/wp\/v2\/types\/post"}],"author":[{"embeddable":true,"href":"http:\/\/www.filindeblogg.nu\/index.php?rest_route=\/wp\/v2\/users\/1"}],"replies":[{"embeddable":true,"href":"http:\/\/www.filindeblogg.nu\/index.php?rest_route=%2Fwp%2Fv2%2Fcomments&post=51801"}],"version-history":[{"count":8,"href":"http:\/\/www.filindeblogg.nu\/index.php?rest_route=\/wp\/v2\/posts\/51801\/revisions"}],"predecessor-version":[{"id":51825,"href":"http:\/\/www.filindeblogg.nu\/index.php?rest_route=\/wp\/v2\/posts\/51801\/revisions\/51825"}],"wp:attachment":[{"href":"http:\/\/www.filindeblogg.nu\/index.php?rest_route=%2Fwp%2Fv2%2Fmedia&parent=51801"}],"wp:term":[{"taxonomy":"category","embeddable":true,"href":"http:\/\/www.filindeblogg.nu\/index.php?rest_route=%2Fwp%2Fv2%2Fcategories&post=51801"},{"taxonomy":"post_tag","embeddable":true,"href":"http:\/\/www.filindeblogg.nu\/index.php?rest_route=%2Fwp%2Fv2%2Ftags&post=51801"}],"curies":[{"name":"wp","href":"https:\/\/api.w.org\/{rel}","templated":true}]}}