{"id":51623,"date":"2013-10-06T10:31:14","date_gmt":"2013-10-06T09:31:14","guid":{"rendered":"http:\/\/www.filindeblogg.nu\/?p=51623"},"modified":"2013-10-06T10:31:14","modified_gmt":"2013-10-06T09:31:14","slug":"sondagens-predikan-om-livet","status":"publish","type":"post","link":"http:\/\/www.filindeblogg.nu\/?p=51623","title":{"rendered":"S\u00f6ndagens predikan om LIVET"},"content":{"rendered":"<p>Bloggaren dricker ofta ett utm\u00e4rkt te som dessutom levererar sm\u00e5 aforismer med tep\u00e5sen. Den h\u00e4r fick jag ig\u00e5r:<\/p>\n<p><a href=\"http:\/\/www.filindeblogg.nu\/wp-content\/uploads\/2013\/10\/001.jpg\"><img loading=\"lazy\" class=\"aligncenter size-medium wp-image-51624\" alt=\"001\" src=\"http:\/\/www.filindeblogg.nu\/wp-content\/uploads\/2013\/10\/001-300x225.jpg\" width=\"300\" height=\"225\" srcset=\"http:\/\/www.filindeblogg.nu\/wp-content\/uploads\/2013\/10\/001-300x225.jpg 300w, http:\/\/www.filindeblogg.nu\/wp-content\/uploads\/2013\/10\/001.jpg 600w\" sizes=\"(max-width: 300px) 100vw, 300px\" \/><\/a><strong><em>&#8221;Life is only one thing: Identifying yourself&#8221;<\/em><\/strong>. Ungef\u00e4rlig \u00f6vers\u00e4ttning: <em>&#8221;Livet \u00e4r bara en sak: F\u00f6rs\u00f6ka f\u00f6rst\u00e5 sig sj\u00e4lv.&#8221;<\/em><\/p>\n<p><a href=\"http:\/\/www.filindeblogg.nu\/wp-content\/uploads\/2013\/10\/4-okt-2013-039.jpg\"><img loading=\"lazy\" class=\"alignnone  wp-image-51625\" alt=\"4 okt 2013 039\" src=\"http:\/\/www.filindeblogg.nu\/wp-content\/uploads\/2013\/10\/4-okt-2013-039-225x300.jpg\" width=\"135\" height=\"180\" srcset=\"http:\/\/www.filindeblogg.nu\/wp-content\/uploads\/2013\/10\/4-okt-2013-039-225x300.jpg 225w, http:\/\/www.filindeblogg.nu\/wp-content\/uploads\/2013\/10\/4-okt-2013-039.jpg 450w\" sizes=\"(max-width: 135px) 100vw, 135px\" \/><\/a> Kanske \u00e4r det s\u00e5? Kanske \u00e4r livet en enda l\u00e5ng studieresa d\u00e4r man f\u00f6rst\u00e5r vem man var, och vad man borde ha gjort den dagen n\u00e4r det \u00e4r f\u00f6r sent?<br \/>\nEller \u00e4r resans slut b\u00f6rjan p\u00e5 n\u00e5gonting annat? Alla f\u00e5r vi veta s\u00e5 sm\u00e5ningom.<\/p>\n<p>Bloggaren k\u00e4nner att hon f\u00f6rst\u00e5r mer idag \u00e4n tidigare. Att medel\u00e5ldern har en stor f\u00f6rdel framf\u00f6r ungdomstiden om man tar tillvara erfarenheter och kunskaper p\u00e5 r\u00e4tt s\u00e4tt.<br \/>\nPusslet b\u00f6rjar l\u00e4ggas, m\u00e5nga bitar ligger redan p\u00e5 plats och det k\u00e4nns som flera av bitarna ganska snart hittar r\u00e4tt<a href=\"http:\/\/www.svd.se\/nyheter\/utrikes\/bara-tio-procent-av-aralsjon-finns-kvar_8585826.svd\" target=\"_blank\">.<\/a><\/p>\n<p>S\u00e5 mycken visdom det finns i gamla m\u00e4nniskor &#8211; och s\u00e5 mycket erfarenhet. S\u00e5 m\u00e5nga livshistorier som kan ber\u00e4ttas bara man tar sig tid att lyssna.<br \/>\n<a href=\"http:\/\/www.filindeblogg.nu\/wp-content\/uploads\/2013\/10\/Unders\u00e5ker.jpg\"><img loading=\"lazy\" class=\"alignnone size-medium wp-image-51627\" alt=\"Unders\u00e5ker\" src=\"http:\/\/www.filindeblogg.nu\/wp-content\/uploads\/2013\/10\/Unders\u00e5ker-300x197.jpg\" width=\"300\" height=\"197\" srcset=\"http:\/\/www.filindeblogg.nu\/wp-content\/uploads\/2013\/10\/Unders\u00e5ker-300x197.jpg 300w, http:\/\/www.filindeblogg.nu\/wp-content\/uploads\/2013\/10\/Unders\u00e5ker.jpg 550w\" sizes=\"(max-width: 300px) 100vw, 300px\" \/><\/a>\u00a0Bloggarens mamma v\u00e5gade steget att som ung flicka p\u00e5 40-talet flytta fr\u00e5n barndomshemmet i <strong>\u00d6sterg\u00f6tlan<\/strong>d till jobb i <strong>Unders\u00e5ker<\/strong> i <strong>J\u00e4mtland<\/strong><a href=\"http:\/\/www.dn.se\/nyheter\/sverige\/namnd-ska-leta-efter-fler-register-hos-polisen\/\" target=\"_blank\">. <\/a>Efter att ha jobbat en tid i <strong>Perssons Aff\u00e4r<\/strong> i <strong>Regna<\/strong> b\u00f6rjade hon allts\u00e5 jobba p\u00e5 <strong>Konsum<\/strong> i Unders\u00e5ker.<\/p>\n<p><em>&#8221;- Jag fick tre julgranar den julen&#8221;<\/em>, sa mamma n\u00e4r hon ber\u00e4ttade minnen under en bilresa vi nyligen gjorde<a href=\"http:\/\/www.aftonbladet.se\/nyheter\/article17604889.ab\" target=\"_blank\">. <\/a><br \/>\nTre julgranar&#8230; alla ville pyssla om flickan s\u00f6derifr\u00e5n och se till att hon fick en fin jul&#8230;<\/p>\n<p>Bloggaren dr\u00f6mde sig bort till J\u00e4mtland runt 1948 s\u00e5 d\u00e4r och t\u00e4nkte p\u00e5 hur mamma skulle ha haft det&#8230; Lika glad och social idag men nu med en gammal kvinnas skr\u00f6pliga kropp<a href=\"http:\/\/www.expressen.se\/nyheter\/victorias-och-maddes-skona-dag-i-new-york\/\" target=\"_blank\">.<\/a><br \/>\nS\u00e5 mycket hon varit med om i livet, mamma. Nu senast en av de st\u00f6rsta sorgerna.\u00a0<a href=\"http:\/\/www.filindeblogg.nu\/wp-content\/uploads\/2013\/10\/0022.jpg\"><img loading=\"lazy\" class=\"alignnone  wp-image-51629\" alt=\"002\" src=\"http:\/\/www.filindeblogg.nu\/wp-content\/uploads\/2013\/10\/0022-300x225.jpg\" width=\"180\" height=\"135\" srcset=\"http:\/\/www.filindeblogg.nu\/wp-content\/uploads\/2013\/10\/0022-300x225.jpg 300w, http:\/\/www.filindeblogg.nu\/wp-content\/uploads\/2013\/10\/0022.jpg 600w\" sizes=\"(max-width: 180px) 100vw, 180px\" \/><\/a><\/p>\n<p><strong>Bo Setterlind<\/strong>s fina dikt kommer f\u00f6r bloggaren:<\/p>\n<div id=\"4-description\">\n<p style=\"text-align: center;\"><strong><em>Var r\u00e4dd om livet det ska gl\u00e4dja dig.<br \/>\nVar r\u00e4dd om ljuset, det ska leda dig.<br \/>\nVar r\u00e4dd om m\u00f6rkret, det ska skydda dig.<br \/>\nVar r\u00e4dd om slutet, det ska r\u00e4dda dig.<\/em><\/strong><\/p>\n<p style=\"text-align: center;\"><a href=\"http:\/\/www.filindeblogg.nu\/wp-content\/uploads\/2013\/10\/4-okt-2013-033.jpg\"><img loading=\"lazy\" class=\"alignnone  wp-image-51626\" alt=\"4 okt 2013 033\" src=\"http:\/\/www.filindeblogg.nu\/wp-content\/uploads\/2013\/10\/4-okt-2013-033-225x300.jpg\" width=\"135\" height=\"180\" srcset=\"http:\/\/www.filindeblogg.nu\/wp-content\/uploads\/2013\/10\/4-okt-2013-033-225x300.jpg 225w, http:\/\/www.filindeblogg.nu\/wp-content\/uploads\/2013\/10\/4-okt-2013-033.jpg 450w\" sizes=\"(max-width: 135px) 100vw, 135px\" \/><\/a><\/p>\n<p>Mitt i det filosofiska knackar verkligheten p\u00e5 d\u00f6rren genom en seriestrip i dagens DN.<br \/>\nDen h\u00e4r: <a href=\"http:\/\/www.filindeblogg.nu\/wp-content\/uploads\/2013\/10\/012.jpg\"><img loading=\"lazy\" class=\"alignnone size-medium wp-image-51630\" alt=\"012\" src=\"http:\/\/www.filindeblogg.nu\/wp-content\/uploads\/2013\/10\/012-225x300.jpg\" width=\"225\" height=\"300\" srcset=\"http:\/\/www.filindeblogg.nu\/wp-content\/uploads\/2013\/10\/012-225x300.jpg 225w, http:\/\/www.filindeblogg.nu\/wp-content\/uploads\/2013\/10\/012.jpg 450w\" sizes=\"(max-width: 225px) 100vw, 225px\" \/><\/a><\/p>\n<p>Kanske <strong>Sven-Bertil B\u00e4rnarp<\/strong> vill vara rolig p\u00e5 andras bekostnad? Kanske fattar han inte lidandet bakom det han raljerar om? Kanske \u00e4r det bloggaren som inte f\u00f6rst\u00e5r meningen bakom serien?<\/p>\n<p>Den bloggaren vet \u00e4r att &#8221;<em>dum&#8221;<\/em>,<em> &#8221;lat&#8221;<\/em> och <em>&#8221;idiot&#8221;<\/em> \u00e4r ord som f\u00f6rf\u00f6ljer barn, ungdomar och vuxna med <strong>ADHD<\/strong>, <strong>Aspergers syndrom<\/strong> och andra egenskaper.<br \/>\nMan ska kunna sk\u00e4mta om allt, s\u00e4gs det, men det vete sjutton! F\u00f6r mycket lidande f\u00f6ljer med dumma m\u00e4nniskors p\u00e5hopp och f\u00f6r m\u00e5nga missade m\u00f6jligheter f\u00f6r m\u00e4nniskor som beg\u00e5vats med karakt\u00e4rsdrag som inte \u00e4r &#8221;godk\u00e4nda&#8221; av en okunnig allm\u00e4nhet.<\/p>\n<p><strong><em>&#8221;Var r\u00e4dd om livet&#8221;,<\/em><\/strong> som sagt&#8230; <a href=\"http:\/\/www.filindeblogg.nu\/wp-content\/uploads\/2013\/10\/4-okt-2013-014.jpg\"><img loading=\"lazy\" class=\"alignnone  wp-image-51631\" alt=\"4 okt 2013 014\" src=\"http:\/\/www.filindeblogg.nu\/wp-content\/uploads\/2013\/10\/4-okt-2013-014-300x225.jpg\" width=\"180\" height=\"135\" srcset=\"http:\/\/www.filindeblogg.nu\/wp-content\/uploads\/2013\/10\/4-okt-2013-014-300x225.jpg 300w, http:\/\/www.filindeblogg.nu\/wp-content\/uploads\/2013\/10\/4-okt-2013-014.jpg 600w\" sizes=\"(max-width: 180px) 100vw, 180px\" \/><\/a><\/p>\n<p>Bloggaren har skrivit till chefredakt\u00f6r <strong>Peter Wolodarski<\/strong> p\u00e5 DN f\u00f6r en f\u00f6rklaring ang\u00e5ende seriestripen. Kommer det svar &#8211; publiceras det h\u00e4r p\u00e5 bloggen.<\/p>\n<p>Lev dit liv &#8211; men lev det varsamt. Ta till vara erfarenheter och kunskap. L\u00e5t misstagen och sorgerna bli till l\u00e4rdom och n\u00e5got gott framgent. Lev och l\u00e5t leva.<\/p>\n<p style=\"text-align: center;\"><strong><em>&#8221;Life is only one thing: Identifying yourself&#8221;<\/em><\/strong><\/p>\n<p>&nbsp;<\/p>\n<p><a href=\"http:\/\/www.filindeblogg.nu\/wp-content\/uploads\/2013\/10\/4-okt-2013-044.jpg\"><img loading=\"lazy\" class=\"aligncenter size-medium wp-image-51632\" alt=\"4 okt 2013 044\" src=\"http:\/\/www.filindeblogg.nu\/wp-content\/uploads\/2013\/10\/4-okt-2013-044-300x225.jpg\" width=\"300\" height=\"225\" srcset=\"http:\/\/www.filindeblogg.nu\/wp-content\/uploads\/2013\/10\/4-okt-2013-044-300x225.jpg 300w, http:\/\/www.filindeblogg.nu\/wp-content\/uploads\/2013\/10\/4-okt-2013-044.jpg 600w\" sizes=\"(max-width: 300px) 100vw, 300px\" \/><\/a><\/p>\n<p>&nbsp;<\/p>\n<p><strong><em>\u00a0<\/em><\/strong><\/p>\n<\/div>\n<p>&nbsp;<\/p>\n<p>&nbsp;<\/p>\n","protected":false},"excerpt":{"rendered":"<p>Bloggaren dricker ofta ett utm\u00e4rkt te som dessutom levererar sm\u00e5 aforismer med tep\u00e5sen. Den h\u00e4r fick jag ig\u00e5r: &#8221;Life is only one thing: Identifying yourself&#8221;. Ungef\u00e4rlig \u00f6vers\u00e4ttning: &#8221;Livet \u00e4r bara en sak: F\u00f6rs\u00f6ka f\u00f6rst\u00e5 sig sj\u00e4lv.&#8221; Kanske \u00e4r det s\u00e5? Kanske \u00e4r livet en enda l\u00e5ng studieresa d\u00e4r man f\u00f6rst\u00e5r vem man var, och vad [&hellip;]<\/p>\n","protected":false},"author":1,"featured_media":0,"comment_status":"open","ping_status":"open","sticky":false,"template":"","format":"standard","meta":[],"categories":[107,138,143,100,147,132,101,134],"tags":[],"_links":{"self":[{"href":"http:\/\/www.filindeblogg.nu\/index.php?rest_route=\/wp\/v2\/posts\/51623"}],"collection":[{"href":"http:\/\/www.filindeblogg.nu\/index.php?rest_route=\/wp\/v2\/posts"}],"about":[{"href":"http:\/\/www.filindeblogg.nu\/index.php?rest_route=\/wp\/v2\/types\/post"}],"author":[{"embeddable":true,"href":"http:\/\/www.filindeblogg.nu\/index.php?rest_route=\/wp\/v2\/users\/1"}],"replies":[{"embeddable":true,"href":"http:\/\/www.filindeblogg.nu\/index.php?rest_route=%2Fwp%2Fv2%2Fcomments&post=51623"}],"version-history":[{"count":8,"href":"http:\/\/www.filindeblogg.nu\/index.php?rest_route=\/wp\/v2\/posts\/51623\/revisions"}],"predecessor-version":[{"id":51640,"href":"http:\/\/www.filindeblogg.nu\/index.php?rest_route=\/wp\/v2\/posts\/51623\/revisions\/51640"}],"wp:attachment":[{"href":"http:\/\/www.filindeblogg.nu\/index.php?rest_route=%2Fwp%2Fv2%2Fmedia&parent=51623"}],"wp:term":[{"taxonomy":"category","embeddable":true,"href":"http:\/\/www.filindeblogg.nu\/index.php?rest_route=%2Fwp%2Fv2%2Fcategories&post=51623"},{"taxonomy":"post_tag","embeddable":true,"href":"http:\/\/www.filindeblogg.nu\/index.php?rest_route=%2Fwp%2Fv2%2Ftags&post=51623"}],"curies":[{"name":"wp","href":"https:\/\/api.w.org\/{rel}","templated":true}]}}