{"id":512,"date":"2007-11-06T12:43:06","date_gmt":"2007-11-06T11:43:06","guid":{"rendered":"http:\/\/www.filindeblogg.nu\/?p=512"},"modified":"2009-06-05T04:43:10","modified_gmt":"2009-06-05T03:43:10","slug":"varsta-skolan","status":"publish","type":"post","link":"http:\/\/www.filindeblogg.nu\/?p=512","title":{"rendered":"V\u00c4RSTA SKOLAN"},"content":{"rendered":"<p><strong><a href=\"http:\/\/www.dn.se\/DNet\/jsp\/polopoly.jsp?d=147&amp;a=712840\">Nej, v\u00e4rsta skolan<\/a> <\/strong>\u00e4r inte <a href=\"http:\/\/sydsvenskan.se\/sverige\/article278022.ece\">friskolan <\/a>&#8211; det \u00e4r den <strong><a href=\"http:\/\/www.svd.se\/nyheter\/inrikes\/artikel_566309.svd\">OBEFINTLIGA SKOLAN<\/a> <\/strong>f\u00f6r alla elever med <strong>ADHD, Aspergers syndrom<\/strong> och andra neuropsykiatriska funktionshinder!<\/p>\n<p><a href=\"http:\/\/sydsvenskan.se\/sverige\/article278036.ece\"><strong>Skolverket <\/strong><\/a>har idag 2007 <strong>ingen som helst koll <\/strong>&#8211; om eller var &#8211; det finns speciella gymnasieskolor f\u00f6r elever med t ex Aspergers syndrom.  F\u00f6r\u00e4ldrar uppmanas av Skolverkets personal att <strong>s\u00f6ka sj\u00e4lva p\u00e5 n\u00e4tet!<\/strong>!<\/p>\n<p>Och d\u00e5 talar vi allts\u00e5 om <strong>normal- till \u00f6verbeg\u00e5vade ungdomar <\/strong>som bara beh\u00f6ver mer tid, mer lugn milj\u00f6 och mer l\u00e4rarst\u00f6d. Ungdomar som idag <strong>sl\u00e5s ut<\/strong> ist\u00e4llet f\u00f6r att f\u00e5 anv\u00e4ndning av <strong>sin intelligens och den specialbeg\u00e5vning<\/strong> som m\u00e5nga av dessa ungdomar har!<\/p>\n<p>De \u00e4r <strong>utslagna redan i grundskolan<\/strong> d\u00e4r de flesta av dessa elever<strong> stoppas undan i n\u00e5gon skrubb<\/strong> med outbildad personal som &#8221;l\u00e4rare&#8221;.<\/p>\n<p><strong>En stor skandal! <\/strong>Snart kommer <strong>n\u00e4tverket &#8221;SKOLA F\u00d6R ALLA &#8211; NU&#8221; <\/strong>&#8211; just med tanke p\u00e5 denna stora grupp ungdomar utan chans! H\u00e5ll utkik efter den!<\/p>\n","protected":false},"excerpt":{"rendered":"<p>Nej, v\u00e4rsta skolan \u00e4r inte friskolan &#8211; det \u00e4r den OBEFINTLIGA SKOLAN f\u00f6r alla elever med ADHD, Aspergers syndrom och andra neuropsykiatriska funktionshinder! Skolverket har idag 2007 ingen som helst koll &#8211; om eller var &#8211; det finns speciella gymnasieskolor f\u00f6r elever med t ex Aspergers syndrom. F\u00f6r\u00e4ldrar uppmanas av Skolverkets personal att s\u00f6ka sj\u00e4lva [&hellip;]<\/p>\n","protected":false},"author":1,"featured_media":0,"comment_status":"open","ping_status":"open","sticky":false,"template":"","format":"standard","meta":[],"categories":[1,107],"tags":[],"_links":{"self":[{"href":"http:\/\/www.filindeblogg.nu\/index.php?rest_route=\/wp\/v2\/posts\/512"}],"collection":[{"href":"http:\/\/www.filindeblogg.nu\/index.php?rest_route=\/wp\/v2\/posts"}],"about":[{"href":"http:\/\/www.filindeblogg.nu\/index.php?rest_route=\/wp\/v2\/types\/post"}],"author":[{"embeddable":true,"href":"http:\/\/www.filindeblogg.nu\/index.php?rest_route=\/wp\/v2\/users\/1"}],"replies":[{"embeddable":true,"href":"http:\/\/www.filindeblogg.nu\/index.php?rest_route=%2Fwp%2Fv2%2Fcomments&post=512"}],"version-history":[{"count":1,"href":"http:\/\/www.filindeblogg.nu\/index.php?rest_route=\/wp\/v2\/posts\/512\/revisions"}],"predecessor-version":[{"id":6093,"href":"http:\/\/www.filindeblogg.nu\/index.php?rest_route=\/wp\/v2\/posts\/512\/revisions\/6093"}],"wp:attachment":[{"href":"http:\/\/www.filindeblogg.nu\/index.php?rest_route=%2Fwp%2Fv2%2Fmedia&parent=512"}],"wp:term":[{"taxonomy":"category","embeddable":true,"href":"http:\/\/www.filindeblogg.nu\/index.php?rest_route=%2Fwp%2Fv2%2Fcategories&post=512"},{"taxonomy":"post_tag","embeddable":true,"href":"http:\/\/www.filindeblogg.nu\/index.php?rest_route=%2Fwp%2Fv2%2Ftags&post=512"}],"curies":[{"name":"wp","href":"https:\/\/api.w.org\/{rel}","templated":true}]}}