{"id":51005,"date":"2013-09-13T08:58:16","date_gmt":"2013-09-13T07:58:16","guid":{"rendered":"http:\/\/www.filindeblogg.nu\/?p=51005"},"modified":"2013-09-13T08:58:16","modified_gmt":"2013-09-13T07:58:16","slug":"fredagen-den-13e-vagar-man-ga-upp","status":"publish","type":"post","link":"http:\/\/www.filindeblogg.nu\/?p=51005","title":{"rendered":"Fredagen den 13:e! V\u00e5gar man g\u00e5 upp&#8230;"},"content":{"rendered":"<p><a href=\"http:\/\/www.filindeblogg.nu\/wp-content\/uploads\/2013\/09\/V\u00e5gar-man-g\u00e5-upp.jpg\"><img loading=\"lazy\" class=\"alignnone size-medium wp-image-51006\" alt=\"V\u00e5gar man g\u00e5 upp\" src=\"http:\/\/www.filindeblogg.nu\/wp-content\/uploads\/2013\/09\/V\u00e5gar-man-g\u00e5-upp-300x183.jpg\" width=\"300\" height=\"183\" srcset=\"http:\/\/www.filindeblogg.nu\/wp-content\/uploads\/2013\/09\/V\u00e5gar-man-g\u00e5-upp-300x183.jpg 300w, http:\/\/www.filindeblogg.nu\/wp-content\/uploads\/2013\/09\/V\u00e5gar-man-g\u00e5-upp.jpg 400w\" sizes=\"(max-width: 300px) 100vw, 300px\" \/><\/a> V\u00e5gar man verkligen g\u00e5 ur s\u00e4ngen idag&#8230;??<\/p>\n<p><a href=\"http:\/\/www.filindeblogg.nu\/wp-content\/uploads\/2013\/09\/012.jpg\"><img loading=\"lazy\" class=\"alignnone  wp-image-51007\" alt=\"012\" src=\"http:\/\/www.filindeblogg.nu\/wp-content\/uploads\/2013\/09\/012-225x300.jpg\" width=\"135\" height=\"180\" srcset=\"http:\/\/www.filindeblogg.nu\/wp-content\/uploads\/2013\/09\/012-225x300.jpg 225w, http:\/\/www.filindeblogg.nu\/wp-content\/uploads\/2013\/09\/012.jpg 450w\" sizes=\"(max-width: 135px) 100vw, 135px\" \/><\/a> Bloggaren tvekade b\u00e5de en och tv\u00e5 g\u00e5nger. Fredagen den 13:e, \u00e5r 13 &#8211; kan det bli en bra dag&#8230;?<\/p>\n<p>Bloggaren har verkligen inga goda erfarenheter av \u00e5r 13 hittills. <a href=\"http:\/\/www.filindeblogg.nu\/wp-content\/uploads\/2013\/09\/2013-bild.jpg\"><img loading=\"lazy\" class=\"alignnone size-full wp-image-51008\" alt=\"2013 bild\" src=\"http:\/\/www.filindeblogg.nu\/wp-content\/uploads\/2013\/09\/2013-bild.jpg\" width=\"150\" height=\"94\" \/><\/a><br \/>\nNy\u00e5rsafton b\u00f6rjade s\u00e5 bra med tjo och tjim, fest och glam! <a href=\"http:\/\/www.filindeblogg.nu\/wp-content\/uploads\/2013\/09\/Fest.jpg\"><img loading=\"lazy\" class=\"alignnone size-full wp-image-51009\" alt=\"Fest\" src=\"http:\/\/www.filindeblogg.nu\/wp-content\/uploads\/2013\/09\/Fest.jpg\" width=\"133\" height=\"94\" \/><\/a>\u00a0 Men bara tre minuter in p\u00e5 nya \u00e5ret var det klippt! Utel\u00e5sta!! <a href=\"http:\/\/www.filindeblogg.nu\/wp-content\/uploads\/2013\/09\/St\u00e4ngd-d\u00f6rr.jpg\"><img loading=\"lazy\" class=\"alignnone size-full wp-image-51010\" alt=\"St\u00e4ngd d\u00f6rr\" src=\"http:\/\/www.filindeblogg.nu\/wp-content\/uploads\/2013\/09\/St\u00e4ngd-d\u00f6rr.jpg\" width=\"130\" height=\"137\" \/><\/a><\/p>\n<p>Tre minuter efter midnatt var olyckan ett faktum. Vi hade rusat ut f\u00f6r att se fyrverkerierna och d\u00f6rren slog igen. Unikt var att ingen av oss hade n\u00e5gon mobiltelefon med oss\u00a0 ut &#8211; sj\u00e4lvklart inga nycklar heller&#8230;<\/p>\n<p>Vad g\u00f6ra? Sn\u00e4lla grannar l\u00e5nade s\u00e5 sm\u00e5ningom ut sin telefon men k\u00e4ra mor och far sov s\u00f6tt n\u00e4r vi ringde, och svarade aldrig. Det blev f\u00f6r barnen att knata hela v\u00e4gen hem till mormor och morfar mitt i natten, \u00e5rets f\u00f6rsta dag &#8211; l\u00e4s: natt&#8230;<\/p>\n<p><a href=\"http:\/\/www.filindeblogg.nu\/wp-content\/uploads\/2013\/09\/G\u00f6te-p\u00e5-Fars-Dag-13-nov-2011.jpg\"><img loading=\"lazy\" class=\"alignnone  wp-image-51011\" alt=\"G\u00f6te p\u00e5 Fars Dag 13 nov 2011\" src=\"http:\/\/www.filindeblogg.nu\/wp-content\/uploads\/2013\/09\/G\u00f6te-p\u00e5-Fars-Dag-13-nov-2011-225x300.jpg\" width=\"135\" height=\"180\" srcset=\"http:\/\/www.filindeblogg.nu\/wp-content\/uploads\/2013\/09\/G\u00f6te-p\u00e5-Fars-Dag-13-nov-2011-225x300.jpg 225w, http:\/\/www.filindeblogg.nu\/wp-content\/uploads\/2013\/09\/G\u00f6te-p\u00e5-Fars-Dag-13-nov-2011.jpg 346w\" sizes=\"(max-width: 135px) 100vw, 135px\" \/><\/a> Sn\u00e4lla morfar var inte alls s\u00e5 h\u00e4r glad n\u00e4r han blev v\u00e4ckt! Han v\u00e4grade g\u00e5 upp f\u00f6rst och inte f\u00f6rr\u00e4n han f\u00f6rstod att det var dotterdottern som ryckte i t\u00e4cket och att situationen var lite besv\u00e4rlig for han upp. Han tog extranycklarna, bilen och skjutsade barnen hem och hj\u00e4lpte oss komma in!Tur att sn\u00e4lla morfar fanns!<\/p>\n<p>MEN &#8211; \u00e5ret 2013 hade b\u00f6rjat och med den flera olyckor och sorger. H\u00e4ndelsen de f\u00f6rsta sk\u00e4lvande minuterna in p\u00e5 det nya \u00e5ret satte liksom ribban f\u00f6r forts\u00e4ttningen.\u00a0 Skulle s\u00e4tta sin pr\u00e4gel p\u00e5 vad som komma skulle&#8230;\u00a0 <a href=\"http:\/\/www.filindeblogg.nu\/wp-content\/uploads\/2013\/09\/014.jpg\"><img loading=\"lazy\" class=\"alignnone  wp-image-51012\" alt=\"014\" src=\"http:\/\/www.filindeblogg.nu\/wp-content\/uploads\/2013\/09\/014-300x225.jpg\" width=\"180\" height=\"135\" srcset=\"http:\/\/www.filindeblogg.nu\/wp-content\/uploads\/2013\/09\/014-300x225.jpg 300w, http:\/\/www.filindeblogg.nu\/wp-content\/uploads\/2013\/09\/014.jpg 600w\" sizes=\"(max-width: 180px) 100vw, 180px\" \/><\/a> Nu finns ingen \u00e4lskad pappa och morfar att be om hj\u00e4lp l\u00e4ngre. Sorgen drabbades oss h\u00e5rt i maj.<\/p>\n<p><a href=\"http:\/\/www.filindeblogg.nu\/wp-content\/uploads\/2013\/09\/Olycklig.jpg\"><img loading=\"lazy\" class=\"alignnone size-full wp-image-51013\" alt=\"Olycklig\" src=\"http:\/\/www.filindeblogg.nu\/wp-content\/uploads\/2013\/09\/Olycklig.jpg\" width=\"133\" height=\"97\" \/><\/a><br \/>\nSen f\u00f6ljde olyckor slag i slag. Det g\u00e5r inte att g\u00e5 in p\u00e5 dem alla. <a href=\"http:\/\/www.filindeblogg.nu\/wp-content\/uploads\/2013\/09\/Br\u00f6llop-f-d.jpg\"><img loading=\"lazy\" class=\"alignnone  wp-image-51014\" alt=\"Br\u00f6llop f d\" src=\"http:\/\/www.filindeblogg.nu\/wp-content\/uploads\/2013\/09\/Br\u00f6llop-f-d-225x300.jpg\" width=\"81\" height=\"108\" srcset=\"http:\/\/www.filindeblogg.nu\/wp-content\/uploads\/2013\/09\/Br\u00f6llop-f-d-225x300.jpg 225w, http:\/\/www.filindeblogg.nu\/wp-content\/uploads\/2013\/09\/Br\u00f6llop-f-d.jpg 450w\" sizes=\"(max-width: 81px) 100vw, 81px\" \/><\/a><\/p>\n<p>\u00d6verallt st\u00f6ter vi ocks\u00e5 p\u00e5 just siffran 13! <a href=\"http:\/\/www.filindeblogg.nu\/wp-content\/uploads\/2013\/09\/0311.jpg\"><img loading=\"lazy\" class=\"alignnone  wp-image-51015\" alt=\"031\" src=\"http:\/\/www.filindeblogg.nu\/wp-content\/uploads\/2013\/09\/0311-225x300.jpg\" width=\"135\" height=\"180\" srcset=\"http:\/\/www.filindeblogg.nu\/wp-content\/uploads\/2013\/09\/0311-225x300.jpg 225w, http:\/\/www.filindeblogg.nu\/wp-content\/uploads\/2013\/09\/0311.jpg 450w\" sizes=\"(max-width: 135px) 100vw, 135px\" \/><\/a> Parkeringshuset intill d\u00e4r mellanbarnet bor i <strong>G\u00f6teborg<\/strong>&#8230; <a href=\"http:\/\/www.filindeblogg.nu\/wp-content\/uploads\/2013\/09\/032.jpg\"><img loading=\"lazy\" class=\"alignnone  wp-image-51016\" alt=\"032\" src=\"http:\/\/www.filindeblogg.nu\/wp-content\/uploads\/2013\/09\/032-225x300.jpg\" width=\"135\" height=\"180\" srcset=\"http:\/\/www.filindeblogg.nu\/wp-content\/uploads\/2013\/09\/032-225x300.jpg 225w, http:\/\/www.filindeblogg.nu\/wp-content\/uploads\/2013\/09\/032.jpg 450w\" sizes=\"(max-width: 135px) 100vw, 135px\" \/><\/a> Vid biljettautomaten d\u00e4r l\u00e5g senast ett bankkort som n\u00e5gon gl\u00f6mt. Olycka f\u00f6r den personen! Men lycka f\u00f6r att just bloggaren hittade det och s\u00e5g till att sp\u00e4rra kortet.<\/p>\n<p><a href=\"http:\/\/www.filindeblogg.nu\/wp-content\/uploads\/2013\/09\/V\u00e5ga.jpg\"><img loading=\"lazy\" class=\"alignnone size-full wp-image-51017\" alt=\"V\u00e5ga\" src=\"http:\/\/www.filindeblogg.nu\/wp-content\/uploads\/2013\/09\/V\u00e5ga.jpg\" width=\"124\" height=\"83\" \/><\/a> S\u00e5 v\u00e5gar man ta klivet ut i verkligheten idag&#8230;? \u00c4r det inte b\u00e4st att stanna inne och dra n\u00e5got m\u00f6rkt \u00f6ver huvudet!? <a href=\"http:\/\/www.filindeblogg.nu\/wp-content\/uploads\/2013\/09\/Dra-n\u00e5got-m\u00f6rkt-\u00f6ver-sig.jpg\"><img loading=\"lazy\" class=\"alignnone size-full wp-image-51018\" alt=\"Dra n\u00e5got m\u00f6rkt \u00f6ver sig\" src=\"http:\/\/www.filindeblogg.nu\/wp-content\/uploads\/2013\/09\/Dra-n\u00e5got-m\u00f6rkt-\u00f6ver-sig.jpg\" width=\"77\" height=\"116\" \/><\/a><\/p>\n<p>Men d\u00e5 finns det ju s\u00e5 m\u00e5nga bra visdomsord! \ud83d\ude42 <a href=\"http:\/\/www.filindeblogg.nu\/wp-content\/uploads\/2013\/09\/Att-v\u00e5ga.jpg\"><img loading=\"lazy\" class=\"alignnone size-full wp-image-51019\" alt=\"Att v\u00e5ga\" src=\"http:\/\/www.filindeblogg.nu\/wp-content\/uploads\/2013\/09\/Att-v\u00e5ga.jpg\" width=\"124\" height=\"124\" \/><\/a><\/p>\n<p>Och f\u00f6r den som k\u00e4nner det \u00e4nnu sv\u00e5rare: <a href=\"http:\/\/www.filindeblogg.nu\/wp-content\/uploads\/2013\/09\/Aldrig-ge-upp.jpg\"><img loading=\"lazy\" class=\"alignnone size-full wp-image-51020\" alt=\"Aldrig ge upp\" src=\"http:\/\/www.filindeblogg.nu\/wp-content\/uploads\/2013\/09\/Aldrig-ge-upp.jpg\" width=\"150\" height=\"113\" \/><\/a><\/p>\n<p>Bloggaren \u00e4r optimist och tror att det finns l\u00f6sningar p\u00e5 allt! S\u00e5 skam den som ger sig! R\u00e4tt ut i fredagen den 13:e bara!!\u00a0 Nu kan det bara bli b\u00e4ttre! \ud83d\ude42<\/p>\n<p><a href=\"http:\/\/www.filindeblogg.nu\/wp-content\/uploads\/2013\/09\/Ta-ett-kliv.jpg\"><img loading=\"lazy\" class=\"aligncenter size-full wp-image-51021\" alt=\"Ta ett kliv\" src=\"http:\/\/www.filindeblogg.nu\/wp-content\/uploads\/2013\/09\/Ta-ett-kliv.jpg\" width=\"126\" height=\"84\" \/><\/a><\/p>\n<p>Sen kan man ju ta det lite f\u00f6rsiktigt. Precis som katterna g\u00f6r denna kulna, dimmiga morgon! <a href=\"http:\/\/www.filindeblogg.nu\/wp-content\/uploads\/2013\/09\/011.jpg\"><img loading=\"lazy\" class=\"alignnone  wp-image-51022\" alt=\"011\" src=\"http:\/\/www.filindeblogg.nu\/wp-content\/uploads\/2013\/09\/011-300x225.jpg\" width=\"180\" height=\"135\" srcset=\"http:\/\/www.filindeblogg.nu\/wp-content\/uploads\/2013\/09\/011-300x225.jpg 300w, http:\/\/www.filindeblogg.nu\/wp-content\/uploads\/2013\/09\/011.jpg 600w\" sizes=\"(max-width: 180px) 100vw, 180px\" \/><\/a><br \/>\nMan beh\u00f6ver ju inte rusa sta! \ud83d\ude09 <a href=\"http:\/\/www.filindeblogg.nu\/wp-content\/uploads\/2013\/09\/007.jpg\"><img loading=\"lazy\" class=\"alignnone  wp-image-51023\" alt=\"007\" src=\"http:\/\/www.filindeblogg.nu\/wp-content\/uploads\/2013\/09\/007-300x225.jpg\" width=\"180\" height=\"135\" srcset=\"http:\/\/www.filindeblogg.nu\/wp-content\/uploads\/2013\/09\/007-300x225.jpg 300w, http:\/\/www.filindeblogg.nu\/wp-content\/uploads\/2013\/09\/007.jpg 600w\" sizes=\"(max-width: 180px) 100vw, 180px\" \/><\/a> Utan ta det lite piano, som man s\u00e4ger! \ud83d\ude42 <a href=\"http:\/\/www.filindeblogg.nu\/wp-content\/uploads\/2013\/09\/0082.jpg\"><img loading=\"lazy\" class=\"alignnone  wp-image-51024\" alt=\"008\" src=\"http:\/\/www.filindeblogg.nu\/wp-content\/uploads\/2013\/09\/0082-300x225.jpg\" width=\"180\" height=\"135\" srcset=\"http:\/\/www.filindeblogg.nu\/wp-content\/uploads\/2013\/09\/0082-300x225.jpg 300w, http:\/\/www.filindeblogg.nu\/wp-content\/uploads\/2013\/09\/0082.jpg 600w\" sizes=\"(max-width: 180px) 100vw, 180px\" \/><\/a><\/p>\n<p>L\u00e5ta dagen liksom smyga sig p\u00e5 och inte j\u00e4kta. \ud83d\ude42<\/p>\n<p><a href=\"http:\/\/www.filindeblogg.nu\/wp-content\/uploads\/2013\/09\/0102.jpg\"><img loading=\"lazy\" class=\"size-medium wp-image-51025 aligncenter\" alt=\"010\" src=\"http:\/\/www.filindeblogg.nu\/wp-content\/uploads\/2013\/09\/0102-300x225.jpg\" width=\"300\" height=\"225\" srcset=\"http:\/\/www.filindeblogg.nu\/wp-content\/uploads\/2013\/09\/0102-300x225.jpg 300w, http:\/\/www.filindeblogg.nu\/wp-content\/uploads\/2013\/09\/0102.jpg 600w\" sizes=\"(max-width: 300px) 100vw, 300px\" \/><\/a><\/p>\n<p>Det tror bloggaren \u00e4r precis det r\u00e4tta s\u00e4ttet att ta sig an fredagen den 13:e 2013!<\/p>\n<p><img loading=\"lazy\" class=\"aligncenter size-medium wp-image-51026\" alt=\"002\" src=\"http:\/\/www.filindeblogg.nu\/wp-content\/uploads\/2013\/09\/0021-300x225.jpg\" width=\"300\" height=\"225\" srcset=\"http:\/\/www.filindeblogg.nu\/wp-content\/uploads\/2013\/09\/0021-300x225.jpg 300w, http:\/\/www.filindeblogg.nu\/wp-content\/uploads\/2013\/09\/0021.jpg 600w\" sizes=\"(max-width: 300px) 100vw, 300px\" \/><\/p>\n<p style=\"text-align: center;\">\n","protected":false},"excerpt":{"rendered":"<p>V\u00e5gar man verkligen g\u00e5 ur s\u00e4ngen idag&#8230;?? Bloggaren tvekade b\u00e5de en och tv\u00e5 g\u00e5nger. Fredagen den 13:e, \u00e5r 13 &#8211; kan det bli en bra dag&#8230;? Bloggaren har verkligen inga goda erfarenheter av \u00e5r 13 hittills. Ny\u00e5rsafton b\u00f6rjade s\u00e5 bra med tjo och tjim, fest och glam! \u00a0 Men bara tre minuter in p\u00e5 nya [&hellip;]<\/p>\n","protected":false},"author":1,"featured_media":0,"comment_status":"open","ping_status":"open","sticky":false,"template":"","format":"standard","meta":[],"categories":[41,100,132,101,134],"tags":[],"_links":{"self":[{"href":"http:\/\/www.filindeblogg.nu\/index.php?rest_route=\/wp\/v2\/posts\/51005"}],"collection":[{"href":"http:\/\/www.filindeblogg.nu\/index.php?rest_route=\/wp\/v2\/posts"}],"about":[{"href":"http:\/\/www.filindeblogg.nu\/index.php?rest_route=\/wp\/v2\/types\/post"}],"author":[{"embeddable":true,"href":"http:\/\/www.filindeblogg.nu\/index.php?rest_route=\/wp\/v2\/users\/1"}],"replies":[{"embeddable":true,"href":"http:\/\/www.filindeblogg.nu\/index.php?rest_route=%2Fwp%2Fv2%2Fcomments&post=51005"}],"version-history":[{"count":21,"href":"http:\/\/www.filindeblogg.nu\/index.php?rest_route=\/wp\/v2\/posts\/51005\/revisions"}],"predecessor-version":[{"id":51047,"href":"http:\/\/www.filindeblogg.nu\/index.php?rest_route=\/wp\/v2\/posts\/51005\/revisions\/51047"}],"wp:attachment":[{"href":"http:\/\/www.filindeblogg.nu\/index.php?rest_route=%2Fwp%2Fv2%2Fmedia&parent=51005"}],"wp:term":[{"taxonomy":"category","embeddable":true,"href":"http:\/\/www.filindeblogg.nu\/index.php?rest_route=%2Fwp%2Fv2%2Fcategories&post=51005"},{"taxonomy":"post_tag","embeddable":true,"href":"http:\/\/www.filindeblogg.nu\/index.php?rest_route=%2Fwp%2Fv2%2Ftags&post=51005"}],"curies":[{"name":"wp","href":"https:\/\/api.w.org\/{rel}","templated":true}]}}