{"id":5099,"date":"2009-03-23T08:34:56","date_gmt":"2009-03-23T07:34:56","guid":{"rendered":"http:\/\/www.filindeblogg.nu\/?p=5099"},"modified":"2009-03-23T09:33:58","modified_gmt":"2009-03-23T08:33:58","slug":"emmas-mardrom","status":"publish","type":"post","link":"http:\/\/www.filindeblogg.nu\/?p=5099","title":{"rendered":"Emmas mardr\u00f6m"},"content":{"rendered":"<p><strong>I natt har jag haft en hemsk mardr\u00f6m<\/strong><a href=\"http:\/\/www.dn.se\/nyheter\/varlden\/misstankt-trippelmord-i-tromso-1.827656\">. <\/a>Den var s\u00e5 utstuderat ondskefull att jag faktiskt blev lite full i skratt p\u00e5 morgonen<a href=\"http:\/\/www.expressen.se\/Nyheter\/1.1507456\/tv-visar-forsta-forhoren-med-arbogamamman\">.<\/a> Vad hj\u00e4rnan kan konstruera!! N\u00e4r jag sen t\u00e4nkte igenom dr\u00f6mmen och f\u00f6rstod vad den handlade om &#8211; ville jag gr\u00e5ta<a href=\"http:\/\/www.aftonbladet.se\/nyheter\/article4708826.ab\">.<\/a><\/p>\n<p>Jag ritade av dr\u00f6mmen<a href=\"http:\/\/www.svd.se\/nyheter\/inrikes\/artikel_2632489.svd\">.<\/a> Min f\u00f6rm\u00e5ga att teckna \u00e4r under all kritik men ni kan nog se \u00e4nd\u00e5 vad det f\u00f6rest\u00e4ller.<\/p>\n<p style=\"text-align: center;\"><img loading=\"lazy\" class=\"aligncenter size-full wp-image-5100\" title=\"min-mardrom-23-mars-09\" src=\"http:\/\/www.filindeblogg.nu\/wp-content\/uploads\/2009\/03\/min-mardrom-23-mars-09.jpg\" alt=\"min-mardrom-23-mars-09\" width=\"307\" height=\"230\" srcset=\"http:\/\/www.filindeblogg.nu\/wp-content\/uploads\/2009\/03\/min-mardrom-23-mars-09.jpg 640w, http:\/\/www.filindeblogg.nu\/wp-content\/uploads\/2009\/03\/min-mardrom-23-mars-09-300x225.jpg 300w\" sizes=\"(max-width: 307px) 100vw, 307px\" \/><\/p>\n<p style=\"text-align: left;\">Jag ligger fastsp\u00e4nd p\u00e5 n\u00e5gra ihopspikade plankor. \u00d6ver mig har jag en gallerbur som naglar mig fast vid plankorna. Sen har jag kastats i vattnet. Genom floder och sj\u00f6ar f\u00f6rs jag iv\u00e4g p\u00e5 min tortyrliknande flotte. Flotten flyter s\u00e5 jag druknar inte &#8211; men det \u00e4r fruktansv\u00e4rt att ligga d\u00e4r. Ibland sl\u00e5r flotten runt och jag ligger med kroppen ned\u00e5t i vattnet. Jag kan inte ta mig loss utan f\u00e5r finna mig i mitt \u00f6de medan livet flyter f\u00f6rbi intill.<\/p>\n<p style=\"text-align: left;\">Jag skrattade f\u00f6r dr\u00f6mmen var s\u00e5 absurd. Men skrattet fastnade i halsen n\u00e4r jag f\u00f6rstod inneb\u00f6rden&#8230;<\/p>\n<p style=\"text-align: left;\"><strong>Ig\u00e5r s\u00e5g jag Kalla fakta p\u00e5 TV4.<\/strong> Programmet visade<strong> Emma Jangestigs <\/strong>mardr\u00f6mslika tillvaro. En mardr\u00f6m som inte \u00e4r en dr\u00f6m &#8211; utan verklighet. Missade du programmet kan du se det genom att klicka <a href=\"http:\/\/www.tv4.se\/1.901385\/2009\/03\/19\/oar_av_minnen\"><strong>H\u00c4R!<\/strong><\/a><\/p>\n<p style=\"text-align: left;\">Jag har f\u00f6ljt Emma under \u00e5ret som g\u00e5tt. Som medm\u00e4nniska och boende i <strong>Arboga,<\/strong> grep h\u00e4ndelsen med morden i Arboga tag i mig fullst\u00e4ndigt. Ig\u00e5r kv\u00e4ll kom bilderna fr\u00e5n r\u00e4tteg\u00e5ngen tillbaka till mig. De fruktansv\u00e4rda bilderna av en s\u00f6nderslagen Emma. En Emma som med sin familj \u00e4nd\u00e5 k\u00e4mpade. K\u00e4mpade sig tillbaka till livet och till r\u00e4ttvisa f\u00f6r sina \u00e4lskade barn &#8211; <strong>Max och Saga<\/strong>.<\/p>\n<p style=\"text-align: left;\"><strong>Jag startade en insamling till Emma i april f\u00f6rra \u00e5ret.<\/strong> M\u00e5nga k\u00e4nde att de ville g\u00f6ra n\u00e5got f\u00f6r Emma men visste inte vad. Pengar kan inte ers\u00e4tta liv &#8211; naturligtvis inte. Det kan heller inte ers\u00e4tta sorg och lidande &#8211; men det kan bli till hj\u00e4lp p\u00e5 v\u00e4gen mot en ny tillvaro.<br \/>\nF\u00f6r oss medm\u00e4nniskor runt omkring k\u00e4ndes det ocks\u00e5 sk\u00f6nt att kunna g\u00f6ra n\u00e5got f\u00f6r en m\u00e4nniska som s\u00e5 totalt f\u00e5tt sitt liv f\u00f6rst\u00f6rt.<br \/>\nEmma fick sina b\u00e5da barn m\u00f6rdade i sin egen bostad. Hemmet som ska vara tryggheten &#8211; blev f\u00f6rvandlad till en mordplats. Emma miste sina barn, sitt hem, sin trygghet och n\u00e4stan ocks\u00e5 sitt eget liv. En insamling till Emma k\u00e4ndes r\u00e4tt.<\/p>\n<p>Insamlingen finns kvar. Vill n\u00e5gon t\u00e4nka p\u00e5 Emma genom den &#8211; s\u00e5 \u00e4r kontonumret f\u00f6ljande: <strong>Clearingnummer 8182-8, Kontonummer 23 029 837-4<br \/>\n<\/strong>Kontot \u00e4r uppr\u00e4ttat i <strong>Sparbanken V\u00e4stra M\u00e4lardalen (tillh\u00f6r Swedbank) <\/strong>och Emma har dispositionsr\u00e4tt. Alla pengar som kommer in g\u00e5r oavkortat till henne.<br \/>\nSe vidare under &#8221;Kategorier&#8221; p\u00e5 min blogg och &#8221;Insamling till Emma&#8221;. Scrolla r\u00e4tt l\u00e5ngt ner s\u00e5 kommer information om insamlingen.<\/p>\n<p><strong>Sk\u00e4nk g\u00e4rna pengar till Max och Sagas Minnesfond &#8211; plusgiro <\/strong><strong>123895-5. M\u00e4rk g\u00e5van \u201cMax och Saga\u201d.<br \/>\n<\/strong>Pengarna g\u00e5r oavkortat till <strong>R\u00e4dda Barnen och Svenska HPN-f\u00f6reningen<\/strong> (hemparenteral nutrition) som hj\u00e4lper familjer som ger sina barn n\u00e4ringsdropp i hemmet. Fonden hanteras av Svenska kyrkan i Arboga och granskas av revisorer. Inga avgifter tas ut.<\/p>\n<p>Min mardr\u00f6m i natt fick ni del av idag. Vem vet vilka mardr\u00f6mmar Emma har!? Jag kan bara innerligt hoppas att hennes liv fram\u00f6ver kommer att bli ljust och fint. Att alla dr\u00f6mmar som Emma har om en framtid igen &#8211; sl\u00e5r in. Det kan bara finnas ljus och gl\u00e4dje kvar till henne. Hon har f\u00e5tt mer \u00e4n den besk\u00e4rda delen av sorg och ondska.<\/p>\n<p><span style=\"color: #ff0000;\"><strong>VARM KRAM TILL EMMA OCH HENNES FAMILJ!<\/strong><\/span><\/p>\n<p style=\"text-align: center;\">\n","protected":false},"excerpt":{"rendered":"<p>I natt har jag haft en hemsk mardr\u00f6m. Den var s\u00e5 utstuderat ondskefull att jag faktiskt blev lite full i skratt p\u00e5 morgonen. Vad hj\u00e4rnan kan konstruera!! N\u00e4r jag sen t\u00e4nkte igenom dr\u00f6mmen och f\u00f6rstod vad den handlade om &#8211; ville jag gr\u00e5ta. Jag ritade av dr\u00f6mmen. Min f\u00f6rm\u00e5ga att teckna \u00e4r under all kritik [&hellip;]<\/p>\n","protected":false},"author":1,"featured_media":0,"comment_status":"open","ping_status":"open","sticky":false,"template":"","format":"standard","meta":[],"categories":[102,100,101],"tags":[],"_links":{"self":[{"href":"http:\/\/www.filindeblogg.nu\/index.php?rest_route=\/wp\/v2\/posts\/5099"}],"collection":[{"href":"http:\/\/www.filindeblogg.nu\/index.php?rest_route=\/wp\/v2\/posts"}],"about":[{"href":"http:\/\/www.filindeblogg.nu\/index.php?rest_route=\/wp\/v2\/types\/post"}],"author":[{"embeddable":true,"href":"http:\/\/www.filindeblogg.nu\/index.php?rest_route=\/wp\/v2\/users\/1"}],"replies":[{"embeddable":true,"href":"http:\/\/www.filindeblogg.nu\/index.php?rest_route=%2Fwp%2Fv2%2Fcomments&post=5099"}],"version-history":[{"count":5,"href":"http:\/\/www.filindeblogg.nu\/index.php?rest_route=\/wp\/v2\/posts\/5099\/revisions"}],"predecessor-version":[{"id":5107,"href":"http:\/\/www.filindeblogg.nu\/index.php?rest_route=\/wp\/v2\/posts\/5099\/revisions\/5107"}],"wp:attachment":[{"href":"http:\/\/www.filindeblogg.nu\/index.php?rest_route=%2Fwp%2Fv2%2Fmedia&parent=5099"}],"wp:term":[{"taxonomy":"category","embeddable":true,"href":"http:\/\/www.filindeblogg.nu\/index.php?rest_route=%2Fwp%2Fv2%2Fcategories&post=5099"},{"taxonomy":"post_tag","embeddable":true,"href":"http:\/\/www.filindeblogg.nu\/index.php?rest_route=%2Fwp%2Fv2%2Ftags&post=5099"}],"curies":[{"name":"wp","href":"https:\/\/api.w.org\/{rel}","templated":true}]}}