{"id":50849,"date":"2013-09-07T08:08:46","date_gmt":"2013-09-07T07:08:46","guid":{"rendered":"http:\/\/www.filindeblogg.nu\/?p=50849"},"modified":"2013-09-07T08:12:23","modified_gmt":"2013-09-07T07:12:23","slug":"utanforskap-mobbad-i-skolan-av-larare","status":"publish","type":"post","link":"http:\/\/www.filindeblogg.nu\/?p=50849","title":{"rendered":"Utanf\u00f6rskap &#8211; mobbad i skolan &#8211; av l\u00e4rare!"},"content":{"rendered":"<p>&nbsp;<\/p>\n<p><a href=\"http:\/\/www.filindeblogg.nu\/wp-content\/uploads\/2013\/09\/mobbande-l\u00e4rare.jpg\"><img loading=\"lazy\" class=\"alignnone size-medium wp-image-50859\" alt=\"mobbande l\u00e4rare\" src=\"http:\/\/www.filindeblogg.nu\/wp-content\/uploads\/2013\/09\/mobbande-l\u00e4rare-300x122.jpg\" width=\"300\" height=\"122\" srcset=\"http:\/\/www.filindeblogg.nu\/wp-content\/uploads\/2013\/09\/mobbande-l\u00e4rare-300x122.jpg 300w, http:\/\/www.filindeblogg.nu\/wp-content\/uploads\/2013\/09\/mobbande-l\u00e4rare.jpg 485w\" sizes=\"(max-width: 300px) 100vw, 300px\" \/><\/a> Utanf\u00f6rskap genom mobbing &#8211; k\u00e4nner m\u00e5nga till. Mobbing i skolan \u00e4r tyv\u00e4rr vanligt.<\/p>\n<p>Jag k\u00e4nner en liten pojke som fick uppleva utanf\u00f6rskap i skolan<a href=\"http:\/\/hd.se\/angelholm\/2013\/09\/07\/klassen-haller-ihop-trots\/\" target=\"_blank\">.<\/a> Nej, han var inte mobbad av de andra eleverna. Utanf\u00f6rskapet stod l\u00e4rarna f\u00f6r! <a href=\"http:\/\/www.filindeblogg.nu\/wp-content\/uploads\/2013\/09\/0431.jpg\"><img loading=\"lazy\" class=\"alignnone size-medium wp-image-50855\" alt=\"043\" src=\"http:\/\/www.filindeblogg.nu\/wp-content\/uploads\/2013\/09\/0431-211x300.jpg\" width=\"211\" height=\"300\" srcset=\"http:\/\/www.filindeblogg.nu\/wp-content\/uploads\/2013\/09\/0431-211x300.jpg 211w, http:\/\/www.filindeblogg.nu\/wp-content\/uploads\/2013\/09\/0431.jpg 423w\" sizes=\"(max-width: 211px) 100vw, 211px\" \/><\/a><br \/>\nPojken \u00e4lskade att l\u00e4ra sig saker men d\u00e5 han inte f\u00f6ljde mallen f\u00f6r, av l\u00e4raren f\u00f6rv\u00e4ntat beteende, blev han utfryst.<br \/>\nNej, pojken var inte st\u00f6kig, han ville bara l\u00e4ra sig p\u00e5 sitt eget lugna s\u00e4tt och i sin egen takt<a href=\"http:\/\/www.expressen.se\/nyheter\/dokument\/striden-om-skolan-har-bara-borjat\/\" target=\"_blank\">. <\/a>Det passade inte.<\/p>\n<p><a href=\"http:\/\/www.filindeblogg.nu\/wp-content\/uploads\/2013\/09\/Hets-elak-l\u00e4rare.jpg\"><img loading=\"lazy\" class=\"alignnone size-full wp-image-50856\" alt=\"Hets elak l\u00e4rare\" src=\"http:\/\/www.filindeblogg.nu\/wp-content\/uploads\/2013\/09\/Hets-elak-l\u00e4rare.jpg\" width=\"137\" height=\"97\" \/><\/a>\u00a0L\u00e4rare kan vara mycket sofistikerade i sitt s\u00e4tt att frysa ut. Just den h\u00e4r pojken tvingades att g\u00e5 f\u00e4rre och f\u00e4rre timmar i skolan och nekades flera skol\u00e4mnen<a href=\"http:\/\/www.aftonbladet.se\/nyheter\/article17426167.ab\" target=\"_blank\">. <\/a><br \/>\nN\u00e4r grundskolan var \u00f6ver hade pojken aldrig f\u00e5tt l\u00e4sa fysik och kemi &#8211; \u00e4mnen som ihop med matematik skulle komma att bli hans b\u00e4sta omr\u00e5den<a href=\"http:\/\/www.svd.se\/nyheter\/inrikes\/lundsbergs-nya-styrelse-samlas_8496284.svd\" target=\"_blank\">. <\/a><br \/>\n<a href=\"http:\/\/www.filindeblogg.nu\/wp-content\/uploads\/2013\/09\/Studier.jpg\"><img loading=\"lazy\" class=\"alignnone size-full wp-image-50857\" alt=\"Studier\" src=\"http:\/\/www.filindeblogg.nu\/wp-content\/uploads\/2013\/09\/Studier.jpg\" width=\"85\" height=\"80\" \/><\/a> Idag studerar den lille pojken, nu en vuxen man, biomedicin p\u00e5 universitet sen flera \u00e5r. <a href=\"http:\/\/www.filindeblogg.nu\/wp-content\/uploads\/2013\/09\/Biomedicin.jpg\"><img loading=\"lazy\" class=\"alignnone size-full wp-image-50858\" alt=\"Biomedicin\" src=\"http:\/\/www.filindeblogg.nu\/wp-content\/uploads\/2013\/09\/Biomedicin.jpg\" width=\"125\" height=\"54\" \/><\/a> Att detta blev m\u00f6jligt beror p\u00e5 h\u00e5rt k\u00e4mpande f\u00f6r\u00e4ldrar som v\u00e4grade acceptera d\u00e5liga l\u00e4rare och sjukt skolsystem<a href=\"http:\/\/www.svd.se\/nyheter\/inrikes\/professor-om-lundbergs-oppnande-man-underkanner-skolinspektionen_8493822.svd\" target=\"_blank\">.<\/a><\/p>\n<p>En dag ska l\u00e4rarna f\u00e5 st\u00e5 till svars f\u00f6r sin mobbing av den lille pojken &#8211; det har f\u00f6r\u00e4ldrarna lovat<a href=\"http:\/\/www.svd.se\/nyheter\/inrikes\/chatt-om-lundsberg_8494762.svd\" target=\"_blank\">.<\/a><\/p>\n<p><a href=\"http:\/\/www.filindeblogg.nu\/wp-content\/uploads\/2013\/09\/ADHD-DN.jpg\"><img loading=\"lazy\" class=\"alignnone size-medium wp-image-50860\" alt=\"ADHD DN\" src=\"http:\/\/www.filindeblogg.nu\/wp-content\/uploads\/2013\/09\/ADHD-DN-300x225.jpg\" width=\"300\" height=\"225\" srcset=\"http:\/\/www.filindeblogg.nu\/wp-content\/uploads\/2013\/09\/ADHD-DN-300x225.jpg 300w, http:\/\/www.filindeblogg.nu\/wp-content\/uploads\/2013\/09\/ADHD-DN.jpg 600w\" sizes=\"(max-width: 300px) 100vw, 300px\" \/><\/a> <a href=\"http:\/\/www.dn.se\/nyheter\/vetenskap\/stod-i-skolan-livsviktigt-for-barn-med-adhd\/\" target=\"_blank\"><strong>DN<\/strong><\/a> s\u00f6ndagen den 1 september hade den h\u00e4r artikeln men anledning av att<strong> Stockholms stad<\/strong> drar ner anslaget till barn med s\u00e4rskilda behov!<br \/>\nArtikeln tar upp det viktiga st\u00f6det fr\u00e5n vuxenh\u00e5ll och d\u00e4r skolan utg\u00f6r en viktig del!<\/p>\n<p>Att vara annorlunda betyder inte att vara s\u00e4mre! S\u00e5 h\u00e4r st\u00e5r det bl.a. i artikeln: <a href=\"http:\/\/www.filindeblogg.nu\/wp-content\/uploads\/2013\/09\/ADHD-DN-2.jpg\"><img loading=\"lazy\" class=\"alignnone size-medium wp-image-50861\" alt=\"ADHD DN 2\" src=\"http:\/\/www.filindeblogg.nu\/wp-content\/uploads\/2013\/09\/ADHD-DN-2-300x225.jpg\" width=\"300\" height=\"225\" srcset=\"http:\/\/www.filindeblogg.nu\/wp-content\/uploads\/2013\/09\/ADHD-DN-2-300x225.jpg 300w, http:\/\/www.filindeblogg.nu\/wp-content\/uploads\/2013\/09\/ADHD-DN-2.jpg 600w\" sizes=\"(max-width: 300px) 100vw, 300px\" \/><\/a> M\u00e4nniskor med ADHD, ADD, Aspergers syndrom m fl egenskaper \u00e4r suver\u00e4nt duktiga p\u00e5 saker som vi andra &#8221;vanliga&#8221; inte klarar lika bra. Uth\u00e5llighet och kreativitet \u00e4r tv\u00e5 viktiga bitar<a href=\"http:\/\/www.dn.se\/nyheter\/vetenskap\/stod-i-skolan-livsviktigt-for-barn-med-adhd\/\" target=\"_blank\">. <\/a><br \/>\nL\u00e4s g\u00e4rna artikeln i DN och l\u00e4r er helst mer om ovan n\u00e4mnda egenskaper!<\/p>\n<p>F\u00f6r \u00f6vrigt \u00e4r bilden h\u00f6gst upp p\u00e5 bloggen tagen ur <a href=\"http:\/\/www.google.se\/imgres?imgurl=http:\/\/gfx2.aftonbladet-cdn.se\/image\/12017615\/485\/normal\/4837426cce0ac\/teach&amp;imgrefurl=http:\/\/www.aftonbladet.se\/debatt\/debattamnen\/skola\/article12044000.ab&amp;usg=__7WUgNXmdHKqG-bsT4atULVmLUs4=&amp;h=198&amp;w=485&amp;sz=19&amp;hl=sv&amp;start=20&amp;zoom=1&amp;tbnid=lBtSof57VLBtcM:&amp;tbnh=53&amp;tbnw=129&amp;ei=8MkqUsOjG4eI5ATmwIDoBw&amp;itbs=1&amp;sa=X&amp;ved=0CFEQrQMwEw\" target=\"_blank\"><strong>Aftonbladet<\/strong> <\/a>&#8211; en artikel som handlar om mobbande l\u00e4rare. <strong>Kamratposten<\/strong> gjorde en unders\u00f6kning och 16 % av skolelever mellan 8 &#8211; 16 \u00e5r hade utsatts f\u00f6r mobbing av l\u00e4rare.<\/p>\n<p><a href=\"http:\/\/www.filindeblogg.nu\/wp-content\/uploads\/2013\/09\/Utanf\u00f6rskap-1.jpg\"><img loading=\"lazy\" alt=\"Utanf\u00f6rskap 1\" src=\"http:\/\/www.filindeblogg.nu\/wp-content\/uploads\/2013\/09\/Utanf\u00f6rskap-1.jpg\" width=\"108\" height=\"108\" \/><\/a> Det finns m\u00e5nga sorters utanf\u00f6rskap tyv\u00e4rr&#8230;<\/p>\n<p>Bland unga <a href=\"http:\/\/www.filindeblogg.nu\/wp-content\/uploads\/2013\/09\/Utanf\u00f6rskap-2.jpg\"><img loading=\"lazy\" alt=\"Utanf\u00f6rskap 2\" src=\"http:\/\/www.filindeblogg.nu\/wp-content\/uploads\/2013\/09\/Utanf\u00f6rskap-2.jpg\" width=\"131\" height=\"87\" \/><\/a> och bland gamla. <a href=\"http:\/\/www.filindeblogg.nu\/wp-content\/uploads\/2013\/09\/Utanf\u00f6rskap-3.jpg\"><img loading=\"lazy\" alt=\"Utanf\u00f6rskap 3\" src=\"http:\/\/www.filindeblogg.nu\/wp-content\/uploads\/2013\/09\/Utanf\u00f6rskap-3.jpg\" width=\"132\" height=\"75\" \/><\/a><br \/>\nP\u00e5 arbetsplatser <a href=\"http:\/\/www.filindeblogg.nu\/wp-content\/uploads\/2013\/09\/Mobb-jobb-2.jpg\"><img loading=\"lazy\" alt=\"Mobb jobb 2\" src=\"http:\/\/www.filindeblogg.nu\/wp-content\/uploads\/2013\/09\/Mobb-jobb-2-300x210.jpg\" width=\"180\" height=\"126\" \/><\/a><br \/>\ns\u00e5v\u00e4l som p\u00e5 fritiden. <a href=\"http:\/\/www.filindeblogg.nu\/wp-content\/uploads\/2013\/09\/Mobb-jobb-1.jpg\"><img loading=\"lazy\" alt=\"Mobb jobb 1\" src=\"http:\/\/www.filindeblogg.nu\/wp-content\/uploads\/2013\/09\/Mobb-jobb-1-300x158.jpg\" width=\"180\" height=\"95\" \/><\/a><\/p>\n<p>Ut\u00f6ver allm\u00e4nt skitprat finns utanf\u00f6rskap orsakat av &#8221;fel hudf\u00e4rg&#8221;, &#8221;fel religion&#8221; och problem med vem n\u00e5gon valt att \u00e4lska. Imorgon forts\u00e4tter bloggen att ta upp utanf\u00f6rskap &#8211; denna g\u00e5ng om &#8221;fel hudf\u00e4rg&#8221;. <a href=\"http:\/\/www.filindeblogg.nu\/wp-content\/uploads\/2013\/09\/Ruby_Bridges_illustrated_by_Shadra_Stricklanda.jpg\"><img loading=\"lazy\" class=\"alignnone  wp-image-50870\" alt=\"Ruby_Bridges_illustrated_by_Shadra_Stricklanda\" src=\"http:\/\/www.filindeblogg.nu\/wp-content\/uploads\/2013\/09\/Ruby_Bridges_illustrated_by_Shadra_Stricklanda-300x175.jpg\" width=\"180\" height=\"105\" srcset=\"http:\/\/www.filindeblogg.nu\/wp-content\/uploads\/2013\/09\/Ruby_Bridges_illustrated_by_Shadra_Stricklanda-300x175.jpg 300w, http:\/\/www.filindeblogg.nu\/wp-content\/uploads\/2013\/09\/Ruby_Bridges_illustrated_by_Shadra_Stricklanda.jpg 500w\" sizes=\"(max-width: 180px) 100vw, 180px\" \/><\/a><\/p>\n<p style=\"text-align: center;\"><a href=\"http:\/\/www.filindeblogg.nu\/wp-content\/uploads\/2013\/09\/0012.jpg\"><img loading=\"lazy\" class=\"aligncenter size-medium wp-image-50862\" alt=\"001\" src=\"http:\/\/www.filindeblogg.nu\/wp-content\/uploads\/2013\/09\/0012-225x300.jpg\" width=\"225\" height=\"300\" srcset=\"http:\/\/www.filindeblogg.nu\/wp-content\/uploads\/2013\/09\/0012-225x300.jpg 225w, http:\/\/www.filindeblogg.nu\/wp-content\/uploads\/2013\/09\/0012.jpg 450w\" sizes=\"(max-width: 225px) 100vw, 225px\" \/><\/a><em>&#8221;Aldrig, aldrig, aldrig &#8211; aldrig ger vi upp! <\/em><br \/>\n<em>Vi blir ett tr\u00e4d med djupa, djupa r\u00f6tter &#8211; aldrig ger vi upp&#8230;&#8221;<\/em><\/p>\n","protected":false},"excerpt":{"rendered":"<p>&nbsp; Utanf\u00f6rskap genom mobbing &#8211; k\u00e4nner m\u00e5nga till. Mobbing i skolan \u00e4r tyv\u00e4rr vanligt. Jag k\u00e4nner en liten pojke som fick uppleva utanf\u00f6rskap i skolan. Nej, han var inte mobbad av de andra eleverna. Utanf\u00f6rskapet stod l\u00e4rarna f\u00f6r! Pojken \u00e4lskade att l\u00e4ra sig saker men d\u00e5 han inte f\u00f6ljde mallen f\u00f6r, av l\u00e4raren f\u00f6rv\u00e4ntat beteende, [&hellip;]<\/p>\n","protected":false},"author":1,"featured_media":0,"comment_status":"open","ping_status":"open","sticky":false,"template":"","format":"standard","meta":[],"categories":[107,100,151,110,101],"tags":[],"_links":{"self":[{"href":"http:\/\/www.filindeblogg.nu\/index.php?rest_route=\/wp\/v2\/posts\/50849"}],"collection":[{"href":"http:\/\/www.filindeblogg.nu\/index.php?rest_route=\/wp\/v2\/posts"}],"about":[{"href":"http:\/\/www.filindeblogg.nu\/index.php?rest_route=\/wp\/v2\/types\/post"}],"author":[{"embeddable":true,"href":"http:\/\/www.filindeblogg.nu\/index.php?rest_route=\/wp\/v2\/users\/1"}],"replies":[{"embeddable":true,"href":"http:\/\/www.filindeblogg.nu\/index.php?rest_route=%2Fwp%2Fv2%2Fcomments&post=50849"}],"version-history":[{"count":9,"href":"http:\/\/www.filindeblogg.nu\/index.php?rest_route=\/wp\/v2\/posts\/50849\/revisions"}],"predecessor-version":[{"id":50871,"href":"http:\/\/www.filindeblogg.nu\/index.php?rest_route=\/wp\/v2\/posts\/50849\/revisions\/50871"}],"wp:attachment":[{"href":"http:\/\/www.filindeblogg.nu\/index.php?rest_route=%2Fwp%2Fv2%2Fmedia&parent=50849"}],"wp:term":[{"taxonomy":"category","embeddable":true,"href":"http:\/\/www.filindeblogg.nu\/index.php?rest_route=%2Fwp%2Fv2%2Fcategories&post=50849"},{"taxonomy":"post_tag","embeddable":true,"href":"http:\/\/www.filindeblogg.nu\/index.php?rest_route=%2Fwp%2Fv2%2Ftags&post=50849"}],"curies":[{"name":"wp","href":"https:\/\/api.w.org\/{rel}","templated":true}]}}