{"id":5003,"date":"2009-03-16T12:51:10","date_gmt":"2009-03-16T11:51:10","guid":{"rendered":"http:\/\/www.filindeblogg.nu\/?p=5003"},"modified":"2009-06-05T04:29:14","modified_gmt":"2009-06-05T03:29:14","slug":"left-is-right-ratt-blir-fel","status":"publish","type":"post","link":"http:\/\/www.filindeblogg.nu\/?p=5003","title":{"rendered":"Left is right &#8211; r\u00e4tt blir fel"},"content":{"rendered":"<p>Det finns ett f\u00f6retag som kallar sig <strong>Left is Right<\/strong> (v\u00e4nster \u00e4r r\u00e4tt, eller v\u00e4nster \u00e4r h\u00f6ger om man s\u00e5 vill). En del lovordar f\u00f6retaget men jag \u00e4r ganska ambivalent<a href=\"http:\/\/www.dn.se\/sthlm\/psyksjuk-konstelev-riskerar-fangelse-1.822141\">.<\/a><\/p>\n<p>Left is right startades med konceptet att endast anst\u00e4lla m\u00e4nniskor med <strong>Aspergers syndrom<\/strong>. S\u00e5 h\u00e4r st\u00e5r det p\u00e5 f\u00f6retagets hemsida<a href=\"http:\/\/stockholm.expressen.se\/nyheter\/1.1499356\/psyksjuk-konstnar-kan-fa-fangelse\">: <\/a><em><br \/>\n&#8221;Left is Right \u00e4r ett konsultf\u00f6retag som erbjuder unik kompetens. V\u00e5ra konsulter har diagnosen Aspergers syndrom och har d\u00e4rmed sinne f\u00f6r detaljer, \u00e4r extremt noggranna och har f\u00f6rm\u00e5gan att arbeta repetitivt med bibeh\u00e5llen h\u00f6g kvalitet.&#8221;<\/em><\/p>\n<p>Tanken var s\u00e4kert god. F\u00f6retagets grundare har sj\u00e4lva barn med diagnosen Aspergers syndrom och de har f\u00f6rmodligen f\u00e5tt k\u00e4nna av samh\u00e4llets of\u00f6rst\u00e5ende h\u00e5rdhet inf\u00f6r egenskapen.<\/p>\n<p>S\u00e5 h\u00e4r st\u00e5r det under <em>&#8221;Historia&#8221;<\/em> p\u00e5 Left is Rights hemsida<a href=\"http:\/\/www.aftonbladet.se\/ekonomi\/article4659800.ab\">:<\/a><\/p>\n<p><em>&#8221;Left is Rights grundare <strong>Wiola Frank\u00e9n Boman och Bengt-\u00c5ke Boman <\/strong>har sj\u00e4lva ett barn med diagnos inom autismspektrum och har l\u00e4nge velat \u00e4ndra p\u00e5 samh\u00e4llets inst\u00e4llning till personer med s\u00e5dana diagnoser. Dessutom har de en vision om att inte se till m\u00e4nniskors brister i arbetslivet, utan ist\u00e4llet till vad de kan bidra med. Left is Right vill att personer med diagnosen Aspergers syndrom ska f\u00e5 komma till sin r\u00e4tt och kunna g\u00e5 till arbetet, k\u00e4nna sig uppskattade och f\u00e5 g\u00f6ra n\u00e5got de \u00e4r riktigt bra p\u00e5.&#8221;<br \/>\n<\/em>Hemsidan hittar ni <a href=\"http:\/\/www.leftisright.se\/index.php?option=com_content&amp;task=view&amp;id=24&amp;Itemid=41\"><strong>H\u00c4R!<\/strong><\/a><\/p>\n<p>Tanken var, som sagt god, och m\u00e5nga kanske delar den.<strong> Jag sj\u00e4lv tycker att f\u00f6retaget fogar sig<\/strong>. Fogar sig i det alltmer iskalla samh\u00e4llet d\u00e4r bara 100 %-are r\u00e4knas och d\u00e4r en Aspergare inte har en chans<a href=\"http:\/\/www.svd.se\/nyheter\/inrikes\/artikel_2600765.svd\">. <\/a><br \/>\nChansl\u00f6s d\u00e4rf\u00f6r att skolan ignorerar barn med denna egenskap, de f\u00e5r inte den undervisning de har r\u00e4tt till\u00a0 &#8211; och utan skolutbildning heller inget jobb.<br \/>\nUtan skola eller arbete heller ingen social tr\u00e4ning &#8211; n\u00e5got som m\u00e4nniskor med Aspergers syndrom ofta beh\u00f6ver l\u00e4ra sig manuellt s.a.s. Och den tr\u00e4ningen f\u00e5r man i vanliga skolklasser &#8211; inte i en liten grupp undanskuffad nere i k\u00e4llaren<a href=\"http:\/\/sydsvenskan.se\/lund\/article419898\/Kirurg-opererade-trots-spritproblem.html\">. <\/a><br \/>\nTr\u00e4ning f\u00e5r man ocks\u00e5 i arbetslivet bland alla sorters m\u00e4nniskor<a href=\"http:\/\/hd.se\/helsingborg\/2009\/03\/16\/det-aer-naagot-allvarligt-det-som\/\">.<\/a><\/p>\n<p>Left is Right fogar sig, st\u00e5r tillbaka, ordnar egna jobb f\u00f6r &#8221;s\u00e4rlingarna&#8221;. Det gillar inte jag!<\/p>\n<p><strong>Det \u00e4r inte bara Aspergersm\u00e4nniskor som beh\u00f6ver tr\u00e4ning bland s k vanligt folk!<\/strong> Folk som idag kallar barn med Aspergers och ADHD f\u00f6r<strong> miffon och DAMP-ungar<\/strong> &#8211; beh\u00f6ver ocks\u00e5 tr\u00e4nas!<br \/>\nL\u00e4ra sig att alla m\u00e4nniskor \u00e4r olika. Att det \u00e4r inte farligt att ha Aspergers syndrom! Man \u00e4r inte &#8221;onormal&#8221; f\u00f6r man f\u00e5tt egenskapen ADHD.<br \/>\nF\u00f6rmodligen har vi alla n\u00e5got lite drag av n\u00e5gon diagnos.<\/p>\n<p><strong>S\u00e5 jag k\u00e4nner mig kluven \u00f6ver f\u00f6retaget Left is Right. <\/strong>Dom vill s\u00e5 v\u00e4l men det kan bli fel.<br \/>\nJag tycker att m\u00e4nniskor med egenskaper som Aspergers syndrom sj\u00e4lvklart ska ha r\u00e4tt till en plats inom vilken arbetsmarknad som helst!<\/p>\n<p>Det har alltid funnits personer med de h\u00e4r egenskaperna men det \u00e4r f\u00f6rst i nutid som det verkar ha blivit ett stort problem. Och hos vem ligger problemet??<br \/>\nJag vet flera personer, en del i chefsst\u00e4llning, som helt klart har b\u00e5de ADHD och Aspergers syndrom &#8211; men de har inte f\u00e5tt diagnosen. Det har g\u00e5tt v\u00e4ldigt bra \u00e4nd\u00e5&#8230;<\/p>\n<p>Alla har r\u00e4tt till ett arbete, s\u00e5 skriver<strong> Samhall <\/strong>p\u00e5 sin hemsida.\u00a0 Samhall \u00e4r en t\u00e4nkbar plats f\u00f6r m\u00e4nniskor med nedsatt arbetsf\u00f6rm\u00e5ga p g a ett eller flera funktionshinder. S\u00e5 st\u00e5r det p\u00e5 hemsidan som ni kan l\u00e4sa om ni klickar <a href=\"http:\/\/www.samhall.se\/medarbetare\/1024\/\"><strong>H\u00c4R! <\/strong><\/a><br \/>\nDet \u00e4r m\u00f6jligt att n\u00e5gra Aspergare skulle vilja s\u00f6ka jobb d\u00e4r men det stora flertalet ska inte beh\u00f6va begr\u00e4nsa sig dit, inte heller till f\u00f6retaget Left is Right!<br \/>\n<strong>G\u00f6r inte problem av det som inte \u00e4r problem &#8211; \u00e4r mitt budskap.<\/strong><\/p>\n<p>F\u00f6r v\u00e4ldigt l\u00e4nge sedan skrev jag till Left is Rights grundare Bengt-\u00c5ke Boman om mina tankar och bad honom om en kommentar. Han svarade aldrig&#8230;<\/p>\n<p>Som det st\u00e5r p\u00e5 Left is Rights hemsida &#8211; <strong>Einstein, Mozart och Newton<\/strong> var personer med Aspergers syndrom och liknande egenskaper.<br \/>\nD\u00e5 undrar jag: <strong>Vem skulle komma p\u00e5 tanke att s\u00e5lla bort Einstein fr\u00e5n arbetsmarknaden?? Eller l\u00e5ta Isac Newton jobba p\u00e5 Samhall??<\/strong><\/p>\n<p><strong>Barn, ungdomar och vuxna med Aspergers syndrom ska INTE foga sig! <\/strong><\/p>\n<p><em><br \/>\n<\/em><\/p>\n","protected":false},"excerpt":{"rendered":"<p>Det finns ett f\u00f6retag som kallar sig Left is Right (v\u00e4nster \u00e4r r\u00e4tt, eller v\u00e4nster \u00e4r h\u00f6ger om man s\u00e5 vill). En del lovordar f\u00f6retaget men jag \u00e4r ganska ambivalent. Left is right startades med konceptet att endast anst\u00e4lla m\u00e4nniskor med Aspergers syndrom. S\u00e5 h\u00e4r st\u00e5r det p\u00e5 f\u00f6retagets hemsida: &#8221;Left is Right \u00e4r ett [&hellip;]<\/p>\n","protected":false},"author":1,"featured_media":0,"comment_status":"open","ping_status":"open","sticky":false,"template":"","format":"standard","meta":[],"categories":[107,100,101],"tags":[],"_links":{"self":[{"href":"http:\/\/www.filindeblogg.nu\/index.php?rest_route=\/wp\/v2\/posts\/5003"}],"collection":[{"href":"http:\/\/www.filindeblogg.nu\/index.php?rest_route=\/wp\/v2\/posts"}],"about":[{"href":"http:\/\/www.filindeblogg.nu\/index.php?rest_route=\/wp\/v2\/types\/post"}],"author":[{"embeddable":true,"href":"http:\/\/www.filindeblogg.nu\/index.php?rest_route=\/wp\/v2\/users\/1"}],"replies":[{"embeddable":true,"href":"http:\/\/www.filindeblogg.nu\/index.php?rest_route=%2Fwp%2Fv2%2Fcomments&post=5003"}],"version-history":[{"count":3,"href":"http:\/\/www.filindeblogg.nu\/index.php?rest_route=\/wp\/v2\/posts\/5003\/revisions"}],"predecessor-version":[{"id":6072,"href":"http:\/\/www.filindeblogg.nu\/index.php?rest_route=\/wp\/v2\/posts\/5003\/revisions\/6072"}],"wp:attachment":[{"href":"http:\/\/www.filindeblogg.nu\/index.php?rest_route=%2Fwp%2Fv2%2Fmedia&parent=5003"}],"wp:term":[{"taxonomy":"category","embeddable":true,"href":"http:\/\/www.filindeblogg.nu\/index.php?rest_route=%2Fwp%2Fv2%2Fcategories&post=5003"},{"taxonomy":"post_tag","embeddable":true,"href":"http:\/\/www.filindeblogg.nu\/index.php?rest_route=%2Fwp%2Fv2%2Ftags&post=5003"}],"curies":[{"name":"wp","href":"https:\/\/api.w.org\/{rel}","templated":true}]}}