{"id":49759,"date":"2013-08-01T09:37:25","date_gmt":"2013-08-01T08:37:25","guid":{"rendered":"http:\/\/www.filindeblogg.nu\/?p=49759"},"modified":"2013-08-01T09:40:34","modified_gmt":"2013-08-01T08:40:34","slug":"vi-vill-inte-ha-er-till-grannar","status":"publish","type":"post","link":"http:\/\/www.filindeblogg.nu\/?p=49759","title":{"rendered":"VI VILL INTE HA ER TILL GRANNAR!!"},"content":{"rendered":"<p><a href=\"http:\/\/www.filindeblogg.nu\/wp-content\/uploads\/2013\/08\/LSS.jpg\"><img loading=\"lazy\" class=\"alignnone  wp-image-49760\" alt=\"LSS\" src=\"http:\/\/www.filindeblogg.nu\/wp-content\/uploads\/2013\/08\/LSS-300x204.jpg\" width=\"180\" height=\"122\" srcset=\"http:\/\/www.filindeblogg.nu\/wp-content\/uploads\/2013\/08\/LSS-300x204.jpg 300w, http:\/\/www.filindeblogg.nu\/wp-content\/uploads\/2013\/08\/LSS.jpg 485w\" sizes=\"(max-width: 180px) 100vw, 180px\" \/><\/a> Den h\u00e4r bilden cirkulerar nu p\u00e5 <strong>Facebook<\/strong> och visar<strong> Stina<\/strong> och hennes mamma<a href=\"http:\/\/www.svd.se\/nyheter\/stockholm\/femen-aktivister-gripna-vid-ryska-ambassaden_8390228.svd\" target=\"_blank\">.<\/a> <a href=\"http:\/\/www.aftonbladet.se\/nyheter\/article17215381.ab\" target=\"_blank\"><strong>Aftonbladet<\/strong><\/a> skriver om hur inv\u00e5narna i <strong>Glasberga\u00a0 i S\u00f6dert\u00e4lje<\/strong> rasar mot att m\u00e4nniskor med <strong>Downs syndrom<\/strong> och <strong>autism<\/strong> planeras f\u00e5 boende i omr\u00e5det<a href=\"http:\/\/www.expressen.se\/nyheter\/vald-och-fortryck-mot-varldens-hbt-personer\/\" target=\"_blank\">.<\/a><\/p>\n<p><strong><em>&#8221;Vi t\u00e4nker p\u00e5 v\u00e5ra barn som inte kommer att k\u00e4nna sig trygga i sitt eget bostadsomr\u00e5de&#8221;-<\/em><\/strong> \u00e4r ett av argumenten fr\u00e5n Glasbergaborna.<br \/>\nSkr\u00e4mmande m\u00e4nniskofientlig inst\u00e4llning! T\u00e4nk om det var ditt barn med Downs syndrom? Kanske just ditt framtida barnbarn f\u00f6ds med ett handikapp som kr\u00e4ver LSS-boende p\u00e5 sikt! T\u00c4NK!!<\/p>\n<p>Inte l\u00e5ngt fr\u00e5n bloggarens hemort finns liknande m\u00e4nniskofientlighet. I <strong>Nannberga<\/strong>! <strong>Arboga Tidning<\/strong> g\u00f6r ett uppf\u00f6ljande reportage idag: <a href=\"http:\/\/www.filindeblogg.nu\/wp-content\/uploads\/2013\/08\/026.jpg\"><img loading=\"lazy\" class=\"alignnone  wp-image-49761\" alt=\"026\" src=\"http:\/\/www.filindeblogg.nu\/wp-content\/uploads\/2013\/08\/026-225x300.jpg\" width=\"135\" height=\"180\" srcset=\"http:\/\/www.filindeblogg.nu\/wp-content\/uploads\/2013\/08\/026-225x300.jpg 225w, http:\/\/www.filindeblogg.nu\/wp-content\/uploads\/2013\/08\/026.jpg 450w\" sizes=\"(max-width: 135px) 100vw, 135px\" \/><\/a><br \/>\nPl\u00f6tsligt l\u00e5tsas Nannbergaborna oroa sig \u00f6ver flyktingpojkarnas placering i Nannberga med argument som &#8221;<em>-H\u00e4r finns ingenting f\u00f6r ungdomar&#8221;.<\/em><br \/>\nMen vad vet de om flyende pojkars behov? Kanske lite v\u00e4nlighet och tryggt boende r\u00e4cker?<\/p>\n<p>Andra tror att de nio pojkarna ska duscha s\u00e5 otroligt ofta och dricka s\u00e5dana ofantliga m\u00e4ngder vatten att grundvattenniv\u00e5n ska rubbas!!<br \/>\nMen kom igen!!<br \/>\nS\u00e4g heller som det \u00e4r: &#8211; VI VILL INTE HA ER TILL GRANNAR!<\/p>\n<p>M\u00e4nniskor med handikapp, m\u00e4nniskor med invandrarbakgrund \u00e4r inte v\u00e4lkomna &#8211; vad blir det h\u00e4rn\u00e4st? F\u00f6rbud mot sk\u00e5nsk dialekt i <strong>Norrland<\/strong>? Eller neka glada, positiva m\u00e4nniskor boende i tungsinta tristbyn!?<\/p>\n<p>Var inte s\u00e5 fruktansv\u00e4rt r\u00e4dda! Nya saker \u00e4r inte farliga! Var ist\u00e4llet nyfikna och intresserade &#8211; v\u00e4lkomnande! \ud83d\ude42<\/p>\n<p>Minns den <strong>Gyllene regeln!<\/strong> A<b>llt vad I viljen att m\u00e4nniskorna skola g\u00f6ra eder<\/b>, <strong>det skolen I ock g\u00f6ra dem!<br \/>\n<\/strong>G\u00e5r lika bra omv\u00e4nt: <strong>G\u00f6r intet mot andra vad du inte vill att de skall g\u00f6ra mot dig.<\/strong><\/p>\n<p><strong> <a href=\"http:\/\/www.filindeblogg.nu\/wp-content\/uploads\/2013\/08\/Gyllene-regeln.jpg\"><img loading=\"lazy\" class=\"size-full wp-image-49762 aligncenter\" alt=\"Gyllene regeln\" src=\"http:\/\/www.filindeblogg.nu\/wp-content\/uploads\/2013\/08\/Gyllene-regeln.jpg\" width=\"124\" height=\"93\" \/><\/a><\/strong><\/p>\n<p>Klicka <a href=\"http:\/\/bblat.se\/nyheter\/arboga\/1.2161620-sven-olov-vill-ga-vidare\" target=\"_blank\"><strong>H\u00c4R<\/strong> <\/a>f\u00f6r att l\u00e4sa reportaget i <strong>Bbl\/AT!<\/strong><\/p>\n<p><a href=\"http:\/\/www.filindeblogg.nu\/wp-content\/uploads\/2013\/08\/015.jpg\"><img loading=\"lazy\" class=\"alignnone  wp-image-49763\" alt=\"015\" src=\"http:\/\/www.filindeblogg.nu\/wp-content\/uploads\/2013\/08\/015-300x225.jpg\" width=\"108\" height=\"81\" srcset=\"http:\/\/www.filindeblogg.nu\/wp-content\/uploads\/2013\/08\/015-300x225.jpg 300w, http:\/\/www.filindeblogg.nu\/wp-content\/uploads\/2013\/08\/015.jpg 600w\" sizes=\"(max-width: 108px) 100vw, 108px\" \/><\/a> P\u00e5 tal om boende s\u00e5 firar bloggaren 35 \u00e5r i sitt hus idag! Det ska f\u00f6rst\u00e5s firas! \ud83d\ude42<\/p>\n<p><a href=\"http:\/\/www.filindeblogg.nu\/wp-content\/uploads\/2013\/08\/0231.jpg\"><img loading=\"lazy\" class=\"alignnone  wp-image-49766\" alt=\"023\" src=\"http:\/\/www.filindeblogg.nu\/wp-content\/uploads\/2013\/08\/0231-300x199.jpg\" width=\"180\" height=\"119\" srcset=\"http:\/\/www.filindeblogg.nu\/wp-content\/uploads\/2013\/08\/0231-300x199.jpg 300w, http:\/\/www.filindeblogg.nu\/wp-content\/uploads\/2013\/08\/0231.jpg 600w\" sizes=\"(max-width: 180px) 100vw, 180px\" \/><\/a>\u00a0Runt \u00e5r 1900 s\u00e5g det ut s\u00e5 h\u00e4r p\u00e5 bloggarens gata!<br \/>\nHuset n\u00e5gra \u00e5r senare: <a href=\"http:\/\/www.filindeblogg.nu\/wp-content\/uploads\/2013\/08\/0221.jpg\"><img loading=\"lazy\" class=\"alignnone  wp-image-49767\" alt=\"022\" src=\"http:\/\/www.filindeblogg.nu\/wp-content\/uploads\/2013\/08\/0221-300x206.jpg\" width=\"180\" height=\"124\" srcset=\"http:\/\/www.filindeblogg.nu\/wp-content\/uploads\/2013\/08\/0221-300x206.jpg 300w, http:\/\/www.filindeblogg.nu\/wp-content\/uploads\/2013\/08\/0221.jpg 590w\" sizes=\"(max-width: 180px) 100vw, 180px\" \/><\/a> <strong>Glasbl\u00e5sarg\u00e5rden<\/strong>, d\u00e5 arbetarbostad f\u00f6r glasbrukarna vid <strong>Arboga Glasbruk<\/strong>.<\/p>\n<p>1 augusti 2013 flaggas det! <a href=\"http:\/\/www.filindeblogg.nu\/wp-content\/uploads\/2013\/08\/017.jpg\"><img loading=\"lazy\" class=\"alignnone  wp-image-49768\" alt=\"017\" src=\"http:\/\/www.filindeblogg.nu\/wp-content\/uploads\/2013\/08\/017-300x225.jpg\" width=\"180\" height=\"135\" srcset=\"http:\/\/www.filindeblogg.nu\/wp-content\/uploads\/2013\/08\/017-300x225.jpg 300w, http:\/\/www.filindeblogg.nu\/wp-content\/uploads\/2013\/08\/017.jpg 600w\" sizes=\"(max-width: 180px) 100vw, 180px\" \/><\/a><\/p>\n<p><a href=\"http:\/\/www.filindeblogg.nu\/wp-content\/uploads\/2013\/08\/008.jpg\"><img loading=\"lazy\" class=\"alignnone  wp-image-49769\" alt=\"008\" src=\"http:\/\/www.filindeblogg.nu\/wp-content\/uploads\/2013\/08\/008-300x225.jpg\" width=\"180\" height=\"135\" srcset=\"http:\/\/www.filindeblogg.nu\/wp-content\/uploads\/2013\/08\/008-300x225.jpg 300w, http:\/\/www.filindeblogg.nu\/wp-content\/uploads\/2013\/08\/008.jpg 600w\" sizes=\"(max-width: 180px) 100vw, 180px\" \/><\/a>\u00a0Firas ska det och kanske med n\u00e5got av de goda som finns p\u00e5 g\u00e5rden. <a href=\"http:\/\/www.filindeblogg.nu\/wp-content\/uploads\/2013\/08\/Hallon.jpg\"><img loading=\"lazy\" class=\"alignnone  wp-image-49770\" alt=\"Hallon\" src=\"http:\/\/www.filindeblogg.nu\/wp-content\/uploads\/2013\/08\/Hallon-225x300.jpg\" width=\"135\" height=\"180\" srcset=\"http:\/\/www.filindeblogg.nu\/wp-content\/uploads\/2013\/08\/Hallon-225x300.jpg 225w, http:\/\/www.filindeblogg.nu\/wp-content\/uploads\/2013\/08\/Hallon.jpg 450w\" sizes=\"(max-width: 135px) 100vw, 135px\" \/><\/a> Mums! <a href=\"http:\/\/www.filindeblogg.nu\/wp-content\/uploads\/2013\/08\/K\u00f6rsb\u00e4r.jpg\"><img loading=\"lazy\" class=\"alignnone  wp-image-49771\" alt=\"K\u00f6rsb\u00e4r\" src=\"http:\/\/www.filindeblogg.nu\/wp-content\/uploads\/2013\/08\/K\u00f6rsb\u00e4r-300x225.jpg\" width=\"180\" height=\"135\" srcset=\"http:\/\/www.filindeblogg.nu\/wp-content\/uploads\/2013\/08\/K\u00f6rsb\u00e4r-300x225.jpg 300w, http:\/\/www.filindeblogg.nu\/wp-content\/uploads\/2013\/08\/K\u00f6rsb\u00e4r.jpg 600w\" sizes=\"(max-width: 180px) 100vw, 180px\" \/><\/a><br \/>\nBlir till ett h\u00e4rligt lunchm\u00e5l! <a href=\"http:\/\/www.filindeblogg.nu\/wp-content\/uploads\/2013\/08\/020.jpg\"><img loading=\"lazy\" class=\"alignnone  wp-image-49772\" alt=\"020\" src=\"http:\/\/www.filindeblogg.nu\/wp-content\/uploads\/2013\/08\/020-300x225.jpg\" width=\"180\" height=\"135\" srcset=\"http:\/\/www.filindeblogg.nu\/wp-content\/uploads\/2013\/08\/020-300x225.jpg 300w, http:\/\/www.filindeblogg.nu\/wp-content\/uploads\/2013\/08\/020.jpg 600w\" sizes=\"(max-width: 180px) 100vw, 180px\" \/><\/a><\/p>\n<p><a href=\"http:\/\/www.filindeblogg.nu\/wp-content\/uploads\/2013\/08\/Lukt\u00e4rter.jpg\"><img loading=\"lazy\" class=\"alignnone  wp-image-49773\" alt=\"Lukt\u00e4rter\" src=\"http:\/\/www.filindeblogg.nu\/wp-content\/uploads\/2013\/08\/Lukt\u00e4rter-225x300.jpg\" width=\"135\" height=\"180\" srcset=\"http:\/\/www.filindeblogg.nu\/wp-content\/uploads\/2013\/08\/Lukt\u00e4rter-225x300.jpg 225w, http:\/\/www.filindeblogg.nu\/wp-content\/uploads\/2013\/08\/Lukt\u00e4rter.jpg 450w\" sizes=\"(max-width: 135px) 100vw, 135px\" \/><\/a> Lite blommor finns det ocks\u00e5 &#8211; och en hel del ogr\u00e4s&#8230; Som kan vara nog s\u00e5 vackra! <a href=\"http:\/\/www.filindeblogg.nu\/wp-content\/uploads\/2013\/08\/Maskrosboll.jpg\"><img loading=\"lazy\" class=\"alignnone  wp-image-49774\" alt=\"Maskrosboll\" src=\"http:\/\/www.filindeblogg.nu\/wp-content\/uploads\/2013\/08\/Maskrosboll-300x225.jpg\" width=\"180\" height=\"135\" srcset=\"http:\/\/www.filindeblogg.nu\/wp-content\/uploads\/2013\/08\/Maskrosboll-300x225.jpg 300w, http:\/\/www.filindeblogg.nu\/wp-content\/uploads\/2013\/08\/Maskrosboll.jpg 600w\" sizes=\"(max-width: 180px) 100vw, 180px\" \/><\/a><\/p>\n<p>Insekter! <a href=\"http:\/\/www.filindeblogg.nu\/wp-content\/uploads\/2013\/08\/007.jpg\"><img loading=\"lazy\" class=\"alignnone  wp-image-49775\" alt=\"007\" src=\"http:\/\/www.filindeblogg.nu\/wp-content\/uploads\/2013\/08\/007-300x225.jpg\" width=\"180\" height=\"135\" srcset=\"http:\/\/www.filindeblogg.nu\/wp-content\/uploads\/2013\/08\/007-300x225.jpg 300w, http:\/\/www.filindeblogg.nu\/wp-content\/uploads\/2013\/08\/007.jpg 600w\" sizes=\"(max-width: 180px) 100vw, 180px\" \/><\/a> Och ett och annat kr\u00e4k som ben\u00e4mns ohyra&#8230; <a href=\"http:\/\/www.filindeblogg.nu\/wp-content\/uploads\/2013\/08\/R\u00e5ttan-fick-en-hederlig-begravning-28-juli-2013.jpg\"><img loading=\"lazy\" class=\"alignnone  wp-image-49776\" alt=\"R\u00e5ttan fick en hederlig begravning 28 juli 2013\" src=\"http:\/\/www.filindeblogg.nu\/wp-content\/uploads\/2013\/08\/R\u00e5ttan-fick-en-hederlig-begravning-28-juli-2013-225x300.jpg\" width=\"135\" height=\"180\" srcset=\"http:\/\/www.filindeblogg.nu\/wp-content\/uploads\/2013\/08\/R\u00e5ttan-fick-en-hederlig-begravning-28-juli-2013-225x300.jpg 225w, http:\/\/www.filindeblogg.nu\/wp-content\/uploads\/2013\/08\/R\u00e5ttan-fick-en-hederlig-begravning-28-juli-2013.jpg 231w\" sizes=\"(max-width: 135px) 100vw, 135px\" \/><\/a> F\u00e5ngad av de duktiga katterna och den fick en hederlig begravning!<\/p>\n<p style=\"text-align: left;\"><a href=\"http:\/\/www.filindeblogg.nu\/wp-content\/uploads\/2013\/08\/Kalenderblad.jpg\"><img loading=\"lazy\" class=\"wp-image-49777\" alt=\"Kalenderblad\" src=\"http:\/\/www.filindeblogg.nu\/wp-content\/uploads\/2013\/08\/Kalenderblad.jpg\" width=\"109\" height=\"79\" \/><\/a><strong>GRATTIS!<\/strong> <strong>Per<\/strong> och <strong>Pelle<\/strong> har namnsdag idag! <a href=\"http:\/\/www.filindeblogg.nu\/wp-content\/uploads\/2013\/07\/vykort-flicka-Kopia12.jpg\"><img loading=\"lazy\" class=\"alignnone  wp-image-49588\" alt=\"vykort flicka - Kopia\" src=\"http:\/\/www.filindeblogg.nu\/wp-content\/uploads\/2013\/07\/vykort-flicka-Kopia12.jpg\" width=\"47\" height=\"83\" \/><\/a><\/p>\n<p>Ha en fin torsdag, denna f\u00f6rsta dag i m\u00e5naden augusti. Och var inte s\u00e5 r\u00e4dda!<\/p>\n<p><strong>Det finns farliga saker i v\u00e4rlden som man b\u00f6r har respekt f\u00f6r. De allra flesta m\u00e4nniskor tillh\u00f6r inte den kategorin.<\/strong><\/p>\n<p><a href=\"http:\/\/www.filindeblogg.nu\/wp-content\/uploads\/2013\/08\/001.jpg\"><img loading=\"lazy\" class=\"aligncenter size-medium wp-image-49778\" alt=\"001\" src=\"http:\/\/www.filindeblogg.nu\/wp-content\/uploads\/2013\/08\/001-300x225.jpg\" width=\"300\" height=\"225\" srcset=\"http:\/\/www.filindeblogg.nu\/wp-content\/uploads\/2013\/08\/001-300x225.jpg 300w, http:\/\/www.filindeblogg.nu\/wp-content\/uploads\/2013\/08\/001.jpg 600w\" sizes=\"(max-width: 300px) 100vw, 300px\" \/><\/a><\/p>\n","protected":false},"excerpt":{"rendered":"<p>Den h\u00e4r bilden cirkulerar nu p\u00e5 Facebook och visar Stina och hennes mamma. Aftonbladet skriver om hur inv\u00e5narna i Glasberga\u00a0 i S\u00f6dert\u00e4lje rasar mot att m\u00e4nniskor med Downs syndrom och autism planeras f\u00e5 boende i omr\u00e5det. &#8221;Vi t\u00e4nker p\u00e5 v\u00e5ra barn som inte kommer att k\u00e4nna sig trygga i sitt eget bostadsomr\u00e5de&#8221;- \u00e4r ett av [&hellip;]<\/p>\n","protected":false},"author":1,"featured_media":0,"comment_status":"open","ping_status":"open","sticky":false,"template":"","format":"standard","meta":[],"categories":[127,107,162,100,147,149,145,151,101],"tags":[],"_links":{"self":[{"href":"http:\/\/www.filindeblogg.nu\/index.php?rest_route=\/wp\/v2\/posts\/49759"}],"collection":[{"href":"http:\/\/www.filindeblogg.nu\/index.php?rest_route=\/wp\/v2\/posts"}],"about":[{"href":"http:\/\/www.filindeblogg.nu\/index.php?rest_route=\/wp\/v2\/types\/post"}],"author":[{"embeddable":true,"href":"http:\/\/www.filindeblogg.nu\/index.php?rest_route=\/wp\/v2\/users\/1"}],"replies":[{"embeddable":true,"href":"http:\/\/www.filindeblogg.nu\/index.php?rest_route=%2Fwp%2Fv2%2Fcomments&post=49759"}],"version-history":[{"count":18,"href":"http:\/\/www.filindeblogg.nu\/index.php?rest_route=\/wp\/v2\/posts\/49759\/revisions"}],"predecessor-version":[{"id":49796,"href":"http:\/\/www.filindeblogg.nu\/index.php?rest_route=\/wp\/v2\/posts\/49759\/revisions\/49796"}],"wp:attachment":[{"href":"http:\/\/www.filindeblogg.nu\/index.php?rest_route=%2Fwp%2Fv2%2Fmedia&parent=49759"}],"wp:term":[{"taxonomy":"category","embeddable":true,"href":"http:\/\/www.filindeblogg.nu\/index.php?rest_route=%2Fwp%2Fv2%2Fcategories&post=49759"},{"taxonomy":"post_tag","embeddable":true,"href":"http:\/\/www.filindeblogg.nu\/index.php?rest_route=%2Fwp%2Fv2%2Ftags&post=49759"}],"curies":[{"name":"wp","href":"https:\/\/api.w.org\/{rel}","templated":true}]}}