{"id":49603,"date":"2013-07-28T10:22:50","date_gmt":"2013-07-28T09:22:50","guid":{"rendered":"http:\/\/www.filindeblogg.nu\/?p=49603"},"modified":"2013-07-28T10:23:13","modified_gmt":"2013-07-28T09:23:13","slug":"karleksyr-eller-behover-du-en-hjartstartare","status":"publish","type":"post","link":"http:\/\/www.filindeblogg.nu\/?p=49603","title":{"rendered":"K\u00e4rleksyr eller beh\u00f6ver du en hj\u00e4rtstartare?"},"content":{"rendered":"<p><a href=\"http:\/\/www.filindeblogg.nu\/wp-content\/uploads\/2013\/07\/Predikan1.jpg\"><img loading=\"lazy\" class=\"alignnone  wp-image-49604\" alt=\"Predikan\" src=\"http:\/\/www.filindeblogg.nu\/wp-content\/uploads\/2013\/07\/Predikan1.jpg\" width=\"58\" height=\"82\" \/><\/a> Dagens predikan behandlar \u00e4ktenskap och k\u00e4rlek &#8211; till viss del&#8230;<\/p>\n<p>Det b\u00f6rjade s\u00e5 h\u00e4r: <a href=\"http:\/\/www.filindeblogg.nu\/wp-content\/uploads\/2013\/07\/0035.jpg\"><img loading=\"lazy\" class=\"alignnone  wp-image-49605\" alt=\"003\" src=\"http:\/\/www.filindeblogg.nu\/wp-content\/uploads\/2013\/07\/0035-225x300.jpg\" width=\"135\" height=\"180\" srcset=\"http:\/\/www.filindeblogg.nu\/wp-content\/uploads\/2013\/07\/0035-225x300.jpg 225w, http:\/\/www.filindeblogg.nu\/wp-content\/uploads\/2013\/07\/0035.jpg 450w\" sizes=\"(max-width: 135px) 100vw, 135px\" \/><\/a> Mats\u00e4ck gjordes i ordning. <a href=\"http:\/\/www.filindeblogg.nu\/wp-content\/uploads\/2013\/07\/00410.jpg\"><img loading=\"lazy\" class=\"alignnone  wp-image-49606\" alt=\"004\" src=\"http:\/\/www.filindeblogg.nu\/wp-content\/uploads\/2013\/07\/00410-225x300.jpg\" width=\"135\" height=\"180\" srcset=\"http:\/\/www.filindeblogg.nu\/wp-content\/uploads\/2013\/07\/00410-225x300.jpg 225w, http:\/\/www.filindeblogg.nu\/wp-content\/uploads\/2013\/07\/00410.jpg 450w\" sizes=\"(max-width: 135px) 100vw, 135px\" \/><\/a> Kall mj\u00f6lk placerades bland isklamparna. Sen bar det iv\u00e4g till <strong>Regna i<\/strong> fagra <strong>\u00d6stergyllen<\/strong>! <a href=\"http:\/\/www.filindeblogg.nu\/wp-content\/uploads\/2013\/07\/Regna-karta.jpg\"><img loading=\"lazy\" class=\"alignnone size-full wp-image-49607\" alt=\"Regna karta\" src=\"http:\/\/www.filindeblogg.nu\/wp-content\/uploads\/2013\/07\/Regna-karta.jpg\" width=\"93\" height=\"117\" \/><\/a><\/p>\n<p>F\u00f6rutom att bada, \u00e4ta mats\u00e4ck och plocka b\u00e4r bes\u00f6ktes den vackra <strong>Regna kyrka<\/strong> &#8211; bild fr\u00e5n <a href=\"http:\/\/sv.wikipedia.org\/wiki\/Regna_kyrka\" target=\"_blank\"><strong>Wikipedia<\/strong><\/a>: <a href=\"http:\/\/www.filindeblogg.nu\/wp-content\/uploads\/2013\/07\/256px-Regnakyrka.jpg\"><img loading=\"lazy\" class=\"alignnone  wp-image-49608\" alt=\"256px-Regnakyrka\" src=\"http:\/\/www.filindeblogg.nu\/wp-content\/uploads\/2013\/07\/256px-Regnakyrka-225x300.jpg\" width=\"135\" height=\"180\" srcset=\"http:\/\/www.filindeblogg.nu\/wp-content\/uploads\/2013\/07\/256px-Regnakyrka-225x300.jpg 225w, http:\/\/www.filindeblogg.nu\/wp-content\/uploads\/2013\/07\/256px-Regnakyrka.jpg 256w\" sizes=\"(max-width: 135px) 100vw, 135px\" \/><\/a><\/p>\n<p>H\u00e4r ligger bloggarens morfar och mormor begravda och vi satte rosor p\u00e5 graven. <a href=\"http:\/\/www.filindeblogg.nu\/wp-content\/uploads\/2013\/07\/0104.jpg\"><img loading=\"lazy\" class=\"alignnone  wp-image-49609\" alt=\"010\" src=\"http:\/\/www.filindeblogg.nu\/wp-content\/uploads\/2013\/07\/0104-300x225.jpg\" width=\"180\" height=\"135\" srcset=\"http:\/\/www.filindeblogg.nu\/wp-content\/uploads\/2013\/07\/0104-300x225.jpg 300w, http:\/\/www.filindeblogg.nu\/wp-content\/uploads\/2013\/07\/0104.jpg 600w\" sizes=\"(max-width: 180px) 100vw, 180px\" \/><\/a> Det \u00e4r en riktigt sl\u00e4ktvandring att bes\u00f6ka Regna kyrkog\u00e5rd<a href=\"http:\/\/www.dn.se\/sthlm\/man-gripen-for-valdtakt-pa-hotell\/\" target=\"_blank\">.<\/a> H\u00e4r vilar de flesta av f\u00f6rf\u00e4derna p\u00e5 bloggarens mors sida<a href=\"http:\/\/na.se\/nyheter\/orebro\/1.2157353-jenny-ensam-tjej-pa-arbetsplatsen\" target=\"_blank\">.<\/a><\/p>\n<p><a href=\"http:\/\/www.filindeblogg.nu\/wp-content\/uploads\/2013\/07\/0263.jpg\"><img loading=\"lazy\" class=\"alignnone  wp-image-49610\" alt=\"026\" src=\"http:\/\/www.filindeblogg.nu\/wp-content\/uploads\/2013\/07\/0263-225x300.jpg\" width=\"135\" height=\"180\" srcset=\"http:\/\/www.filindeblogg.nu\/wp-content\/uploads\/2013\/07\/0263-225x300.jpg 225w, http:\/\/www.filindeblogg.nu\/wp-content\/uploads\/2013\/07\/0263.jpg 450w\" sizes=\"(max-width: 135px) 100vw, 135px\" \/><\/a><strong> Ernst Danielsson<\/strong> var bloggarens egen mors morfar. H\u00e4r vilar han intill sin <strong>Emma<\/strong>.<\/p>\n<p>Kyrkan var \u00f6ppen s\u00e5 vi gick in! <a href=\"http:\/\/www.filindeblogg.nu\/wp-content\/uploads\/2013\/07\/0124.jpg\"><img loading=\"lazy\" class=\"alignnone  wp-image-49611\" alt=\"012\" src=\"http:\/\/www.filindeblogg.nu\/wp-content\/uploads\/2013\/07\/0124-300x225.jpg\" width=\"180\" height=\"135\" srcset=\"http:\/\/www.filindeblogg.nu\/wp-content\/uploads\/2013\/07\/0124-300x225.jpg 300w, http:\/\/www.filindeblogg.nu\/wp-content\/uploads\/2013\/07\/0124.jpg 600w\" sizes=\"(max-width: 180px) 100vw, 180px\" \/><\/a> F\u00f6r bloggaren blev det hela en ov\u00e4ntad k\u00e4nslom\u00e4ssig flashback. S\u00e5 h\u00e4r idag: <a href=\"http:\/\/www.filindeblogg.nu\/wp-content\/uploads\/2013\/07\/0133.jpg\"><img loading=\"lazy\" class=\"alignnone  wp-image-49612\" alt=\"013\" src=\"http:\/\/www.filindeblogg.nu\/wp-content\/uploads\/2013\/07\/0133-225x300.jpg\" width=\"135\" height=\"180\" srcset=\"http:\/\/www.filindeblogg.nu\/wp-content\/uploads\/2013\/07\/0133-225x300.jpg 225w, http:\/\/www.filindeblogg.nu\/wp-content\/uploads\/2013\/07\/0133.jpg 450w\" sizes=\"(max-width: 135px) 100vw, 135px\" \/><\/a><br \/>\nS\u00e5 h\u00e4r en annan dag i juli f\u00f6r m\u00e5nga \u00e5r sedan: <a href=\"http:\/\/www.filindeblogg.nu\/wp-content\/uploads\/2013\/07\/Brudparet.jpg\"><img loading=\"lazy\" class=\"alignnone  wp-image-49613\" alt=\"Brudparet\" src=\"http:\/\/www.filindeblogg.nu\/wp-content\/uploads\/2013\/07\/Brudparet-225x300.jpg\" width=\"135\" height=\"180\" srcset=\"http:\/\/www.filindeblogg.nu\/wp-content\/uploads\/2013\/07\/Brudparet-225x300.jpg 225w, http:\/\/www.filindeblogg.nu\/wp-content\/uploads\/2013\/07\/Brudparet.jpg 450w\" sizes=\"(max-width: 135px) 100vw, 135px\" \/><\/a><br \/>\n<a href=\"http:\/\/www.filindeblogg.nu\/wp-content\/uploads\/2013\/07\/Br\u00f6llop-1953.jpg\"><img loading=\"lazy\" class=\"alignnone  wp-image-49622\" alt=\"Br\u00f6llop 1953\" src=\"http:\/\/www.filindeblogg.nu\/wp-content\/uploads\/2013\/07\/Br\u00f6llop-1953-300x220.jpg\" width=\"180\" height=\"132\" srcset=\"http:\/\/www.filindeblogg.nu\/wp-content\/uploads\/2013\/07\/Br\u00f6llop-1953-300x220.jpg 300w, http:\/\/www.filindeblogg.nu\/wp-content\/uploads\/2013\/07\/Br\u00f6llop-1953.jpg 579w\" sizes=\"(max-width: 180px) 100vw, 180px\" \/><\/a> Och s\u00e5 h\u00e4r f\u00f6r \u00e4nnu l\u00e4ngre tid tillbaka.\u00a0<a href=\"http:\/\/www.filindeblogg.nu\/wp-content\/uploads\/2013\/07\/Br\u00f6llopet-1953.jpg\"><img loading=\"lazy\" class=\"alignnone  wp-image-49623\" alt=\"Br\u00f6llopet 1953\" src=\"http:\/\/www.filindeblogg.nu\/wp-content\/uploads\/2013\/07\/Br\u00f6llopet-1953-215x300.jpg\" width=\"129\" height=\"180\" srcset=\"http:\/\/www.filindeblogg.nu\/wp-content\/uploads\/2013\/07\/Br\u00f6llopet-1953-215x300.jpg 215w, http:\/\/www.filindeblogg.nu\/wp-content\/uploads\/2013\/07\/Br\u00f6llopet-1953.jpg 430w\" sizes=\"(max-width: 129px) 100vw, 129px\" \/><\/a> Bloggarens mor och far.<br \/>\nInte mycket f\u00f6r\u00e4ndrat kan tyckas &#8211; men jo, en hel del&#8230;<\/p>\n<p><a href=\"http:\/\/www.filindeblogg.nu\/wp-content\/uploads\/2013\/07\/0283.jpg\"><img loading=\"lazy\" class=\"alignnone  wp-image-49615\" alt=\"028\" src=\"http:\/\/www.filindeblogg.nu\/wp-content\/uploads\/2013\/07\/0283-225x300.jpg\" width=\"135\" height=\"180\" srcset=\"http:\/\/www.filindeblogg.nu\/wp-content\/uploads\/2013\/07\/0283-225x300.jpg 225w, http:\/\/www.filindeblogg.nu\/wp-content\/uploads\/2013\/07\/0283.jpg 450w\" sizes=\"(max-width: 135px) 100vw, 135px\" \/><\/a> Kyrkporten idag.<br \/>\nOch i en svunnen tid&#8230; <a href=\"http:\/\/www.filindeblogg.nu\/wp-content\/uploads\/2013\/07\/P\u00e5-trappan1.jpg\"><img loading=\"lazy\" class=\"alignnone  wp-image-49617\" alt=\"P\u00e5 trappan\" src=\"http:\/\/www.filindeblogg.nu\/wp-content\/uploads\/2013\/07\/P\u00e5-trappan1-214x300.jpg\" width=\"128\" height=\"180\" srcset=\"http:\/\/www.filindeblogg.nu\/wp-content\/uploads\/2013\/07\/P\u00e5-trappan1-214x300.jpg 214w, http:\/\/www.filindeblogg.nu\/wp-content\/uploads\/2013\/07\/P\u00e5-trappan1.jpg 429w\" sizes=\"(max-width: 128px) 100vw, 128px\" \/><\/a><\/p>\n<p>Idag g\u00e5r kyrkobes\u00f6karna ut den h\u00e4r v\u00e4gen: <a href=\"http:\/\/www.filindeblogg.nu\/wp-content\/uploads\/2013\/07\/0252.jpg\"><img loading=\"lazy\" class=\"alignnone  wp-image-49618\" alt=\"025\" src=\"http:\/\/www.filindeblogg.nu\/wp-content\/uploads\/2013\/07\/0252-225x300.jpg\" width=\"135\" height=\"180\" srcset=\"http:\/\/www.filindeblogg.nu\/wp-content\/uploads\/2013\/07\/0252-225x300.jpg 225w, http:\/\/www.filindeblogg.nu\/wp-content\/uploads\/2013\/07\/0252.jpg 450w\" sizes=\"(max-width: 135px) 100vw, 135px\" \/><\/a> D\u00e5 bloggaren gifte sig gick vi ut ur stora porten f\u00f6r att kunna ta h\u00e4st och vagn till br\u00f6llopsfesten: <a href=\"http:\/\/www.filindeblogg.nu\/wp-content\/uploads\/2013\/07\/Brudparet-p\u00e5-v\u00e4g.jpg\"><img loading=\"lazy\" class=\"alignnone  wp-image-49619\" alt=\"Brudparet p\u00e5 v\u00e4g\" src=\"http:\/\/www.filindeblogg.nu\/wp-content\/uploads\/2013\/07\/Brudparet-p\u00e5-v\u00e4g-225x300.jpg\" width=\"135\" height=\"180\" srcset=\"http:\/\/www.filindeblogg.nu\/wp-content\/uploads\/2013\/07\/Brudparet-p\u00e5-v\u00e4g-225x300.jpg 225w, http:\/\/www.filindeblogg.nu\/wp-content\/uploads\/2013\/07\/Brudparet-p\u00e5-v\u00e4g.jpg 450w\" sizes=\"(max-width: 135px) 100vw, 135px\" \/><\/a><\/p>\n<p>Men andra tider stundade. Inne i kyrkan fann vi det h\u00e4r p\u00e5 v\u00e4ggen: <a href=\"http:\/\/www.filindeblogg.nu\/wp-content\/uploads\/2013\/07\/0235.jpg\"><img loading=\"lazy\" class=\"alignnone size-medium wp-image-49620\" alt=\"023\" src=\"http:\/\/www.filindeblogg.nu\/wp-content\/uploads\/2013\/07\/0235-202x300.jpg\" width=\"202\" height=\"300\" srcset=\"http:\/\/www.filindeblogg.nu\/wp-content\/uploads\/2013\/07\/0235-202x300.jpg 202w, http:\/\/www.filindeblogg.nu\/wp-content\/uploads\/2013\/07\/0235.jpg 404w\" sizes=\"(max-width: 202px) 100vw, 202px\" \/><\/a> En hj\u00e4rtstartare!<br \/>\nF\u00f6rmodligen t\u00e4nkt f\u00f6r att \u00e5teruppliva eventuell kyrkobes\u00f6kare som tuppat av<a href=\"http:\/\/www.aftonbladet.se\/nojesbladet\/klick\/article17200255.ab\" target=\"_blank\">. <\/a><\/p>\n<p><strong>Bloggaren tycker dock att m\u00e5nga som gifte sig en g\u00e5ng f\u00f6r l\u00e4nge sedan borde ha hj\u00e4rtstartare. F\u00f6r att starta om! F\u00e5 ig\u00e5ng det d\u00e4r hj\u00e4rtat som slog som varmt f\u00f6r den \u00e4lskade en g\u00e5ng&#8230; \u00c5teruppliva k\u00e4nslorna och k\u00e4rleken som fanns d\u00e4r s\u00e5 stark. Och inte bara ge upp.<\/strong><\/p>\n<p>I kyrkan t\u00e4nde vi ocks\u00e5 ett ljus f\u00f6r <strong>morfar G\u00f6te<\/strong>: <a href=\"http:\/\/www.filindeblogg.nu\/wp-content\/uploads\/2013\/07\/Ljus-t\u00e4nds-f\u00f6r-morfar-G\u00f6te.jpg\"><img loading=\"lazy\" class=\"alignnone  wp-image-49621\" alt=\"Ljus t\u00e4nds f\u00f6r morfar G\u00f6te\" src=\"http:\/\/www.filindeblogg.nu\/wp-content\/uploads\/2013\/07\/Ljus-t\u00e4nds-f\u00f6r-morfar-G\u00f6te-225x300.jpg\" width=\"135\" height=\"180\" srcset=\"http:\/\/www.filindeblogg.nu\/wp-content\/uploads\/2013\/07\/Ljus-t\u00e4nds-f\u00f6r-morfar-G\u00f6te-225x300.jpg 225w, http:\/\/www.filindeblogg.nu\/wp-content\/uploads\/2013\/07\/Ljus-t\u00e4nds-f\u00f6r-morfar-G\u00f6te.jpg 450w\" sizes=\"(max-width: 135px) 100vw, 135px\" \/><\/a> Han som vigdes samman just h\u00e4r med sin <strong>Hj\u00f6rdis<\/strong> en pingstafton f\u00f6r 60 \u00e5r sedan och som nu inte l\u00e4ngre finns ibland oss<a href=\"http:\/\/www.expressen.se\/noje\/hultkvist-om-att-bli-mamma-spannande\/\" target=\"_blank\">. <\/a><br \/>\nEn s\u00e5 vacker kyrka med s\u00e5 m\u00e5nga fina minnen. <img loading=\"lazy\" class=\"wp-image-49624\" alt=\"018\" src=\"http:\/\/www.filindeblogg.nu\/wp-content\/uploads\/2013\/07\/0186-225x300.jpg\" width=\"135\" height=\"180\" srcset=\"http:\/\/www.filindeblogg.nu\/wp-content\/uploads\/2013\/07\/0186-225x300.jpg 225w, http:\/\/www.filindeblogg.nu\/wp-content\/uploads\/2013\/07\/0186.jpg 450w\" sizes=\"(max-width: 135px) 100vw, 135px\" \/><\/p>\n<p style=\"text-align: left;\">Ig\u00e5r p\u00e5mindes bloggaren \u00e5ter om br\u00f6llop, k\u00e4rlek och \u00e4ktenskap.<br \/>\nKlappret av hovar h\u00f6rdes utanf\u00f6r bloggaren hus:\u00a0<a href=\"http:\/\/www.filindeblogg.nu\/wp-content\/uploads\/2013\/07\/0264.jpg\"><img loading=\"lazy\" class=\"alignnone  wp-image-49625\" alt=\"026\" src=\"http:\/\/www.filindeblogg.nu\/wp-content\/uploads\/2013\/07\/0264-225x300.jpg\" width=\"135\" height=\"180\" srcset=\"http:\/\/www.filindeblogg.nu\/wp-content\/uploads\/2013\/07\/0264-225x300.jpg 225w, http:\/\/www.filindeblogg.nu\/wp-content\/uploads\/2013\/07\/0264.jpg 450w\" sizes=\"(max-width: 135px) 100vw, 135px\" \/><\/a> Det h\u00f6r verkligen inte till vanligheterna och bloggaren rusade till f\u00f6nstret. <a href=\"http:\/\/www.filindeblogg.nu\/wp-content\/uploads\/2013\/07\/H\u00e4st-och-vagn-1.jpg\"><img loading=\"lazy\" class=\"alignnone  wp-image-49626\" alt=\"H\u00e4st och vagn 1\" src=\"http:\/\/www.filindeblogg.nu\/wp-content\/uploads\/2013\/07\/H\u00e4st-och-vagn-1-225x300.jpg\" width=\"135\" height=\"180\" srcset=\"http:\/\/www.filindeblogg.nu\/wp-content\/uploads\/2013\/07\/H\u00e4st-och-vagn-1-225x300.jpg 225w, http:\/\/www.filindeblogg.nu\/wp-content\/uploads\/2013\/07\/H\u00e4st-och-vagn-1.jpg 450w\" sizes=\"(max-width: 135px) 100vw, 135px\" \/><\/a> Ett brudpar!<\/p>\n<p style=\"text-align: left;\"><a href=\"http:\/\/www.filindeblogg.nu\/wp-content\/uploads\/2013\/07\/H\u00e4st-och-vagn-2.jpg\"><img loading=\"lazy\" class=\"alignnone  wp-image-49627\" alt=\"H\u00e4st och vagn 2\" src=\"http:\/\/www.filindeblogg.nu\/wp-content\/uploads\/2013\/07\/H\u00e4st-och-vagn-2-225x300.jpg\" width=\"135\" height=\"180\" srcset=\"http:\/\/www.filindeblogg.nu\/wp-content\/uploads\/2013\/07\/H\u00e4st-och-vagn-2-225x300.jpg 225w, http:\/\/www.filindeblogg.nu\/wp-content\/uploads\/2013\/07\/H\u00e4st-och-vagn-2.jpg 450w\" sizes=\"(max-width: 135px) 100vw, 135px\" \/><\/a> Enligt uppgift heter brudparet <strong>Sofia Asplund<\/strong> och <strong>Ted Harju<\/strong> och p\u00e5 fotot har de nyligen vigts samman i <strong>St Nicolai kyrka<\/strong>.<\/p>\n<p style=\"text-align: center;\"><a href=\"http:\/\/www.filindeblogg.nu\/wp-content\/uploads\/2013\/07\/0293.jpg\"><img loading=\"lazy\" class=\"aligncenter  wp-image-49652\" alt=\"029\" src=\"http:\/\/www.filindeblogg.nu\/wp-content\/uploads\/2013\/07\/0293-225x300.jpg\" width=\"158\" height=\"210\" srcset=\"http:\/\/www.filindeblogg.nu\/wp-content\/uploads\/2013\/07\/0293-225x300.jpg 225w, http:\/\/www.filindeblogg.nu\/wp-content\/uploads\/2013\/07\/0293.jpg 450w\" sizes=\"(max-width: 158px) 100vw, 158px\" \/><\/a><\/p>\n<p style=\"text-align: left;\">Bloggaren \u00f6nskar paret lycka till och hoppas att de alltid har en hj\u00e4rtstartare till hands! <a href=\"http:\/\/www.filindeblogg.nu\/wp-content\/uploads\/2013\/07\/Hj\u00e4rtstartare.jpg\"><img loading=\"lazy\" class=\"alignnone size-full wp-image-49628\" alt=\"Hj\u00e4rtstartare\" src=\"http:\/\/www.filindeblogg.nu\/wp-content\/uploads\/2013\/07\/Hj\u00e4rtstartare.jpg\" width=\"68\" height=\"102\" \/><\/a> Att deras f\u00f6rh\u00e5llande och \u00e4ktenskap f\u00f6r alltid ska vara en &#8221;hj\u00e4rts\u00e4ker zon&#8221;. <a href=\"http:\/\/www.filindeblogg.nu\/wp-content\/uploads\/2013\/07\/Hj\u00e4rts\u00e4ker-zon.jpg\"><img loading=\"lazy\" class=\"alignnone size-full wp-image-49629\" alt=\"Hj\u00e4rts\u00e4ker zon\" src=\"http:\/\/www.filindeblogg.nu\/wp-content\/uploads\/2013\/07\/Hj\u00e4rts\u00e4ker-zon.jpg\" width=\"104\" height=\"115\" \/><\/a><\/p>\n<p style=\"text-align: left;\"><a href=\"http:\/\/www.filindeblogg.nu\/wp-content\/uploads\/2013\/07\/Dunkande-hj\u00e4rta.jpg\"><img loading=\"lazy\" class=\"aligncenter size-full wp-image-49630\" alt=\"Dunkande hj\u00e4rta\" src=\"http:\/\/www.filindeblogg.nu\/wp-content\/uploads\/2013\/07\/Dunkande-hj\u00e4rta.jpg\" width=\"124\" height=\"87\" \/><\/a><\/p>\n<p style=\"text-align: left;\"><a href=\"http:\/\/www.filindeblogg.nu\/wp-content\/uploads\/2013\/07\/Broken-heart.jpg\"><img loading=\"lazy\" class=\"alignnone  wp-image-49631\" alt=\"Broken heart\" src=\"http:\/\/www.filindeblogg.nu\/wp-content\/uploads\/2013\/07\/Broken-heart.jpg\" width=\"72\" height=\"68\" \/><\/a>\u00a0Bloggaren som tyv\u00e4rr inte lyckades med sin hj\u00e4rtstartare tr\u00f6star sig med livet.<\/p>\n<p>Njut av dagen<a href=\"http:\/\/www.svd.se\/naringsliv\/branscher\/handel-och-tjanster\/pridefestival-lyft-for-turismen_8380476.svd\" target=\"_blank\">, <\/a>av stunden och var r\u00e4dda om varandra!<\/p>\n<p>Avslutar bloggen med den s\u00e5ng som sj\u00f6ngs p\u00e5 bloggarens br\u00f6llop. En dikt av <strong>Nils Ferlin<\/strong>. F\u00f6rs\u00f6k att leva efter den alla ni som lovar varandra tro och evig k\u00e4rlek.<\/p>\n<p style=\"text-align: left;\"><em> I FOLKVISETON<\/em><\/p>\n<p><em> K\u00e4rleken kommer och k\u00e4rleken g\u00e5r,<\/em><br \/>\n<em> ingen kan tyda dess lagar.<\/em><br \/>\n<em> Men dej vill jag f\u00f6lja i vinter och v\u00e5r<\/em><br \/>\n<em> och alla min levnads dagar.<\/em><br \/>\n<em> Mitt hj\u00e4rta \u00e4r ditt, <\/em><br \/>\n<em> ditt hj\u00e4rta \u00e4r mitt <\/em><br \/>\n<em> och aldrig jag l\u00e4mnar det \u00e5ter. <\/em><br \/>\n<em> Min lycka \u00e4r din, <\/em><br \/>\n<em> din lycka \u00e4r min<\/em><br \/>\n<em> och gr\u00e5ten \u00e4r min n\u00e4r du gr\u00e5ter.<\/em><\/p>\n<p><em> K\u00e4rleken \u00e4r s\u00e5 f\u00f6runderligt stark, <\/em><br \/>\n<em> kuvas av intet i v\u00e4rlden. <\/em><br \/>\n<em> Rosor sl\u00e5r ut ur den h\u00e5rdaste mark<\/em><br \/>\n<em> som sol \u00f6ver m\u00f6rka g\u00e4rden.<\/em><br \/>\n<em> Mitt hj\u00e4rta \u00e4r ditt, <\/em><br \/>\n<em> ditt hj\u00e4rta \u00e4r mitt <\/em><br \/>\n<em> och aldrig jag l\u00e4mnar det \u00e5ter. <\/em><br \/>\n<em> Min lycka \u00e4r din, <\/em><br \/>\n<em> din lycka \u00e4r min<\/em><br \/>\noch gr\u00e5ten \u00e4r min n\u00e4r du gr\u00e5ter.<\/p>\n<p style=\"text-align: center;\"><a href=\"http:\/\/www.filindeblogg.nu\/wp-content\/uploads\/2013\/07\/Kalenderblad12.jpg\"><img loading=\"lazy\" class=\"alignnone  wp-image-49587\" alt=\"Kalenderblad\" src=\"http:\/\/www.filindeblogg.nu\/wp-content\/uploads\/2013\/07\/Kalenderblad12.jpg\" width=\"109\" height=\"79\" \/><\/a><strong>Botvid<\/strong> och <strong>Seved<\/strong> &#8211; <strong>GRATTIS<\/strong> p\u00e5 namnsdagen! <a href=\"http:\/\/www.filindeblogg.nu\/wp-content\/uploads\/2013\/07\/vykort-flicka-Kopia12.jpg\"><img loading=\"lazy\" class=\"alignnone  wp-image-49588\" alt=\"vykort flicka - Kopia\" src=\"http:\/\/www.filindeblogg.nu\/wp-content\/uploads\/2013\/07\/vykort-flicka-Kopia12.jpg\" width=\"47\" height=\"83\" \/><\/a><\/p>\n<p>&nbsp;<\/p>\n","protected":false},"excerpt":{"rendered":"<p>Dagens predikan behandlar \u00e4ktenskap och k\u00e4rlek &#8211; till viss del&#8230; Det b\u00f6rjade s\u00e5 h\u00e4r: Mats\u00e4ck gjordes i ordning. Kall mj\u00f6lk placerades bland isklamparna. Sen bar det iv\u00e4g till Regna i fagra \u00d6stergyllen! F\u00f6rutom att bada, \u00e4ta mats\u00e4ck och plocka b\u00e4r bes\u00f6ktes den vackra Regna kyrka &#8211; bild fr\u00e5n Wikipedia: H\u00e4r ligger bloggarens morfar och mormor [&hellip;]<\/p>\n","protected":false},"author":1,"featured_media":0,"comment_status":"open","ping_status":"open","sticky":false,"template":"","format":"standard","meta":[],"categories":[143,161,100,149,132,141,101],"tags":[],"_links":{"self":[{"href":"http:\/\/www.filindeblogg.nu\/index.php?rest_route=\/wp\/v2\/posts\/49603"}],"collection":[{"href":"http:\/\/www.filindeblogg.nu\/index.php?rest_route=\/wp\/v2\/posts"}],"about":[{"href":"http:\/\/www.filindeblogg.nu\/index.php?rest_route=\/wp\/v2\/types\/post"}],"author":[{"embeddable":true,"href":"http:\/\/www.filindeblogg.nu\/index.php?rest_route=\/wp\/v2\/users\/1"}],"replies":[{"embeddable":true,"href":"http:\/\/www.filindeblogg.nu\/index.php?rest_route=%2Fwp%2Fv2%2Fcomments&post=49603"}],"version-history":[{"count":25,"href":"http:\/\/www.filindeblogg.nu\/index.php?rest_route=\/wp\/v2\/posts\/49603\/revisions"}],"predecessor-version":[{"id":49657,"href":"http:\/\/www.filindeblogg.nu\/index.php?rest_route=\/wp\/v2\/posts\/49603\/revisions\/49657"}],"wp:attachment":[{"href":"http:\/\/www.filindeblogg.nu\/index.php?rest_route=%2Fwp%2Fv2%2Fmedia&parent=49603"}],"wp:term":[{"taxonomy":"category","embeddable":true,"href":"http:\/\/www.filindeblogg.nu\/index.php?rest_route=%2Fwp%2Fv2%2Fcategories&post=49603"},{"taxonomy":"post_tag","embeddable":true,"href":"http:\/\/www.filindeblogg.nu\/index.php?rest_route=%2Fwp%2Fv2%2Ftags&post=49603"}],"curies":[{"name":"wp","href":"https:\/\/api.w.org\/{rel}","templated":true}]}}