{"id":49464,"date":"2013-07-23T07:19:38","date_gmt":"2013-07-23T06:19:38","guid":{"rendered":"http:\/\/www.filindeblogg.nu\/?p=49464"},"modified":"2013-07-23T07:19:38","modified_gmt":"2013-07-23T06:19:38","slug":"namnsdagar-ar-det-nagot-att-fira-och-medlemmarna-i-rockbandet-borta-pa-vinden","status":"publish","type":"post","link":"http:\/\/www.filindeblogg.nu\/?p=49464","title":{"rendered":"Namnsdagar &#8211; \u00e4r det n\u00e5got att fira? Och medlemmarna i rockbandet Borta p\u00e5 vinden!"},"content":{"rendered":"<p><a href=\"http:\/\/www.filindeblogg.nu\/wp-content\/uploads\/2013\/07\/Namnsdagskort.jpg\"><img loading=\"lazy\" class=\"alignnone size-full wp-image-49465\" alt=\"Namnsdagskort\" src=\"http:\/\/www.filindeblogg.nu\/wp-content\/uploads\/2013\/07\/Namnsdagskort.jpg\" width=\"124\" height=\"93\" \/><\/a> Att fira n\u00e5gons namnsdag &#8211; \u00e4r det n\u00e5gonting att pyssla med?<br \/>\nJo, bloggaren tycker s\u00e5 och &#8221;drabbar&#8221; i alla fall sina barn! Ig\u00e5r postades s\u00e5ledes ett vackert kort till dottern.\u00a0<a href=\"http:\/\/www.filindeblogg.nu\/wp-content\/uploads\/2013\/07\/Vit-ros.jpg\"><img loading=\"lazy\" class=\"alignnone size-full wp-image-49466\" alt=\"Vit ros\" src=\"http:\/\/www.filindeblogg.nu\/wp-content\/uploads\/2013\/07\/Vit-ros.jpg\" width=\"99\" height=\"150\" \/><\/a><br \/>\nDet \u00e4r s\u00e5 trevligt n\u00e4r det dyker upp, eller snarare dyker ner, ett vykort i brevl\u00e5dan!<\/p>\n<p>\u00d6ver huvud taget uppskattar bloggaren gratulationer och l\u00e5nga brev &#8221;den vanliga v\u00e4gen&#8221; i dessa mail- och smstider. Det h\u00e4r vykortet damp ner genom brevinkastet h\u00e4r om dagen: <a href=\"http:\/\/www.filindeblogg.nu\/wp-content\/uploads\/2013\/07\/00111.jpg\"><img loading=\"lazy\" class=\"alignnone  wp-image-49467\" alt=\"001\" src=\"http:\/\/www.filindeblogg.nu\/wp-content\/uploads\/2013\/07\/00111-300x225.jpg\" width=\"180\" height=\"135\" srcset=\"http:\/\/www.filindeblogg.nu\/wp-content\/uploads\/2013\/07\/00111-300x225.jpg 300w, http:\/\/www.filindeblogg.nu\/wp-content\/uploads\/2013\/07\/00111.jpg 600w\" sizes=\"(max-width: 180px) 100vw, 180px\" \/><\/a> Vackra vyer fr\u00e5n <strong>Falk\u00e4ngen<\/strong> vid foten av <strong>Kinnekulle<\/strong>. F\u00f6r den ovetande s\u00e5 ligger platsen mellan <strong>Mariestad<\/strong> och <strong>Lidk\u00f6ping<\/strong> med postadress <strong>H\u00e4llekis<\/strong>. L\u00e4s mer om Falk\u00e4ngen med omnejd <a href=\"http:\/\/falkangen.se\/\" target=\"_blank\"><strong>H\u00c4R<\/strong><\/a>!<\/p>\n<p>S\u00e5 kul med ett kort med vyer &#8211; ett vykort! Och med personligt textade kort k\u00e4nner man igen en god v\u00e4ns handstil direkt! <a href=\"http:\/\/www.filindeblogg.nu\/wp-content\/uploads\/2013\/07\/0026.jpg\"><img loading=\"lazy\" class=\"alignnone  wp-image-49468\" alt=\"002\" src=\"http:\/\/www.filindeblogg.nu\/wp-content\/uploads\/2013\/07\/0026-300x225.jpg\" width=\"180\" height=\"135\" srcset=\"http:\/\/www.filindeblogg.nu\/wp-content\/uploads\/2013\/07\/0026-300x225.jpg 300w, http:\/\/www.filindeblogg.nu\/wp-content\/uploads\/2013\/07\/0026.jpg 600w\" sizes=\"(max-width: 180px) 100vw, 180px\" \/><\/a> <strong>Junith!!<\/strong><br \/>\nTack f\u00f6r det min v\u00e4n! \ud83d\ude42<\/p>\n<p><a href=\"http:\/\/www.filindeblogg.nu\/wp-content\/uploads\/2013\/07\/0242.jpg\"><img loading=\"lazy\" class=\"alignnone  wp-image-49469\" alt=\"024\" src=\"http:\/\/www.filindeblogg.nu\/wp-content\/uploads\/2013\/07\/0242-300x225.jpg\" width=\"180\" height=\"135\" srcset=\"http:\/\/www.filindeblogg.nu\/wp-content\/uploads\/2013\/07\/0242-300x225.jpg 300w, http:\/\/www.filindeblogg.nu\/wp-content\/uploads\/2013\/07\/0242.jpg 600w\" sizes=\"(max-width: 180px) 100vw, 180px\" \/><\/a> Fira kan man med f\u00f6rdel g\u00f6ra utomhus just nu! Kanske med kaffe och nybakad sockerkaka! H\u00e4rligt varm och solig juli m\u00e5nad vi har!<\/p>\n<p><a href=\"http:\/\/www.filindeblogg.nu\/wp-content\/uploads\/2013\/07\/Hallon-i-min-hand.jpg\"><img loading=\"lazy\" class=\"alignnone  wp-image-49471\" alt=\"Hallon i min hand\" src=\"http:\/\/www.filindeblogg.nu\/wp-content\/uploads\/2013\/07\/Hallon-i-min-hand-300x225.jpg\" width=\"180\" height=\"135\" srcset=\"http:\/\/www.filindeblogg.nu\/wp-content\/uploads\/2013\/07\/Hallon-i-min-hand-300x225.jpg 300w, http:\/\/www.filindeblogg.nu\/wp-content\/uploads\/2013\/07\/Hallon-i-min-hand.jpg 600w\" sizes=\"(max-width: 180px) 100vw, 180px\" \/><\/a> B\u00e4r finns att plocka ocks\u00e5! Finns det n\u00e5got godare \u00e4n solvarma b\u00e4r? Med lite socker och tjock gr\u00e4dde blir det en uts\u00f6kt efterr\u00e4tt efter grillandet! <a href=\"http:\/\/www.filindeblogg.nu\/wp-content\/uploads\/2013\/07\/Hallon.jpg\"><img loading=\"lazy\" class=\"alignnone  wp-image-49472\" alt=\"Hallon\" src=\"http:\/\/www.filindeblogg.nu\/wp-content\/uploads\/2013\/07\/Hallon-300x225.jpg\" width=\"180\" height=\"135\" srcset=\"http:\/\/www.filindeblogg.nu\/wp-content\/uploads\/2013\/07\/Hallon-300x225.jpg 300w, http:\/\/www.filindeblogg.nu\/wp-content\/uploads\/2013\/07\/Hallon.jpg 600w\" sizes=\"(max-width: 180px) 100vw, 180px\" \/><\/a><\/p>\n<p>Visst \u00e4r det roligt att f\u00e5 gratulationskort och k\u00e4ra brev &#8211; men det finns n\u00e5got som \u00e4r mer v\u00e4rt \u00e4n postade gratulationer via &#8221;snigelposten&#8221; eller n\u00e4tet &#8211; det h\u00e4r:<\/p>\n<p><img loading=\"lazy\" class=\"size-medium wp-image-49470 aligncenter\" alt=\"033\" src=\"http:\/\/www.filindeblogg.nu\/wp-content\/uploads\/2013\/07\/0332-300x190.jpg\" width=\"300\" height=\"190\" srcset=\"http:\/\/www.filindeblogg.nu\/wp-content\/uploads\/2013\/07\/0332-300x190.jpg 300w, http:\/\/www.filindeblogg.nu\/wp-content\/uploads\/2013\/07\/0332.jpg 586w\" sizes=\"(max-width: 300px) 100vw, 300px\" \/><\/p>\n<p style=\"text-align: center;\">Gl\u00f6m aldrig det!<\/p>\n<p style=\"text-align: left;\"><strong>Borta p\u00e5 vinden<\/strong> &#8211; igen! Den gode <strong>Peter Holmstedt<\/strong> har gett bloggaren namnen p\u00e5 medlemmarna i rockbandet fr\u00e5n <strong>Arboga<\/strong>, ett band numera med kultstatus!<\/p>\n<p style=\"text-align: left;\"><img loading=\"lazy\" class=\"size-medium wp-image-49454 aligncenter\" alt=\"Borta p\u00e5 vinden\" src=\"http:\/\/www.filindeblogg.nu\/wp-content\/uploads\/2013\/07\/Borta-p\u00e5-vinden-300x222.jpg\" width=\"300\" height=\"222\" srcset=\"http:\/\/www.filindeblogg.nu\/wp-content\/uploads\/2013\/07\/Borta-p\u00e5-vinden-300x222.jpg 300w, http:\/\/www.filindeblogg.nu\/wp-content\/uploads\/2013\/07\/Borta-p\u00e5-vinden.jpg 604w\" sizes=\"(max-width: 300px) 100vw, 300px\" \/>Medlemmarna \u00e4r\/var: <strong>Eva Eriksson (numera \u00d6berg)<\/strong>, <strong>Anders Larsen<\/strong>, <strong>Jari Paananen<\/strong>,<strong> Per Wassberg<\/strong>, <strong>Peter<\/strong> <strong>Skoglund (numera Wanloo)<\/strong> och <strong>Peter Holmstedt <\/strong>sj\u00e4lv. Tack! \ud83d\ude42<\/p>\n<p style=\"text-align: left;\">\n<p style=\"text-align: center;\"><a href=\"http:\/\/www.filindeblogg.nu\/wp-content\/uploads\/2013\/07\/Kalenderblad21.jpg\"><img loading=\"lazy\" class=\"alignnone  wp-image-49457\" alt=\"Kalenderblad\" src=\"http:\/\/www.filindeblogg.nu\/wp-content\/uploads\/2013\/07\/Kalenderblad21.jpg\" width=\"109\" height=\"79\" \/><\/a><strong>Emma<\/strong> har allts\u00e5 namnsdag idag! <strong>GRATTIS alla Emmor\u00a0 <a href=\"http:\/\/www.filindeblogg.nu\/wp-content\/uploads\/2013\/07\/vykort-flicka-Kopia21.jpg\"><img loading=\"lazy\" class=\"alignnone  wp-image-49458\" alt=\"vykort flicka - Kopia\" src=\"http:\/\/www.filindeblogg.nu\/wp-content\/uploads\/2013\/07\/vykort-flicka-Kopia21.jpg\" width=\"47\" height=\"83\" \/><\/a><br \/>\no<\/strong>ch ett alldeles s\u00e4rskilt GRATTIS till en viss <strong>Emma Lovisa Susanna<\/strong>! <a href=\"http:\/\/www.filindeblogg.nu\/wp-content\/uploads\/2013\/07\/Grattiskort-1.jpg\"><img loading=\"lazy\" class=\"alignnone size-full wp-image-49473\" alt=\"Grattiskort 1\" src=\"http:\/\/www.filindeblogg.nu\/wp-content\/uploads\/2013\/07\/Grattiskort-1.jpg\" width=\"52\" height=\"80\" \/><\/a><\/p>\n<p style=\"text-align: left;\"><a href=\"http:\/\/www.filindeblogg.nu\/wp-content\/uploads\/2013\/07\/Vita-rosor1.jpg\"><img loading=\"lazy\" class=\"size-medium wp-image-49475 aligncenter\" alt=\"Vita rosor\" src=\"http:\/\/www.filindeblogg.nu\/wp-content\/uploads\/2013\/07\/Vita-rosor1-300x188.jpg\" width=\"300\" height=\"188\" srcset=\"http:\/\/www.filindeblogg.nu\/wp-content\/uploads\/2013\/07\/Vita-rosor1-300x188.jpg 300w, http:\/\/www.filindeblogg.nu\/wp-content\/uploads\/2013\/07\/Vita-rosor1.jpg 480w\" sizes=\"(max-width: 300px) 100vw, 300px\" \/><\/a><\/p>\n<p style=\"text-align: left;\">\n<p>&nbsp;<\/p>\n<p>&nbsp;<\/p>\n","protected":false},"excerpt":{"rendered":"<p>Att fira n\u00e5gons namnsdag &#8211; \u00e4r det n\u00e5gonting att pyssla med? Jo, bloggaren tycker s\u00e5 och &#8221;drabbar&#8221; i alla fall sina barn! Ig\u00e5r postades s\u00e5ledes ett vackert kort till dottern.\u00a0 Det \u00e4r s\u00e5 trevligt n\u00e4r det dyker upp, eller snarare dyker ner, ett vykort i brevl\u00e5dan! \u00d6ver huvud taget uppskattar bloggaren gratulationer och l\u00e5nga brev [&hellip;]<\/p>\n","protected":false},"author":1,"featured_media":0,"comment_status":"open","ping_status":"open","sticky":false,"template":"","format":"standard","meta":[],"categories":[127,100,149,101],"tags":[],"_links":{"self":[{"href":"http:\/\/www.filindeblogg.nu\/index.php?rest_route=\/wp\/v2\/posts\/49464"}],"collection":[{"href":"http:\/\/www.filindeblogg.nu\/index.php?rest_route=\/wp\/v2\/posts"}],"about":[{"href":"http:\/\/www.filindeblogg.nu\/index.php?rest_route=\/wp\/v2\/types\/post"}],"author":[{"embeddable":true,"href":"http:\/\/www.filindeblogg.nu\/index.php?rest_route=\/wp\/v2\/users\/1"}],"replies":[{"embeddable":true,"href":"http:\/\/www.filindeblogg.nu\/index.php?rest_route=%2Fwp%2Fv2%2Fcomments&post=49464"}],"version-history":[{"count":9,"href":"http:\/\/www.filindeblogg.nu\/index.php?rest_route=\/wp\/v2\/posts\/49464\/revisions"}],"predecessor-version":[{"id":49484,"href":"http:\/\/www.filindeblogg.nu\/index.php?rest_route=\/wp\/v2\/posts\/49464\/revisions\/49484"}],"wp:attachment":[{"href":"http:\/\/www.filindeblogg.nu\/index.php?rest_route=%2Fwp%2Fv2%2Fmedia&parent=49464"}],"wp:term":[{"taxonomy":"category","embeddable":true,"href":"http:\/\/www.filindeblogg.nu\/index.php?rest_route=%2Fwp%2Fv2%2Fcategories&post=49464"},{"taxonomy":"post_tag","embeddable":true,"href":"http:\/\/www.filindeblogg.nu\/index.php?rest_route=%2Fwp%2Fv2%2Ftags&post=49464"}],"curies":[{"name":"wp","href":"https:\/\/api.w.org\/{rel}","templated":true}]}}