{"id":49450,"date":"2013-07-22T08:21:09","date_gmt":"2013-07-22T07:21:09","guid":{"rendered":"http:\/\/www.filindeblogg.nu\/?p=49450"},"modified":"2013-07-22T08:21:09","modified_gmt":"2013-07-22T07:21:09","slug":"streetrace-och-borta-pa-vinden","status":"publish","type":"post","link":"http:\/\/www.filindeblogg.nu\/?p=49450","title":{"rendered":"Streetrace och Borta p\u00e5 vinden"},"content":{"rendered":"<p><a href=\"http:\/\/www.filindeblogg.nu\/wp-content\/uploads\/2013\/07\/0085.jpg\"><img loading=\"lazy\" class=\"alignnone  wp-image-49451\" alt=\"008\" src=\"http:\/\/www.filindeblogg.nu\/wp-content\/uploads\/2013\/07\/0085-225x300.jpg\" width=\"135\" height=\"180\" srcset=\"http:\/\/www.filindeblogg.nu\/wp-content\/uploads\/2013\/07\/0085-225x300.jpg 225w, http:\/\/www.filindeblogg.nu\/wp-content\/uploads\/2013\/07\/0085.jpg 450w\" sizes=\"(max-width: 135px) 100vw, 135px\" \/><\/a> S\u00e5 h\u00e4r tr\u00f6tt kan man vara en m\u00e5ndagsmorgon \u00e4ven under semestertider, det kan katten <strong>Curry<\/strong> intyga! \ud83d\ude42<\/p>\n<p>Kanske var de tr\u00f6tta, i alla fall omd\u00f6mesl\u00f6sa, de poliser som deltog i streetrace i <strong>Stockholmstrakten<\/strong> i b\u00f6rjan av juli! <a href=\"http:\/\/www.filindeblogg.nu\/wp-content\/uploads\/2013\/07\/Polisen-k\u00f6r-streetrace.jpg\"><img loading=\"lazy\" class=\"alignnone size-medium wp-image-49452\" alt=\"Polisen k\u00f6r streetrace\" src=\"http:\/\/www.filindeblogg.nu\/wp-content\/uploads\/2013\/07\/Polisen-k\u00f6r-streetrace-300x107.jpg\" width=\"300\" height=\"107\" srcset=\"http:\/\/www.filindeblogg.nu\/wp-content\/uploads\/2013\/07\/Polisen-k\u00f6r-streetrace-300x107.jpg 300w, http:\/\/www.filindeblogg.nu\/wp-content\/uploads\/2013\/07\/Polisen-k\u00f6r-streetrace.jpg 485w\" sizes=\"(max-width: 300px) 100vw, 300px\" \/><\/a> Klicka <a href=\"http:\/\/www.aftonbladet.se\/nyheter\/article17170532.ab\" target=\"_blank\"><strong>H\u00c4R<\/strong> <\/a>f\u00f6r att l\u00e4sa mer. D\u00e4r finns ocks\u00e5 en film som visar n\u00e4r polisbilen k\u00f6r race&#8230; (Foto: <strong>Aftonbladet<\/strong>)<\/p>\n<p>D\u00e5 \u00e4r det kanske inte s\u00e5 m\u00e4rkligt att polisen &#8221;inte lyckas stoppa&#8221; galningarna som streetracar i <strong>Arboga<\/strong> nattetid! De deltar kanske sj\u00e4lva!? <a href=\"http:\/\/www.filindeblogg.nu\/wp-content\/uploads\/2013\/07\/Kling-och-Klang.jpg\"><img loading=\"lazy\" class=\"alignnone size-full wp-image-49453\" alt=\"Kling och Klang\" src=\"http:\/\/www.filindeblogg.nu\/wp-content\/uploads\/2013\/07\/Kling-och-Klang.jpg\" width=\"91\" height=\"78\" \/><\/a><\/p>\n<p>H\u00e4r om bloggen skrevs om ett gammalt exemplar av <strong>Arboga Tidning<\/strong>. Nu har<strong> Peter Holmstedt<\/strong>, tidigare Arbogabo, h\u00f6rt av sig med foto av rockbandet som spelade en helg i februari 1981. <a href=\"http:\/\/www.filindeblogg.nu\/wp-content\/uploads\/2013\/07\/Borta-p\u00e5-vinden.jpg\"><img loading=\"lazy\" class=\"alignnone size-medium wp-image-49454\" alt=\"Borta p\u00e5 vinden\" src=\"http:\/\/www.filindeblogg.nu\/wp-content\/uploads\/2013\/07\/Borta-p\u00e5-vinden-300x222.jpg\" width=\"300\" height=\"222\" srcset=\"http:\/\/www.filindeblogg.nu\/wp-content\/uploads\/2013\/07\/Borta-p\u00e5-vinden-300x222.jpg 300w, http:\/\/www.filindeblogg.nu\/wp-content\/uploads\/2013\/07\/Borta-p\u00e5-vinden.jpg 604w\" sizes=\"(max-width: 300px) 100vw, 300px\" \/><\/a> <strong><em>&#8221;Borta p\u00e5 vinden&#8221;<\/em><\/strong>, kallade de sig!<br \/>\nAlla medlemmarnas namn skulle bloggaren ocks\u00e5 vilja ha! F\u00f6rhoppningsvis \u00e5terkommer den gode Holmstedt om det!<\/p>\n<p>H\u00e4r en bild av en singel som bandet gav ut! <a href=\"http:\/\/www.filindeblogg.nu\/wp-content\/uploads\/2013\/07\/bild1.jpg\"><img loading=\"lazy\" class=\"alignnone size-medium wp-image-49455\" alt=\"bild\" src=\"http:\/\/www.filindeblogg.nu\/wp-content\/uploads\/2013\/07\/bild1-178x300.jpg\" width=\"178\" height=\"300\" srcset=\"http:\/\/www.filindeblogg.nu\/wp-content\/uploads\/2013\/07\/bild1-178x300.jpg 178w, http:\/\/www.filindeblogg.nu\/wp-content\/uploads\/2013\/07\/bild1.jpg 416w\" sizes=\"(max-width: 178px) 100vw, 178px\" \/><\/a> Ocks\u00e5 fr\u00e5n n\u00e4mnde Holmstedt! Tackar!<\/p>\n<p>Kortblogg idag som avslutas med ett par killar som \u00e4r v\u00e4l v\u00e4rda en eloge! <a href=\"http:\/\/www.filindeblogg.nu\/wp-content\/uploads\/2013\/07\/0067.jpg\"><img loading=\"lazy\" class=\"alignnone  wp-image-49456\" alt=\"006\" src=\"http:\/\/www.filindeblogg.nu\/wp-content\/uploads\/2013\/07\/0067-225x300.jpg\" width=\"135\" height=\"180\" srcset=\"http:\/\/www.filindeblogg.nu\/wp-content\/uploads\/2013\/07\/0067-225x300.jpg 225w, http:\/\/www.filindeblogg.nu\/wp-content\/uploads\/2013\/07\/0067.jpg 450w\" sizes=\"(max-width: 135px) 100vw, 135px\" \/><\/a> Sotarna fr\u00e5n <strong>Sot- och ventilationstj\u00e4nst i V\u00e4ster\u00e5s!<\/strong> F\u00f6retaget som idag sk\u00f6ter sotnings\u00e4renden f\u00f6r s\u00e5v\u00e4l <strong>V\u00e4ster\u00e5s<\/strong> som <strong>Arboga<\/strong> och<strong> K\u00f6ping<\/strong>.<br \/>\n<em>&#8221; -Ring alltid sotarn om du har problem, sa en av killarna!&#8221;<\/em> \ud83d\ude42<br \/>\nHeder \u00e5t grabbarna som fixade en icke fungerande fl\u00e4kt! Klicka <a href=\"http:\/\/www.sotarn.nu\/\" target=\"_blank\"><strong>H\u00c4R<\/strong><\/a> f\u00f6r att komma till Sot- och ventilationstj\u00e4nst!<br \/>\n(Bloggaren var f\u00f6r blyg f\u00f6r att be om ett foto av killarna, utan fotograferade i smyg&#8230;)<\/p>\n<p style=\"text-align: center;\"><a href=\"http:\/\/www.filindeblogg.nu\/wp-content\/uploads\/2013\/07\/Kalenderblad21.jpg\"><img loading=\"lazy\" class=\"alignnone  wp-image-49457\" alt=\"Kalenderblad\" src=\"http:\/\/www.filindeblogg.nu\/wp-content\/uploads\/2013\/07\/Kalenderblad21.jpg\" width=\"109\" height=\"79\" \/><\/a><strong>Magdalena<\/strong> och <strong>Madeleine<\/strong> har namnsdag! <strong>Grattis! <a href=\"http:\/\/www.filindeblogg.nu\/wp-content\/uploads\/2013\/07\/vykort-flicka-Kopia21.jpg\"><img loading=\"lazy\" class=\"alignnone  wp-image-49458\" alt=\"vykort flicka - Kopia\" src=\"http:\/\/www.filindeblogg.nu\/wp-content\/uploads\/2013\/07\/vykort-flicka-Kopia21.jpg\" width=\"47\" height=\"83\" \/><\/a><\/strong><\/p>\n<p><a href=\"http:\/\/www.filindeblogg.nu\/wp-content\/uploads\/2013\/07\/Chimney-man.jpg\"><img loading=\"lazy\" class=\"aligncenter size-full wp-image-49460\" alt=\"Chimney man\" src=\"http:\/\/www.filindeblogg.nu\/wp-content\/uploads\/2013\/07\/Chimney-man.jpg\" width=\"85\" height=\"111\" \/><\/a><\/p>\n<p>&nbsp;<\/p>\n<p>&nbsp;<\/p>\n<p>&nbsp;<\/p>\n<p>&nbsp;<\/p>\n","protected":false},"excerpt":{"rendered":"<p>S\u00e5 h\u00e4r tr\u00f6tt kan man vara en m\u00e5ndagsmorgon \u00e4ven under semestertider, det kan katten Curry intyga! \ud83d\ude42 Kanske var de tr\u00f6tta, i alla fall omd\u00f6mesl\u00f6sa, de poliser som deltog i streetrace i Stockholmstrakten i b\u00f6rjan av juli! Klicka H\u00c4R f\u00f6r att l\u00e4sa mer. D\u00e4r finns ocks\u00e5 en film som visar n\u00e4r polisbilen k\u00f6r race&#8230; (Foto: [&hellip;]<\/p>\n","protected":false},"author":1,"featured_media":0,"comment_status":"open","ping_status":"open","sticky":false,"template":"","format":"standard","meta":[],"categories":[127,41,100,149,151,101],"tags":[],"_links":{"self":[{"href":"http:\/\/www.filindeblogg.nu\/index.php?rest_route=\/wp\/v2\/posts\/49450"}],"collection":[{"href":"http:\/\/www.filindeblogg.nu\/index.php?rest_route=\/wp\/v2\/posts"}],"about":[{"href":"http:\/\/www.filindeblogg.nu\/index.php?rest_route=\/wp\/v2\/types\/post"}],"author":[{"embeddable":true,"href":"http:\/\/www.filindeblogg.nu\/index.php?rest_route=\/wp\/v2\/users\/1"}],"replies":[{"embeddable":true,"href":"http:\/\/www.filindeblogg.nu\/index.php?rest_route=%2Fwp%2Fv2%2Fcomments&post=49450"}],"version-history":[{"count":4,"href":"http:\/\/www.filindeblogg.nu\/index.php?rest_route=\/wp\/v2\/posts\/49450\/revisions"}],"predecessor-version":[{"id":49463,"href":"http:\/\/www.filindeblogg.nu\/index.php?rest_route=\/wp\/v2\/posts\/49450\/revisions\/49463"}],"wp:attachment":[{"href":"http:\/\/www.filindeblogg.nu\/index.php?rest_route=%2Fwp%2Fv2%2Fmedia&parent=49450"}],"wp:term":[{"taxonomy":"category","embeddable":true,"href":"http:\/\/www.filindeblogg.nu\/index.php?rest_route=%2Fwp%2Fv2%2Fcategories&post=49450"},{"taxonomy":"post_tag","embeddable":true,"href":"http:\/\/www.filindeblogg.nu\/index.php?rest_route=%2Fwp%2Fv2%2Ftags&post=49450"}],"curies":[{"name":"wp","href":"https:\/\/api.w.org\/{rel}","templated":true}]}}