{"id":49251,"date":"2013-07-16T11:27:36","date_gmt":"2013-07-16T10:27:36","guid":{"rendered":"http:\/\/www.filindeblogg.nu\/?p=49251"},"modified":"2013-07-16T11:27:37","modified_gmt":"2013-07-16T10:27:37","slug":"hjartan-pa-trad","status":"publish","type":"post","link":"http:\/\/www.filindeblogg.nu\/?p=49251","title":{"rendered":"Hj\u00e4rtan p\u00e5 tr\u00e5d&#8230;"},"content":{"rendered":"<p><a href=\"http:\/\/www.filindeblogg.nu\/?attachment_id=49252\" rel=\"attachment wp-att-49252\"><img loading=\"lazy\" class=\"alignnone  wp-image-49252\" title=\"026\" src=\"http:\/\/www.filindeblogg.nu\/wp-content\/uploads\/2013\/07\/0262-225x300.jpg\" alt=\"\" width=\"135\" height=\"180\" srcset=\"http:\/\/www.filindeblogg.nu\/wp-content\/uploads\/2013\/07\/0262-225x300.jpg 225w, http:\/\/www.filindeblogg.nu\/wp-content\/uploads\/2013\/07\/0262.jpg 450w\" sizes=\"(max-width: 135px) 100vw, 135px\" \/><\/a> Sen blogg idag &#8211; igen! Men s\u00e5 \u00e4r det ju ocks\u00e5 sommar och semestertider! \ud83d\ude42<\/p>\n<p>Bloggaren ber\u00e4ttade nyss f\u00f6r sin spanske g\u00e4st om den svenska samh\u00e4llssystemet som inneb\u00e4r jobb, jobb och jobb. Vilket i sin tur inneb\u00e4r sjuka, utbr\u00e4nda m\u00e4nniskor &#8211; vilket slutligen inneb\u00e4r en statsminister som hojtar i h\u00f6gan sky om h\u00f6gre pensions\u00e5lder f\u00f6r att f\u00e5 in st\u00e5lar i form av skatt. M a o ett mycket sjukt system!<\/p>\n<p><strong>&#8221;Hj\u00e4rtan p\u00e5 tr\u00e5d<\/strong>&#8221; var \u00e4mnet! <a href=\"http:\/\/www.filindeblogg.nu\/?attachment_id=49253\" rel=\"attachment wp-att-49253\"><img loading=\"lazy\" class=\"alignnone  wp-image-49253\" title=\"035\" src=\"http:\/\/www.filindeblogg.nu\/wp-content\/uploads\/2013\/07\/0353-300x225.jpg\" alt=\"\" width=\"180\" height=\"135\" srcset=\"http:\/\/www.filindeblogg.nu\/wp-content\/uploads\/2013\/07\/0353-300x225.jpg 300w, http:\/\/www.filindeblogg.nu\/wp-content\/uploads\/2013\/07\/0353.jpg 600w\" sizes=\"(max-width: 180px) 100vw, 180px\" \/><\/a>S\u00e5 h\u00e4r kan de se ut! I ett foto fr\u00e5n <a href=\"http:\/\/www.odla.nu\/artiklar\/inne\/krukvaxter\/lyktranka\" target=\"_blank\"><strong>Odla.nu<\/strong> <\/a>ser du hela v\u00e4xten: <a href=\"http:\/\/www.filindeblogg.nu\/?attachment_id=49254\" rel=\"attachment wp-att-49254\"><img loading=\"lazy\" class=\"alignnone size-full wp-image-49254\" title=\"lyktranka-dk\" src=\"http:\/\/www.filindeblogg.nu\/wp-content\/uploads\/2013\/07\/lyktranka-dk.jpg\" alt=\"\" width=\"150\" height=\"216\" \/><\/a> &#8221;Hj\u00e4rtan p\u00e5 tr\u00e5d&#8221; heter egentligen<strong><em> &#8221;Lyktranka&#8221;<\/em><\/strong> och p\u00e5 latin <strong><em>Ceropegia woodii<\/em><\/strong>. Min Lyktranka blommar just nu och har sm\u00e5, v\u00e4ldigt speciella blommor, se h\u00e4r: <a href=\"http:\/\/www.filindeblogg.nu\/?attachment_id=49255\" rel=\"attachment wp-att-49255\"><img loading=\"lazy\" class=\"alignnone size-medium wp-image-49255\" title=\"034\" src=\"http:\/\/www.filindeblogg.nu\/wp-content\/uploads\/2013\/07\/0341-225x300.jpg\" alt=\"\" width=\"225\" height=\"300\" srcset=\"http:\/\/www.filindeblogg.nu\/wp-content\/uploads\/2013\/07\/0341-225x300.jpg 225w, http:\/\/www.filindeblogg.nu\/wp-content\/uploads\/2013\/07\/0341.jpg 450w\" sizes=\"(max-width: 225px) 100vw, 225px\" \/><\/a><\/p>\n<p>Hj\u00e4rtan p\u00e5 tr\u00e5d &#8211; hj\u00e4rtan p\u00e5 en sk\u00f6r tr\u00e5d&#8230;\u00a0<a href=\"http:\/\/www.filindeblogg.nu\/?attachment_id=49257\" rel=\"attachment wp-att-49257\"><img loading=\"lazy\" class=\"alignnone size-full wp-image-49257\" title=\"Ledset hj\u00e4rta\" src=\"http:\/\/www.filindeblogg.nu\/wp-content\/uploads\/2013\/07\/Ledset-hj\u00e4rta1.jpg\" alt=\"\" width=\"130\" height=\"150\" \/><\/a> Bloggaren t\u00e4nker p\u00e5 alla hj\u00e4rtan som h\u00e4nger p\u00e5 en sk\u00f6r tr\u00e5d, p\u00e5 hur kort ett liv kan vara och p\u00e5 \u00e4lskade m\u00e4nniskor som inte l\u00e4ngre finns bland oss.<br \/>\nLivet h\u00e4nger p\u00e5 en sk\u00f6r tr\u00e5d och vi m\u00e5ste ta varje dag tillvara.<\/p>\n<p>En dag \u00e4r stolen tom d\u00e4r en \u00e4lskad pappa satt. En dag vilar han h\u00e4r&#8230; <a href=\"http:\/\/www.filindeblogg.nu\/?attachment_id=49258\" rel=\"attachment wp-att-49258\"><img loading=\"lazy\" class=\"alignnone  wp-image-49258\" title=\"007\" src=\"http:\/\/www.filindeblogg.nu\/wp-content\/uploads\/2013\/07\/007-300x225.jpg\" alt=\"\" width=\"180\" height=\"135\" srcset=\"http:\/\/www.filindeblogg.nu\/wp-content\/uploads\/2013\/07\/007-300x225.jpg 300w, http:\/\/www.filindeblogg.nu\/wp-content\/uploads\/2013\/07\/007.jpg 600w\" sizes=\"(max-width: 180px) 100vw, 180px\" \/><\/a> P\u00e5 en kyrkog\u00e5rd.<\/p>\n<p>Ig\u00e5r bes\u00f6kte bloggaren <strong>pappa G\u00f6tes<\/strong> grav ihop med dottern och den spanske v\u00e4nnen. Det vilar ett s\u00e5dant lugn och en s\u00e5dan frid \u00f6ver <strong>Skogsborgs kyrkog\u00e5rd<\/strong>. Det k\u00e4nns fint.<br \/>\nS\u00e5 gr\u00f6nt, s\u00e5 v\u00e4lansat och v\u00e4lsk\u00f6tt och s\u00e5 fina blommor. <a href=\"http:\/\/www.filindeblogg.nu\/?attachment_id=49259\" rel=\"attachment wp-att-49259\"><img loading=\"lazy\" class=\"alignnone  wp-image-49259\" title=\"008\" src=\"http:\/\/www.filindeblogg.nu\/wp-content\/uploads\/2013\/07\/0083-300x225.jpg\" alt=\"\" width=\"180\" height=\"135\" srcset=\"http:\/\/www.filindeblogg.nu\/wp-content\/uploads\/2013\/07\/0083-300x225.jpg 300w, http:\/\/www.filindeblogg.nu\/wp-content\/uploads\/2013\/07\/0083.jpg 600w\" sizes=\"(max-width: 180px) 100vw, 180px\" \/><\/a><\/p>\n<p>Var r\u00e4dd om dina k\u00e4ra. Det \u00e4r mycket enklare att s\u00e4ga <em>&#8221;- Jag \u00e4lskar dig&#8221;<\/em> och ge en varm kram medan de \u00e4r i livet &#8211; \u00e4n att viska orden till en h\u00e5rd gravsten p\u00e5 en kall grav.<\/p>\n<p>Det g\u00e4ller m\u00e4nniskor du \u00e4lskar men kan ocks\u00e5 g\u00e4lla ett \u00e4lskat husdjur. T\u00e4nker speciellt p\u00e5<strong> Attan<\/strong> idag, en <em>Lagotto Romagnolo<\/em>, och p\u00e5 <strong>Annelie<\/strong> och hennes familj som s\u00f6rjer. <a href=\"http:\/\/www.filindeblogg.nu\/?attachment_id=49260\" rel=\"attachment wp-att-49260\"><img loading=\"lazy\" class=\"alignnone size-full wp-image-49260\" title=\"Attan \u00e4r d\u00f6d  16 juli 2013\" src=\"http:\/\/www.filindeblogg.nu\/wp-content\/uploads\/2013\/07\/Attan-\u00e4r-d\u00f6d-16-juli-2013.jpg\" alt=\"\" width=\"108\" height=\"144\" \/><\/a><\/p>\n<p><img loading=\"lazy\" class=\"aligncenter size-full wp-image-49261\" title=\"LoriChan's heart hug\" src=\"http:\/\/www.filindeblogg.nu\/wp-content\/uploads\/2013\/07\/LoriChans-heart-hug.jpg\" alt=\"\" width=\"113\" height=\"150\" \/><\/p>\n<p><a href=\"http:\/\/www.filindeblogg.nu\/?attachment_id=49262\" rel=\"attachment wp-att-49262\"><img loading=\"lazy\" class=\"alignnone  wp-image-49262\" title=\"023\" src=\"http:\/\/www.filindeblogg.nu\/wp-content\/uploads\/2013\/07\/0233-225x300.jpg\" alt=\"\" width=\"135\" height=\"180\" srcset=\"http:\/\/www.filindeblogg.nu\/wp-content\/uploads\/2013\/07\/0233-225x300.jpg 225w, http:\/\/www.filindeblogg.nu\/wp-content\/uploads\/2013\/07\/0233.jpg 450w\" sizes=\"(max-width: 135px) 100vw, 135px\" \/><\/a> Var r\u00e4dda om era k\u00e4resta medan tid \u00e4r&#8230;<br \/>\nBloggaren kramar sin familj ofta varje dag och det g\u00e4ller \u00e4ven de fyrbenta i familjen. H\u00e4r en vild <strong>Wilma<\/strong> nyss vaken &#8211; strax redo f\u00f6r en kram.<\/p>\n<p><a href=\"http:\/\/www.filindeblogg.nu\/?attachment_id=49263\" rel=\"attachment wp-att-49263\"><img loading=\"lazy\" class=\"wp-image-49263 aligncenter\" title=\"037\" src=\"http:\/\/www.filindeblogg.nu\/wp-content\/uploads\/2013\/07\/0372-300x225.jpg\" alt=\"\" width=\"180\" height=\"135\" srcset=\"http:\/\/www.filindeblogg.nu\/wp-content\/uploads\/2013\/07\/0372-300x225.jpg 300w, http:\/\/www.filindeblogg.nu\/wp-content\/uploads\/2013\/07\/0372.jpg 600w\" sizes=\"(max-width: 180px) 100vw, 180px\" \/><\/a><\/p>\n<p><a href=\"http:\/\/www.filindeblogg.nu\/?attachment_id=49264\" rel=\"attachment wp-att-49264\"><img loading=\"lazy\" class=\"alignnone  wp-image-49264\" title=\"Kalenderblad\" src=\"http:\/\/www.filindeblogg.nu\/wp-content\/uploads\/2013\/07\/Kalenderblad15.jpg\" alt=\"\" width=\"109\" height=\"79\" \/><\/a><strong>Grattis Reinhold och Reine p\u00e5 namnsdagen!<\/strong> <a href=\"http:\/\/www.filindeblogg.nu\/?attachment_id=49265\" rel=\"attachment wp-att-49265\"><img loading=\"lazy\" class=\"alignnone  wp-image-49265\" title=\"vykort flicka - Kopia\" src=\"http:\/\/www.filindeblogg.nu\/wp-content\/uploads\/2013\/07\/vykort-flicka-Kopia15.jpg\" alt=\"\" width=\"47\" height=\"83\" \/><\/a><\/p>\n<p><a href=\"http:\/\/www.filindeblogg.nu\/?attachment_id=49266\" rel=\"attachment wp-att-49266\"><img loading=\"lazy\" class=\"aligncenter size-medium wp-image-49266\" title=\"018\" src=\"http:\/\/www.filindeblogg.nu\/wp-content\/uploads\/2013\/07\/0184-300x225.jpg\" alt=\"\" width=\"300\" height=\"225\" srcset=\"http:\/\/www.filindeblogg.nu\/wp-content\/uploads\/2013\/07\/0184-300x225.jpg 300w, http:\/\/www.filindeblogg.nu\/wp-content\/uploads\/2013\/07\/0184.jpg 600w\" sizes=\"(max-width: 300px) 100vw, 300px\" \/><\/a><\/p>\n<p>&nbsp;<\/p>\n","protected":false},"excerpt":{"rendered":"<p>Sen blogg idag &#8211; igen! Men s\u00e5 \u00e4r det ju ocks\u00e5 sommar och semestertider! \ud83d\ude42 Bloggaren ber\u00e4ttade nyss f\u00f6r sin spanske g\u00e4st om den svenska samh\u00e4llssystemet som inneb\u00e4r jobb, jobb och jobb. Vilket i sin tur inneb\u00e4r sjuka, utbr\u00e4nda m\u00e4nniskor &#8211; vilket slutligen inneb\u00e4r en statsminister som hojtar i h\u00f6gan sky om h\u00f6gre pensions\u00e5lder f\u00f6r [&hellip;]<\/p>\n","protected":false},"author":1,"featured_media":0,"comment_status":"open","ping_status":"open","sticky":false,"template":"","format":"standard","meta":[],"categories":[41,161,100,149,101],"tags":[],"_links":{"self":[{"href":"http:\/\/www.filindeblogg.nu\/index.php?rest_route=\/wp\/v2\/posts\/49251"}],"collection":[{"href":"http:\/\/www.filindeblogg.nu\/index.php?rest_route=\/wp\/v2\/posts"}],"about":[{"href":"http:\/\/www.filindeblogg.nu\/index.php?rest_route=\/wp\/v2\/types\/post"}],"author":[{"embeddable":true,"href":"http:\/\/www.filindeblogg.nu\/index.php?rest_route=\/wp\/v2\/users\/1"}],"replies":[{"embeddable":true,"href":"http:\/\/www.filindeblogg.nu\/index.php?rest_route=%2Fwp%2Fv2%2Fcomments&post=49251"}],"version-history":[{"count":20,"href":"http:\/\/www.filindeblogg.nu\/index.php?rest_route=\/wp\/v2\/posts\/49251\/revisions"}],"predecessor-version":[{"id":49286,"href":"http:\/\/www.filindeblogg.nu\/index.php?rest_route=\/wp\/v2\/posts\/49251\/revisions\/49286"}],"wp:attachment":[{"href":"http:\/\/www.filindeblogg.nu\/index.php?rest_route=%2Fwp%2Fv2%2Fmedia&parent=49251"}],"wp:term":[{"taxonomy":"category","embeddable":true,"href":"http:\/\/www.filindeblogg.nu\/index.php?rest_route=%2Fwp%2Fv2%2Fcategories&post=49251"},{"taxonomy":"post_tag","embeddable":true,"href":"http:\/\/www.filindeblogg.nu\/index.php?rest_route=%2Fwp%2Fv2%2Ftags&post=49251"}],"curies":[{"name":"wp","href":"https:\/\/api.w.org\/{rel}","templated":true}]}}