{"id":49207,"date":"2013-07-15T08:12:48","date_gmt":"2013-07-15T07:12:48","guid":{"rendered":"http:\/\/www.filindeblogg.nu\/?p=49207"},"modified":"2013-07-15T08:12:48","modified_gmt":"2013-07-15T07:12:48","slug":"en-liten-notis-ett-stort-drama","status":"publish","type":"post","link":"http:\/\/www.filindeblogg.nu\/?p=49207","title":{"rendered":"En liten notis &#8211; ett stort drama"},"content":{"rendered":"<p><a href=\"http:\/\/www.filindeblogg.nu\/?attachment_id=49208\" rel=\"attachment wp-att-49208\"><img loading=\"lazy\" class=\"alignnone size-full wp-image-49208\" title=\"Nyhetsrubriker\" src=\"http:\/\/www.filindeblogg.nu\/wp-content\/uploads\/2013\/07\/Nyhetsrubriker.jpg\" alt=\"\" width=\"136\" height=\"111\" \/><\/a> Har ni t\u00e4nkt p\u00e5 alla dessa tidningsrubriker. Hur de med stor, fet stil f\u00e5r mest uppm\u00e4rksamhet. De rubriker som avsl\u00f6jar d\u00f6d och f\u00f6rintelse, v\u00e5ldsamheter och grova brott.<br \/>\nOch hur en liten notis \u00e4nd\u00e5 kan betyda s\u00e5 fruktansv\u00e4rt mycket f\u00f6r den som drabbats.<\/p>\n<p>Bloggaren t\u00e4nker p\u00e5 en r\u00e4tt liten nyhetsnotis p\u00e5 lokala n\u00e4tsidor. Om en olycka d\u00e4r familjen tvingades fly ut p\u00e5 balkongen. Om en diskmaskin som b\u00f6rjat brinna.<br \/>\nDet var n\u00e4stan s\u00e5 det hela fick ett lite l\u00f6jets skimmer \u00f6ver sig. Var det ett sk\u00e4mt? Varf\u00f6r fly ut p\u00e5 balkongen? Kan verkligen en diskmaskin b\u00f6rja brinna och hur farligt \u00e4r det??<\/p>\n<p>Se sj\u00e4lva! <a href=\"http:\/\/www.filindeblogg.nu\/?attachment_id=49209\" rel=\"attachment wp-att-49209\"><img loading=\"lazy\" class=\"alignnone size-medium wp-image-49209\" title=\"026\" src=\"http:\/\/www.filindeblogg.nu\/wp-content\/uploads\/2013\/07\/0261-225x300.jpg\" alt=\"\" width=\"225\" height=\"300\" srcset=\"http:\/\/www.filindeblogg.nu\/wp-content\/uploads\/2013\/07\/0261-225x300.jpg 225w, http:\/\/www.filindeblogg.nu\/wp-content\/uploads\/2013\/07\/0261.jpg 450w\" sizes=\"(max-width: 225px) 100vw, 225px\" \/><\/a> L\u00e4s<a href=\"http:\/\/bblat.se\/nyheter\/kungsor\/1.2144396-familjen-hade-anglavakt-efter-rasande-lagenhetsbrand\" target=\"_blank\"><strong> B\u00e4rgslagsbladet\/Arboga Tidning<\/strong> <\/a>om den hemska olycka som drabbade familjen i <strong>Kungs\u00f6r<\/strong> och som gjorde dem heml\u00f6sa. Hur r\u00f6k och eld fr\u00e5n n\u00e5got s\u00e5 trivialt som en k\u00f6ksmaskin kan f\u00f6rst\u00f6ra ett tryggt, k\u00e4rt hem och utpl\u00e5na tillh\u00f6righeter och minnen.<\/p>\n<p>Fruktansv\u00e4rt tragiskt och en h\u00e4ndelse som b\u00f6r v\u00e4cka empati men \u00e4ven tankar p\u00e5 att skydda sig sj\u00e4lv och andra. En rubrik och en h\u00e4ndelse mer \u00e4n v\u00e4l v\u00e4rd att notera p\u00e5 olika vis!<br \/>\nEn h\u00e4ndelse som borde f\u00e5 stora rubriker och som nu har f\u00e5tt s\u00e5 via bl.a. <a href=\"http:\/\/bblat.se\/\" target=\"_blank\"><strong>Bbl\/AT<\/strong><\/a>.<\/p>\n<p>Andra nyheter som h\u00e4cklas. Den som fick \u00e4ven de stora tidningsdrakarna att haka p\u00e5. Mannen som fick ormar dumpade \u00f6ver sig vid en fisketur. Klicka <a href=\"http:\/\/bblat.se\/nyheter\/koping\/1.2141906-har-soker-polisen-levande-giftormar-i-hedstrommen\" target=\"_blank\"><strong>H\u00c4R<\/strong><\/a>. <a href=\"http:\/\/www.filindeblogg.nu\/?attachment_id=49210\" rel=\"attachment wp-att-49210\"><img loading=\"lazy\" class=\"alignnone  wp-image-49210\" title=\"Foto Aftonbladet\" src=\"http:\/\/www.filindeblogg.nu\/wp-content\/uploads\/2013\/07\/Foto-Aftonbladet-300x199.jpg\" alt=\"\" width=\"180\" height=\"119\" srcset=\"http:\/\/www.filindeblogg.nu\/wp-content\/uploads\/2013\/07\/Foto-Aftonbladet-300x199.jpg 300w, http:\/\/www.filindeblogg.nu\/wp-content\/uploads\/2013\/07\/Foto-Aftonbladet.jpg 485w\" sizes=\"(max-width: 180px) 100vw, 180px\" \/><\/a> (Foto: <a href=\"http:\/\/www.aftonbladet.se\/nyheter\/article17118906.ab\" target=\"_blank\"><strong>Aftonbladet<\/strong><\/a>)<\/p>\n<p>Idag f\u00e5r han f\u00f6rsvara sig i lokaltidningen! <a href=\"http:\/\/www.filindeblogg.nu\/?attachment_id=49211\" rel=\"attachment wp-att-49211\"><img loading=\"lazy\" class=\"alignnone  wp-image-49211\" title=\"028\" src=\"http:\/\/www.filindeblogg.nu\/wp-content\/uploads\/2013\/07\/0282-300x225.jpg\" alt=\"\" width=\"180\" height=\"135\" srcset=\"http:\/\/www.filindeblogg.nu\/wp-content\/uploads\/2013\/07\/0282-300x225.jpg 300w, http:\/\/www.filindeblogg.nu\/wp-content\/uploads\/2013\/07\/0282.jpg 600w\" sizes=\"(max-width: 180px) 100vw, 180px\" \/><\/a> <em>&#8221;Jag vet vad jag har sett&#8221;<\/em>.<br \/>\nN\u00e5gon tycker det l\u00e5ter osannolikt, en annan f\u00f6resl\u00e5r att mannen drogtestas(!).<\/p>\n<p>Men varf\u00f6r skulle han hitta p\u00e5 n\u00e5got s\u00e5dant? Av vilken anledning skulle n\u00e5gon fantisera ihop en historia om en massa ormar och f\u00e5 uppm\u00e4rksamhet till och med i kv\u00e4llspressen?<br \/>\nVi vet, eller borde veta, att det finns folk till allt &#8211; och att djur \u00e4r v\u00e4rda noll och nada i vissa m\u00e4nniskors \u00f6gon! <strong>Jonas Wahlstr\u00f6m<\/strong>, djurexpert jobbandes p\u00e5<strong> Skansen<\/strong>, har ocks\u00e5 ber\u00e4ttat att ormar \u00e4r den nya tidens &#8221;sommarkatter&#8221; &#8211; dvs. dumpas n\u00e4r de inte \u00e4r kul l\u00e4ngre.<\/p>\n<p>Sk\u00e4rpning vid l\u00e4sandet av nyheter allts\u00e5! Det lilla kan vara det stora och det stora \u00e4r ibland v\u00e5ldsamt \u00f6verdrivet. Och d\u00f6m inte n\u00e5gon oh\u00f6rd!<\/p>\n<p>\u00d6ver till n\u00e5got helt annat.<\/p>\n<p>H\u00e4r om dagen n\u00e4r bloggaren l\u00e5g och latade sig p\u00e5 gr\u00e4smattan blev hon p\u00e5mind om stress och press. <a href=\"http:\/\/www.filindeblogg.nu\/?attachment_id=49212\" rel=\"attachment wp-att-49212\"><img loading=\"lazy\" class=\"alignnone  wp-image-49212\" title=\"006\" src=\"http:\/\/www.filindeblogg.nu\/wp-content\/uploads\/2013\/07\/0065-300x225.jpg\" alt=\"\" width=\"180\" height=\"135\" srcset=\"http:\/\/www.filindeblogg.nu\/wp-content\/uploads\/2013\/07\/0065-300x225.jpg 300w, http:\/\/www.filindeblogg.nu\/wp-content\/uploads\/2013\/07\/0065.jpg 600w\" sizes=\"(max-width: 180px) 100vw, 180px\" \/><\/a> Sv\u00e5r att uppt\u00e4cka &#8211; men den lilla myran b\u00e4r en st\u00f6rre artfr\u00e4nde upp och ner \u00f6ver b\u00f6ljande gr\u00e4smatta, f\u00f6rbi enorma hinder men str\u00e4var \u00e4nd\u00e5 fram\u00e5t mot m\u00e5let. Vilket slit! Vilket enormt arbete! Bloggaren funderar \u00f6ver om myror kan bli utbr\u00e4nda?<\/p>\n<p><a href=\"http:\/\/www.filindeblogg.nu\/?attachment_id=49213\" rel=\"attachment wp-att-49213\"><img loading=\"lazy\" class=\"alignnone  wp-image-49213\" title=\"004\" src=\"http:\/\/www.filindeblogg.nu\/wp-content\/uploads\/2013\/07\/0046-225x300.jpg\" alt=\"\" width=\"135\" height=\"180\" srcset=\"http:\/\/www.filindeblogg.nu\/wp-content\/uploads\/2013\/07\/0046-225x300.jpg 225w, http:\/\/www.filindeblogg.nu\/wp-content\/uploads\/2013\/07\/0046.jpg 450w\" sizes=\"(max-width: 135px) 100vw, 135px\" \/><\/a> En som inte blir utbr\u00e4nd \u00e4r <strong>Bosse!<\/strong> Bosse, musiker och filosof, sitter sk\u00f6nt tillbakalutad p\u00e5 g\u00e5rden och skriver musik! Visst ser det h\u00e4rligt ut! <a href=\"http:\/\/www.filindeblogg.nu\/?attachment_id=49214\" rel=\"attachment wp-att-49214\"><img loading=\"lazy\" class=\"alignnone size-medium wp-image-49214\" title=\"003\" src=\"http:\/\/www.filindeblogg.nu\/wp-content\/uploads\/2013\/07\/0032-225x300.jpg\" alt=\"\" width=\"225\" height=\"300\" srcset=\"http:\/\/www.filindeblogg.nu\/wp-content\/uploads\/2013\/07\/0032-225x300.jpg 225w, http:\/\/www.filindeblogg.nu\/wp-content\/uploads\/2013\/07\/0032.jpg 450w\" sizes=\"(max-width: 225px) 100vw, 225px\" \/><\/a><\/p>\n<p><a href=\"http:\/\/www.filindeblogg.nu\/?attachment_id=49215\" rel=\"attachment wp-att-49215\"><img loading=\"lazy\" class=\"alignnone  wp-image-49215\" title=\"015\" src=\"http:\/\/www.filindeblogg.nu\/wp-content\/uploads\/2013\/07\/0154-300x225.jpg\" alt=\"\" width=\"180\" height=\"135\" srcset=\"http:\/\/www.filindeblogg.nu\/wp-content\/uploads\/2013\/07\/0154-300x225.jpg 300w, http:\/\/www.filindeblogg.nu\/wp-content\/uploads\/2013\/07\/0154.jpg 600w\" sizes=\"(max-width: 180px) 100vw, 180px\" \/><\/a> Solsken idag igen! Njut som Bosse och som <strong>Vilda Wilma<\/strong>!\u00a0 <a href=\"http:\/\/www.filindeblogg.nu\/?attachment_id=49216\" rel=\"attachment wp-att-49216\"><img loading=\"lazy\" class=\"alignnone  wp-image-49216\" title=\"010\" src=\"http:\/\/www.filindeblogg.nu\/wp-content\/uploads\/2013\/07\/0101-300x247.jpg\" alt=\"\" width=\"180\" height=\"148\" srcset=\"http:\/\/www.filindeblogg.nu\/wp-content\/uploads\/2013\/07\/0101-300x247.jpg 300w, http:\/\/www.filindeblogg.nu\/wp-content\/uploads\/2013\/07\/0101.jpg 545w\" sizes=\"(max-width: 180px) 100vw, 180px\" \/><\/a> Bloggaren gillar ocks\u00e5 sol men helst inte i alltf\u00f6r stora proportioner. L\u00e5ngvarig hetta \u00e4r inte kul. Men, d\u00e5 kan man ju unna sig lite kv\u00e4llsmys i form av svalka fr\u00e5n en kall \u00f6l! <a href=\"http:\/\/www.filindeblogg.nu\/?attachment_id=49217\" rel=\"attachment wp-att-49217\"><img loading=\"lazy\" class=\"alignnone size-medium wp-image-49217\" title=\"020\" src=\"http:\/\/www.filindeblogg.nu\/wp-content\/uploads\/2013\/07\/0202-225x300.jpg\" alt=\"\" width=\"225\" height=\"300\" srcset=\"http:\/\/www.filindeblogg.nu\/wp-content\/uploads\/2013\/07\/0202-225x300.jpg 225w, http:\/\/www.filindeblogg.nu\/wp-content\/uploads\/2013\/07\/0202.jpg 450w\" sizes=\"(max-width: 225px) 100vw, 225px\" \/><\/a> \ud83d\ude00<\/p>\n<p><a href=\"http:\/\/www.filindeblogg.nu\/?attachment_id=49218\" rel=\"attachment wp-att-49218\"><img loading=\"lazy\" class=\"alignnone  wp-image-49218\" title=\"Kalenderblad\" src=\"http:\/\/www.filindeblogg.nu\/wp-content\/uploads\/2013\/07\/Kalenderblad14.jpg\" alt=\"\" width=\"109\" height=\"79\" \/><\/a><strong>Ragnhild<\/strong> och <strong>Ragnvald<\/strong> gratuleras p\u00e5 namnsdagen! <a href=\"http:\/\/www.filindeblogg.nu\/?attachment_id=49219\" rel=\"attachment wp-att-49219\"><img loading=\"lazy\" class=\"alignnone  wp-image-49219\" title=\"vykort flicka - Kopia\" src=\"http:\/\/www.filindeblogg.nu\/wp-content\/uploads\/2013\/07\/vykort-flicka-Kopia14.jpg\" alt=\"\" width=\"47\" height=\"83\" \/><\/a><\/p>\n<p><a href=\"http:\/\/www.filindeblogg.nu\/?attachment_id=49220\" rel=\"attachment wp-att-49220\"><img loading=\"lazy\" class=\"aligncenter size-medium wp-image-49220\" title=\"023\" src=\"http:\/\/www.filindeblogg.nu\/wp-content\/uploads\/2013\/07\/0232-300x225.jpg\" alt=\"\" width=\"300\" height=\"225\" srcset=\"http:\/\/www.filindeblogg.nu\/wp-content\/uploads\/2013\/07\/0232-300x225.jpg 300w, http:\/\/www.filindeblogg.nu\/wp-content\/uploads\/2013\/07\/0232.jpg 600w\" sizes=\"(max-width: 300px) 100vw, 300px\" \/><\/a><\/p>\n<p>&nbsp;<\/p>\n","protected":false},"excerpt":{"rendered":"<p>Har ni t\u00e4nkt p\u00e5 alla dessa tidningsrubriker. Hur de med stor, fet stil f\u00e5r mest uppm\u00e4rksamhet. De rubriker som avsl\u00f6jar d\u00f6d och f\u00f6rintelse, v\u00e5ldsamheter och grova brott. Och hur en liten notis \u00e4nd\u00e5 kan betyda s\u00e5 fruktansv\u00e4rt mycket f\u00f6r den som drabbats. Bloggaren t\u00e4nker p\u00e5 en r\u00e4tt liten nyhetsnotis p\u00e5 lokala n\u00e4tsidor. Om en olycka [&hellip;]<\/p>\n","protected":false},"author":1,"featured_media":0,"comment_status":"open","ping_status":"open","sticky":false,"template":"","format":"standard","meta":[],"categories":[41,100,149,160,101,134,133],"tags":[],"_links":{"self":[{"href":"http:\/\/www.filindeblogg.nu\/index.php?rest_route=\/wp\/v2\/posts\/49207"}],"collection":[{"href":"http:\/\/www.filindeblogg.nu\/index.php?rest_route=\/wp\/v2\/posts"}],"about":[{"href":"http:\/\/www.filindeblogg.nu\/index.php?rest_route=\/wp\/v2\/types\/post"}],"author":[{"embeddable":true,"href":"http:\/\/www.filindeblogg.nu\/index.php?rest_route=\/wp\/v2\/users\/1"}],"replies":[{"embeddable":true,"href":"http:\/\/www.filindeblogg.nu\/index.php?rest_route=%2Fwp%2Fv2%2Fcomments&post=49207"}],"version-history":[{"count":30,"href":"http:\/\/www.filindeblogg.nu\/index.php?rest_route=\/wp\/v2\/posts\/49207\/revisions"}],"predecessor-version":[{"id":49250,"href":"http:\/\/www.filindeblogg.nu\/index.php?rest_route=\/wp\/v2\/posts\/49207\/revisions\/49250"}],"wp:attachment":[{"href":"http:\/\/www.filindeblogg.nu\/index.php?rest_route=%2Fwp%2Fv2%2Fmedia&parent=49207"}],"wp:term":[{"taxonomy":"category","embeddable":true,"href":"http:\/\/www.filindeblogg.nu\/index.php?rest_route=%2Fwp%2Fv2%2Fcategories&post=49207"},{"taxonomy":"post_tag","embeddable":true,"href":"http:\/\/www.filindeblogg.nu\/index.php?rest_route=%2Fwp%2Fv2%2Ftags&post=49207"}],"curies":[{"name":"wp","href":"https:\/\/api.w.org\/{rel}","templated":true}]}}