{"id":48490,"date":"2013-06-29T06:25:11","date_gmt":"2013-06-29T05:25:11","guid":{"rendered":"http:\/\/www.filindeblogg.nu\/?p=48490"},"modified":"2013-06-29T06:25:27","modified_gmt":"2013-06-29T05:25:27","slug":"middag-i-bersan-med-ordsnokar","status":"publish","type":"post","link":"http:\/\/www.filindeblogg.nu\/?p=48490","title":{"rendered":"Middag i bers\u00e5n med ordsnokar"},"content":{"rendered":"<p><a href=\"http:\/\/www.filindeblogg.nu\/?attachment_id=48491\" rel=\"attachment wp-att-48491\"><img loading=\"lazy\" class=\"alignnone  wp-image-48491\" title=\"Hortensia\" src=\"http:\/\/www.filindeblogg.nu\/wp-content\/uploads\/2013\/06\/Hortensia-300x225.jpg\" alt=\"\" width=\"180\" height=\"135\" srcset=\"http:\/\/www.filindeblogg.nu\/wp-content\/uploads\/2013\/06\/Hortensia-300x225.jpg 300w, http:\/\/www.filindeblogg.nu\/wp-content\/uploads\/2013\/06\/Hortensia.jpg 600w\" sizes=\"(max-width: 180px) 100vw, 180px\" \/><\/a> F\u00f6rst en av mina favoriter just nu &#8211; kl\u00e4tterhortensian!<\/p>\n<p>En fantastisk vacker v\u00e4xt som dessutom doftar svagt, fr\u00e4scht gott! <a href=\"http:\/\/www.filindeblogg.nu\/?attachment_id=48492\" rel=\"attachment wp-att-48492\"><img loading=\"lazy\" class=\"alignnone  wp-image-48492\" title=\"Kl\u00e4tterhortensia kl\u00e4ttrar p\u00e5 v\u00e5rt hus\" src=\"http:\/\/www.filindeblogg.nu\/wp-content\/uploads\/2013\/06\/Kl\u00e4tterhortensia-kl\u00e4ttrar-p\u00e5-v\u00e5rt-hus-248x300.jpg\" alt=\"\" width=\"149\" height=\"180\" srcset=\"http:\/\/www.filindeblogg.nu\/wp-content\/uploads\/2013\/06\/Kl\u00e4tterhortensia-kl\u00e4ttrar-p\u00e5-v\u00e5rt-hus-248x300.jpg 248w, http:\/\/www.filindeblogg.nu\/wp-content\/uploads\/2013\/06\/Kl\u00e4tterhortensia-kl\u00e4ttrar-p\u00e5-v\u00e5rt-hus.jpg 437w\" sizes=\"(max-width: 149px) 100vw, 149px\" \/><\/a> Lika vacker p\u00e5 h\u00f6sten med sina fr\u00f6korgar.<br \/>\nKl\u00e4ttrar g\u00e4rna h\u00f6gt och l\u00e5gt. Dessutom inte alls sv\u00e5r. Rekommenderas!<\/p>\n<p><a href=\"http:\/\/www.filindeblogg.nu\/?attachment_id=48493\" rel=\"attachment wp-att-48493\"><img loading=\"lazy\" class=\"alignnone  wp-image-48493\" title=\"010\" src=\"http:\/\/www.filindeblogg.nu\/wp-content\/uploads\/2013\/06\/0102-225x300.jpg\" alt=\"\" width=\"135\" height=\"180\" srcset=\"http:\/\/www.filindeblogg.nu\/wp-content\/uploads\/2013\/06\/0102-225x300.jpg 225w, http:\/\/www.filindeblogg.nu\/wp-content\/uploads\/2013\/06\/0102.jpg 450w\" sizes=\"(max-width: 135px) 100vw, 135px\" \/><\/a> Visst \u00e4r sommarkv\u00e4llarna ljuvliga om man, som h\u00e4r, kan duka ute!<\/p>\n<p>F\u00e4rsk potatis och makrill! <a href=\"http:\/\/www.filindeblogg.nu\/?attachment_id=48494\" rel=\"attachment wp-att-48494\"><img loading=\"lazy\" class=\"alignnone  wp-image-48494\" title=\"Jakob i bers\u00e5n\" src=\"http:\/\/www.filindeblogg.nu\/wp-content\/uploads\/2013\/06\/Jakob-i-bers\u00e5n-225x300.jpg\" alt=\"\" width=\"135\" height=\"180\" srcset=\"http:\/\/www.filindeblogg.nu\/wp-content\/uploads\/2013\/06\/Jakob-i-bers\u00e5n-225x300.jpg 225w, http:\/\/www.filindeblogg.nu\/wp-content\/uploads\/2013\/06\/Jakob-i-bers\u00e5n.jpg 308w\" sizes=\"(max-width: 135px) 100vw, 135px\" \/><\/a><br \/>\nBloggaren tog &#8221;en lille&#8221; till det! <a href=\"http:\/\/www.filindeblogg.nu\/?attachment_id=48495\" rel=\"attachment wp-att-48495\"><img loading=\"lazy\" class=\"alignnone  wp-image-48495\" title=\"012\" src=\"http:\/\/www.filindeblogg.nu\/wp-content\/uploads\/2013\/06\/0124-225x300.jpg\" alt=\"\" width=\"135\" height=\"180\" srcset=\"http:\/\/www.filindeblogg.nu\/wp-content\/uploads\/2013\/06\/0124-225x300.jpg 225w, http:\/\/www.filindeblogg.nu\/wp-content\/uploads\/2013\/06\/0124.jpg 450w\" sizes=\"(max-width: 135px) 100vw, 135px\" \/><\/a> Sort p\u00e5 snapsen?<br \/>\nDen h\u00e4r f\u00f6rst\u00e5s: <a href=\"http:\/\/www.filindeblogg.nu\/?attachment_id=48496\" rel=\"attachment wp-att-48496\"><img loading=\"lazy\" class=\"alignnone size-full wp-image-48496\" title=\"Linie Aquavit\" src=\"http:\/\/www.filindeblogg.nu\/wp-content\/uploads\/2013\/06\/Linie-Aquavit.jpg\" alt=\"\" width=\"101\" height=\"289\" \/><\/a><\/p>\n<p><strong>Vilda Wilma<\/strong> var mindre vild och nj\u00f6t p\u00e5 sitt vis under middagen ute. <a href=\"http:\/\/www.filindeblogg.nu\/?attachment_id=48497\" rel=\"attachment wp-att-48497\"><img loading=\"lazy\" class=\"alignnone  wp-image-48497\" title=\"013\" src=\"http:\/\/www.filindeblogg.nu\/wp-content\/uploads\/2013\/06\/0134-300x225.jpg\" alt=\"\" width=\"180\" height=\"135\" srcset=\"http:\/\/www.filindeblogg.nu\/wp-content\/uploads\/2013\/06\/0134-300x225.jpg 300w, http:\/\/www.filindeblogg.nu\/wp-content\/uploads\/2013\/06\/0134.jpg 600w\" sizes=\"(max-width: 180px) 100vw, 180px\" \/><\/a> Kanske var det humlen intill som gjorde henne s\u00e5 s\u00f6mnig. Det var definitivt inte snapsen! \ud83d\ude09 <a href=\"http:\/\/www.filindeblogg.nu\/?attachment_id=48498\" rel=\"attachment wp-att-48498\"><img loading=\"lazy\" class=\"alignnone size-medium wp-image-48498\" title=\"014\" src=\"http:\/\/www.filindeblogg.nu\/wp-content\/uploads\/2013\/06\/0145-300x225.jpg\" alt=\"\" width=\"300\" height=\"225\" srcset=\"http:\/\/www.filindeblogg.nu\/wp-content\/uploads\/2013\/06\/0145-300x225.jpg 300w, http:\/\/www.filindeblogg.nu\/wp-content\/uploads\/2013\/06\/0145.jpg 600w\" sizes=\"(max-width: 300px) 100vw, 300px\" \/><\/a> Zzzzz&#8230;.<\/p>\n<p>P\u00e5 tal om mat och s\u00e5dant &#8211; <a href=\"http:\/\/www.filindeblogg.nu\/?attachment_id=48499\" rel=\"attachment wp-att-48499\"><img loading=\"lazy\" class=\"alignnone  wp-image-48499\" title=\"019\" src=\"http:\/\/www.filindeblogg.nu\/wp-content\/uploads\/2013\/06\/0196-225x300.jpg\" alt=\"\" width=\"135\" height=\"180\" srcset=\"http:\/\/www.filindeblogg.nu\/wp-content\/uploads\/2013\/06\/0196-225x300.jpg 225w, http:\/\/www.filindeblogg.nu\/wp-content\/uploads\/2013\/06\/0196.jpg 450w\" sizes=\"(max-width: 135px) 100vw, 135px\" \/><\/a> P\u00e5 baksidan av paketet med 3 dl ekologisk gr\u00e4dde fanns det h\u00e4r: <a href=\"http:\/\/www.filindeblogg.nu\/?attachment_id=48500\" rel=\"attachment wp-att-48500\"><img loading=\"lazy\" class=\"alignnone  wp-image-48500\" title=\"Eko\" src=\"http:\/\/www.filindeblogg.nu\/wp-content\/uploads\/2013\/06\/Eko-225x300.jpg\" alt=\"\" width=\"135\" height=\"180\" srcset=\"http:\/\/www.filindeblogg.nu\/wp-content\/uploads\/2013\/06\/Eko-225x300.jpg 225w, http:\/\/www.filindeblogg.nu\/wp-content\/uploads\/2013\/06\/Eko.jpg 450w\" sizes=\"(max-width: 135px) 100vw, 135px\" \/><\/a> Det handlar om &#8221;klimatkompensation&#8221; och det var inte det bloggaren studsade \u00f6ver, utan rubriken: <a href=\"http:\/\/www.filindeblogg.nu\/?attachment_id=48501\" rel=\"attachment wp-att-48501\"><img loading=\"lazy\" class=\"alignnone size-medium wp-image-48501\" title=\"Eko Arla Vadd\u00e5\" src=\"http:\/\/www.filindeblogg.nu\/wp-content\/uploads\/2013\/06\/Eko-Arla-Vadd\u00e5-300x225.jpg\" alt=\"\" width=\"300\" height=\"225\" srcset=\"http:\/\/www.filindeblogg.nu\/wp-content\/uploads\/2013\/06\/Eko-Arla-Vadd\u00e5-300x225.jpg 300w, http:\/\/www.filindeblogg.nu\/wp-content\/uploads\/2013\/06\/Eko-Arla-Vadd\u00e5.jpg 600w\" sizes=\"(max-width: 300px) 100vw, 300px\" \/><\/a> <strong><em>&#8221;Vadd\u00e5&#8221;<\/em><\/strong> &#8211; vad \u00e4r det f\u00f6r ord??<br \/>\nBloggaren gillar inte s\u00e5dant! Hur l\u00e4r sig barn stava om l\u00e4rdomarna p\u00e5 gr\u00e4dd- och mj\u00f6lkpaketen ser ut s\u00e5 h\u00e4r. <a href=\"http:\/\/www.filindeblogg.nu\/?attachment_id=48502\" rel=\"attachment wp-att-48502\"><img loading=\"lazy\" class=\"alignnone size-full wp-image-48502\" title=\"Arg l\u00e4rare\" src=\"http:\/\/www.filindeblogg.nu\/wp-content\/uploads\/2013\/06\/Arg-l\u00e4rare.jpg\" alt=\"\" width=\"118\" height=\"118\" \/><\/a><\/p>\n<p style=\"text-align: center;\">Njut sommaren!<\/p>\n<p style=\"text-align: center;\"><a href=\"http:\/\/www.filindeblogg.nu\/?attachment_id=48505\" rel=\"attachment wp-att-48505\"><img loading=\"lazy\" class=\"aligncenter size-medium wp-image-48505\" title=\"017\" src=\"http:\/\/www.filindeblogg.nu\/wp-content\/uploads\/2013\/06\/0173-300x225.jpg\" alt=\"\" width=\"300\" height=\"225\" srcset=\"http:\/\/www.filindeblogg.nu\/wp-content\/uploads\/2013\/06\/0173-300x225.jpg 300w, http:\/\/www.filindeblogg.nu\/wp-content\/uploads\/2013\/06\/0173.jpg 600w\" sizes=\"(max-width: 300px) 100vw, 300px\" \/><\/a><\/p>\n<p style=\"text-align: center;\"><a href=\"http:\/\/www.filindeblogg.nu\/?attachment_id=48503\" rel=\"attachment wp-att-48503\"><img loading=\"lazy\" class=\"alignnone  wp-image-48503\" title=\"Kalenderblad\" src=\"http:\/\/www.filindeblogg.nu\/wp-content\/uploads\/2013\/06\/Kalenderblad26.jpg\" alt=\"\" width=\"109\" height=\"79\" \/><\/a><strong>Peter<\/strong> och <strong>Petra<\/strong> har namnsdag. <strong>Grattis!<\/strong> <a href=\"http:\/\/www.filindeblogg.nu\/?attachment_id=48504\" rel=\"attachment wp-att-48504\"><img loading=\"lazy\" class=\"alignnone  wp-image-48504\" title=\"vykort flicka - Kopia\" src=\"http:\/\/www.filindeblogg.nu\/wp-content\/uploads\/2013\/06\/vykort-flicka-Kopia27.jpg\" alt=\"\" width=\"47\" height=\"83\" \/><\/a><\/p>\n","protected":false},"excerpt":{"rendered":"<p>F\u00f6rst en av mina favoriter just nu &#8211; kl\u00e4tterhortensian! En fantastisk vacker v\u00e4xt som dessutom doftar svagt, fr\u00e4scht gott! Lika vacker p\u00e5 h\u00f6sten med sina fr\u00f6korgar. Kl\u00e4ttrar g\u00e4rna h\u00f6gt och l\u00e5gt. Dessutom inte alls sv\u00e5r. Rekommenderas! Visst \u00e4r sommarkv\u00e4llarna ljuvliga om man, som h\u00e4r, kan duka ute! F\u00e4rsk potatis och makrill! Bloggaren tog &#8221;en lille&#8221; [&hellip;]<\/p>\n","protected":false},"author":1,"featured_media":0,"comment_status":"open","ping_status":"open","sticky":false,"template":"","format":"standard","meta":[],"categories":[41,100,158,149,132,110,101],"tags":[],"_links":{"self":[{"href":"http:\/\/www.filindeblogg.nu\/index.php?rest_route=\/wp\/v2\/posts\/48490"}],"collection":[{"href":"http:\/\/www.filindeblogg.nu\/index.php?rest_route=\/wp\/v2\/posts"}],"about":[{"href":"http:\/\/www.filindeblogg.nu\/index.php?rest_route=\/wp\/v2\/types\/post"}],"author":[{"embeddable":true,"href":"http:\/\/www.filindeblogg.nu\/index.php?rest_route=\/wp\/v2\/users\/1"}],"replies":[{"embeddable":true,"href":"http:\/\/www.filindeblogg.nu\/index.php?rest_route=%2Fwp%2Fv2%2Fcomments&post=48490"}],"version-history":[{"count":18,"href":"http:\/\/www.filindeblogg.nu\/index.php?rest_route=\/wp\/v2\/posts\/48490\/revisions"}],"predecessor-version":[{"id":48523,"href":"http:\/\/www.filindeblogg.nu\/index.php?rest_route=\/wp\/v2\/posts\/48490\/revisions\/48523"}],"wp:attachment":[{"href":"http:\/\/www.filindeblogg.nu\/index.php?rest_route=%2Fwp%2Fv2%2Fmedia&parent=48490"}],"wp:term":[{"taxonomy":"category","embeddable":true,"href":"http:\/\/www.filindeblogg.nu\/index.php?rest_route=%2Fwp%2Fv2%2Fcategories&post=48490"},{"taxonomy":"post_tag","embeddable":true,"href":"http:\/\/www.filindeblogg.nu\/index.php?rest_route=%2Fwp%2Fv2%2Ftags&post=48490"}],"curies":[{"name":"wp","href":"https:\/\/api.w.org\/{rel}","templated":true}]}}