{"id":48351,"date":"2013-06-25T07:54:08","date_gmt":"2013-06-25T06:54:08","guid":{"rendered":"http:\/\/www.filindeblogg.nu\/?p=48351"},"modified":"2013-06-25T07:54:08","modified_gmt":"2013-06-25T06:54:08","slug":"kvallsstunden-och-den-pa-morgonen-plus-hal-i-gatan-jamstalldhet-och-carola","status":"publish","type":"post","link":"http:\/\/www.filindeblogg.nu\/?p=48351","title":{"rendered":"Kv\u00e4llsstunden &#8211; och den p\u00e5 morgonen! Plus h\u00e5l i gatan, j\u00e4mst\u00e4lldhet och Carola!"},"content":{"rendered":"<p><a href=\"http:\/\/www.filindeblogg.nu\/?attachment_id=48354\" rel=\"attachment wp-att-48354\"><img loading=\"lazy\" class=\"alignnone  wp-image-48354\" title=\"018\" src=\"http:\/\/www.filindeblogg.nu\/wp-content\/uploads\/2013\/06\/018-203x300.jpg\" alt=\"\" width=\"122\" height=\"180\" srcset=\"http:\/\/www.filindeblogg.nu\/wp-content\/uploads\/2013\/06\/018-203x300.jpg 203w, http:\/\/www.filindeblogg.nu\/wp-content\/uploads\/2013\/06\/018.jpg 407w\" sizes=\"(max-width: 122px) 100vw, 122px\" \/><\/a> Hemma hos mamma hittar jag emellan\u00e5t den h\u00e4r tidningen &#8211; Kv\u00e4llsstunden. <em>&#8221;- Den fanns hemma n\u00e4r jag var liten&#8221;<\/em>, s\u00e4ger mamma, <em>&#8221;och G\u00f6te tyckte om att l\u00e4sa den&#8221;<\/em>.<br \/>\nJag har aldrig brytt mig om den, tyckt den verkade trist och gammalmodig men gjorde ett f\u00f6rs\u00f6k h\u00e4r om kv\u00e4llen. Jag blev glatt \u00f6verraskad!<br \/>\nH\u00e4r \u00e4r en del av det jag fann: <a href=\"http:\/\/www.filindeblogg.nu\/?attachment_id=48353\" rel=\"attachment wp-att-48353\"><img loading=\"lazy\" class=\"alignnone  wp-image-48353\" title=\"013\" src=\"http:\/\/www.filindeblogg.nu\/wp-content\/uploads\/2013\/06\/0133-300x225.jpg\" alt=\"\" width=\"180\" height=\"135\" srcset=\"http:\/\/www.filindeblogg.nu\/wp-content\/uploads\/2013\/06\/0133-300x225.jpg 300w, http:\/\/www.filindeblogg.nu\/wp-content\/uploads\/2013\/06\/0133.jpg 600w\" sizes=\"(max-width: 180px) 100vw, 180px\" \/><\/a> <strong>Nora-Anna<\/strong> som f\u00f6ll p\u00e5 d\u00e5tidens diskriminerande kvinnosyn!<\/p>\n<p><a href=\"http:\/\/www.filindeblogg.nu\/?attachment_id=48355\" rel=\"attachment wp-att-48355\"><img loading=\"lazy\" class=\"alignnone  wp-image-48355\" title=\"nora-anna\" src=\"http:\/\/www.filindeblogg.nu\/wp-content\/uploads\/2013\/06\/nora-anna-209x300.jpg\" alt=\"\" width=\"125\" height=\"180\" srcset=\"http:\/\/www.filindeblogg.nu\/wp-content\/uploads\/2013\/06\/nora-anna-209x300.jpg 209w, http:\/\/www.filindeblogg.nu\/wp-content\/uploads\/2013\/06\/nora-anna.jpg 578w\" sizes=\"(max-width: 125px) 100vw, 125px\" \/><\/a>S\u00e5 h\u00e4r l\u00e4ser jag p\u00e5 Internet om Nora-Anna, citat: <em><strong>\u201dNora-Anna\u201d Larsson\u00a0 (2\/1 1922-14\/6 2003) <\/strong>Bonddottern Anna Larssons\u00a0 l\u00f6partalang uppt\u00e4cktes av en slump. Den kvinnliga l\u00f6pningens Gunder H\u00e4gg\u00a0 inledde karri\u00e4ren med att vinna SM-guld och satte \u00e5ren 1944-45 fyra v\u00e4rldsrekord p\u00e5 medeldistans, tre p\u00e5 800 meter och ett p\u00e5 880 yard.\u00a0\u00a0 <a href=\"http:\/\/www.filindeblogg.nu\/?attachment_id=48356\" rel=\"attachment wp-att-48356\"><img loading=\"lazy\" class=\"alignnone  wp-image-48356\" title=\"Nora Anna f\u00e5r pris\" src=\"http:\/\/www.filindeblogg.nu\/wp-content\/uploads\/2013\/06\/Nora-Anna-f\u00e5r-pris-223x300.jpg\" alt=\"\" width=\"134\" height=\"180\" srcset=\"http:\/\/www.filindeblogg.nu\/wp-content\/uploads\/2013\/06\/Nora-Anna-f\u00e5r-pris-223x300.jpg 223w, http:\/\/www.filindeblogg.nu\/wp-content\/uploads\/2013\/06\/Nora-Anna-f\u00e5r-pris-763x1024.jpg 763w, http:\/\/www.filindeblogg.nu\/wp-content\/uploads\/2013\/06\/Nora-Anna-f\u00e5r-pris.jpg 1550w\" sizes=\"(max-width: 134px) 100vw, 134px\" \/><\/a>Under sin sju \u00e5r l\u00e5nga\u00a0 l\u00f6parkarri\u00e4r f\u00f6rlorade hon inte en enda t\u00e4vling.\u00a0 Anna Larsson, som t\u00e4vlade f\u00f6r\u00a0 IFK Nora, tog sju raka SM-guld p\u00e5\u00a0 800 meter och er\u00f6vrade ocks\u00e5 ett DM\u00a0 p\u00e5 skidor 10 km. Vann inga internationella medaljer, d\u00e5 800 meter ans\u00e5gs vara f\u00f6r l\u00e5ngt f\u00f6r kvinnor!&#8221;<\/em><\/p>\n<p>I Kv\u00e4llsstunden l\u00e4ser jag att Annas pappa aldrig gillade att hon &#8221;halvnaken sprang och visade upp sig&#8221;. N\u00e4r hon gift sig 1947 best\u00e4mde maken att nu fick det vara slut &#8211; och fick f\u00f6rst\u00e5s medh\u00e5ll av sv\u00e4rfar, Annas pappa \ud83d\ude41 <a href=\"http:\/\/www.filindeblogg.nu\/?attachment_id=48357\" rel=\"attachment wp-att-48357\"><img loading=\"lazy\" class=\"alignnone size-medium wp-image-48357\" title=\"HOF-29-Nora-Anna-vit-Ram-320x440\" src=\"http:\/\/www.filindeblogg.nu\/wp-content\/uploads\/2013\/06\/HOF-29-Nora-Anna-vit-Ram-320x440-218x300.png\" alt=\"\" width=\"218\" height=\"300\" srcset=\"http:\/\/www.filindeblogg.nu\/wp-content\/uploads\/2013\/06\/HOF-29-Nora-Anna-vit-Ram-320x440-218x300.png 218w, http:\/\/www.filindeblogg.nu\/wp-content\/uploads\/2013\/06\/HOF-29-Nora-Anna-vit-Ram-320x440.png 320w\" sizes=\"(max-width: 218px) 100vw, 218px\" \/><\/a><br \/>\nTur att j\u00e4mst\u00e4lldheten idag har kommit en bit l\u00e4ngre &#8211; i alla fall i det h\u00e4r landet&#8230; Men se upp! Sl\u00e5 er inte till ro! Det lurar rosa muffins och &#8221;hemmafruideal&#8221; i faggorna!<\/p>\n<p style=\"text-align: center;\"><a href=\"http:\/\/www.filindeblogg.nu\/?attachment_id=48361\" rel=\"attachment wp-att-48361\"><img loading=\"lazy\" class=\"alignnone  wp-image-48361\" title=\"Pissed of woman\" src=\"http:\/\/www.filindeblogg.nu\/wp-content\/uploads\/2013\/06\/Pissed-of-woman.jpg\" alt=\"\" width=\"135\" height=\"135\" srcset=\"http:\/\/www.filindeblogg.nu\/wp-content\/uploads\/2013\/06\/Pissed-of-woman.jpg 225w, http:\/\/www.filindeblogg.nu\/wp-content\/uploads\/2013\/06\/Pissed-of-woman-150x150.jpg 150w\" sizes=\"(max-width: 135px) 100vw, 135px\" \/><\/a> <a href=\"http:\/\/www.filindeblogg.nu\/?attachment_id=48362\" rel=\"attachment wp-att-48362\"><img loading=\"lazy\" class=\"alignnone  wp-image-48362\" title=\"kvinnokamp\" src=\"http:\/\/www.filindeblogg.nu\/wp-content\/uploads\/2013\/06\/kvinnokamp.jpg\" alt=\"\" width=\"149\" height=\"165\" \/><\/a><\/p>\n<p>L\u00e4s p\u00e5 Wikipedia om Nora-Anna <a href=\"http:\/\/sv.wikipedia.org\/wiki\/Anna_Larsson_%28friidrottare%29\" target=\"_blank\"><strong>H\u00c4R!<\/strong><\/a><\/p>\n<p>P\u00e5 torsdag ska jag ber\u00e4tta mer om vad jag fann i Kv\u00e4llsstunden! <a href=\"http:\/\/www.filindeblogg.nu\/?attachment_id=48358\" rel=\"attachment wp-att-48358\"><img loading=\"lazy\" class=\"alignnone  wp-image-48358\" title=\"017\" src=\"http:\/\/www.filindeblogg.nu\/wp-content\/uploads\/2013\/06\/0171-185x300.jpg\" alt=\"\" width=\"111\" height=\"180\" srcset=\"http:\/\/www.filindeblogg.nu\/wp-content\/uploads\/2013\/06\/0171-185x300.jpg 185w, http:\/\/www.filindeblogg.nu\/wp-content\/uploads\/2013\/06\/0171.jpg 371w\" sizes=\"(max-width: 111px) 100vw, 111px\" \/><\/a><br \/>\nVad den h\u00e4r statyn har med den lilla byn<strong> Magra<\/strong> i <strong>V\u00e4sterg\u00f6tland<\/strong> och <strong>Walt Disney<\/strong> i<strong> USA<\/strong> att g\u00f6ra!<\/p>\n<p>L\u00e4s mera om och ur Kv\u00e4llsstunden genom att klicka <a href=\"http:\/\/www.kvallsstunden.se\/\" target=\"_blank\"><strong>H\u00c4R<\/strong><\/a>!<\/p>\n<p>Kv\u00e4llstunder har v\u00e4l sitt &#8211; men morgonstund har guld i mund, s\u00e4ger ordspr\u00e5ket!\u00a0<a href=\"http:\/\/www.filindeblogg.nu\/?attachment_id=48359\" rel=\"attachment wp-att-48359\"><img loading=\"lazy\" class=\"alignnone  wp-image-48359\" title=\"079\" src=\"http:\/\/www.filindeblogg.nu\/wp-content\/uploads\/2013\/06\/079-225x300.jpg\" alt=\"\" width=\"135\" height=\"180\" srcset=\"http:\/\/www.filindeblogg.nu\/wp-content\/uploads\/2013\/06\/079-225x300.jpg 225w, http:\/\/www.filindeblogg.nu\/wp-content\/uploads\/2013\/06\/079.jpg 450w\" sizes=\"(max-width: 135px) 100vw, 135px\" \/><\/a><br \/>\nH\u00e5ller med! S\u00e4rskilt n\u00e4r morgonstunden bjuder en s\u00e5 h\u00e4r intagande idyll! <a href=\"http:\/\/www.filindeblogg.nu\/?attachment_id=48360\" rel=\"attachment wp-att-48360\"><img loading=\"lazy\" class=\"alignnone  wp-image-48360\" title=\"085\" src=\"http:\/\/www.filindeblogg.nu\/wp-content\/uploads\/2013\/06\/0853-225x300.jpg\" alt=\"\" width=\"135\" height=\"180\" srcset=\"http:\/\/www.filindeblogg.nu\/wp-content\/uploads\/2013\/06\/0853-225x300.jpg 225w, http:\/\/www.filindeblogg.nu\/wp-content\/uploads\/2013\/06\/0853.jpg 450w\" sizes=\"(max-width: 135px) 100vw, 135px\" \/><\/a><\/p>\n<p>Intagande \u00e4r knappast bilresor till och fr\u00e5n barndomshemmet&#8230; <a href=\"http:\/\/www.filindeblogg.nu\/?attachment_id=48363\" rel=\"attachment wp-att-48363\"><img loading=\"lazy\" class=\"alignnone  wp-image-48363\" title=\"021\" src=\"http:\/\/www.filindeblogg.nu\/wp-content\/uploads\/2013\/06\/0213-300x225.jpg\" alt=\"\" width=\"180\" height=\"135\" srcset=\"http:\/\/www.filindeblogg.nu\/wp-content\/uploads\/2013\/06\/0213-300x225.jpg 300w, http:\/\/www.filindeblogg.nu\/wp-content\/uploads\/2013\/06\/0213.jpg 600w\" sizes=\"(max-width: 180px) 100vw, 180px\" \/><\/a> P\u00e5 v\u00e4g dit &#8211; k\u00f6!<\/p>\n<p>P\u00e5 v\u00e4g d\u00e4rifr\u00e5n &#8211; k\u00f6! <a href=\"http:\/\/www.filindeblogg.nu\/?attachment_id=48364\" rel=\"attachment wp-att-48364\"><img loading=\"lazy\" class=\"alignnone  wp-image-48364\" title=\"001\" src=\"http:\/\/www.filindeblogg.nu\/wp-content\/uploads\/2013\/06\/0017-300x225.jpg\" alt=\"\" width=\"180\" height=\"135\" srcset=\"http:\/\/www.filindeblogg.nu\/wp-content\/uploads\/2013\/06\/0017-300x225.jpg 300w, http:\/\/www.filindeblogg.nu\/wp-content\/uploads\/2013\/06\/0017.jpg 600w\" sizes=\"(max-width: 180px) 100vw, 180px\" \/><\/a> V\u00e4ntan p\u00e5 bilar som dirigeras hit och dit. <a href=\"http:\/\/www.filindeblogg.nu\/?attachment_id=48365\" rel=\"attachment wp-att-48365\"><img loading=\"lazy\" class=\"alignnone  wp-image-48365\" title=\"003\" src=\"http:\/\/www.filindeblogg.nu\/wp-content\/uploads\/2013\/06\/0031-300x225.jpg\" alt=\"\" width=\"180\" height=\"135\" srcset=\"http:\/\/www.filindeblogg.nu\/wp-content\/uploads\/2013\/06\/0031-300x225.jpg 300w, http:\/\/www.filindeblogg.nu\/wp-content\/uploads\/2013\/06\/0031.jpg 600w\" sizes=\"(max-width: 180px) 100vw, 180px\" \/><\/a><\/p>\n<p>L\u00e5ngt, l\u00e5ngt borta p\u00e5 <strong>Herrg\u00e5rdsgatan<\/strong> syns den andra vakten som ska sl\u00e4ppa p\u00e5 bilar. <a href=\"http:\/\/www.filindeblogg.nu\/?attachment_id=48366\" rel=\"attachment wp-att-48366\"><img loading=\"lazy\" class=\"alignnone  wp-image-48366\" title=\"006\" src=\"http:\/\/www.filindeblogg.nu\/wp-content\/uploads\/2013\/06\/0064-300x225.jpg\" alt=\"\" width=\"180\" height=\"135\" srcset=\"http:\/\/www.filindeblogg.nu\/wp-content\/uploads\/2013\/06\/0064-300x225.jpg 300w, http:\/\/www.filindeblogg.nu\/wp-content\/uploads\/2013\/06\/0064.jpg 600w\" sizes=\"(max-width: 180px) 100vw, 180px\" \/><\/a> Gatan blir nyasfalterad och fin men bloggaren undrar om just den h\u00e4r gatan var den som mest tarvade underh\u00e5ll? <strong>Borgaregatan<\/strong> \u00e4r bedr\u00f6vlig men \u00e4n v\u00e4rre \u00e4r <strong>R\u00e5dhusgatan<\/strong>! Det finns s\u00e4kert m\u00e5nga fler exempel p\u00e5 gator med s k potth\u00e5l i <strong>Arboga.<\/strong><br \/>\nMen det kanske blir fint \u00f6ver hela stan, vad vet bloggaren? Kanske till och med h\u00e5let i lilla <strong>Sturegatan<\/strong> blir lagat!?<\/p>\n<p>Men nu njuter vi av morgonstunden f\u00f6r att ikv\u00e4ll ta itu med kv\u00e4llsstunden! \ud83d\ude42<\/p>\n<p><a href=\"http:\/\/www.filindeblogg.nu\/?attachment_id=48368\" rel=\"attachment wp-att-48368\"><img loading=\"lazy\" class=\"aligncenter size-medium wp-image-48368\" title=\"012\" src=\"http:\/\/www.filindeblogg.nu\/wp-content\/uploads\/2013\/06\/0123-300x225.jpg\" alt=\"\" width=\"300\" height=\"225\" srcset=\"http:\/\/www.filindeblogg.nu\/wp-content\/uploads\/2013\/06\/0123-300x225.jpg 300w, http:\/\/www.filindeblogg.nu\/wp-content\/uploads\/2013\/06\/0123.jpg 600w\" sizes=\"(max-width: 300px) 100vw, 300px\" \/><\/a><\/p>\n<p style=\"text-align: left;\"><a href=\"http:\/\/www.filindeblogg.nu\/?attachment_id=48367\" rel=\"attachment wp-att-48367\"><img loading=\"lazy\" class=\"alignnone  wp-image-48367\" title=\"Kalenderblad\" src=\"http:\/\/www.filindeblogg.nu\/wp-content\/uploads\/2013\/06\/Kalenderblad22.jpg\" alt=\"\" width=\"109\" height=\"79\" \/><\/a><strong>David<\/strong> och <strong>Salomon<\/strong> har namnsdag idag! <strong>Grattis!<\/strong> <a href=\"http:\/\/www.filindeblogg.nu\/?attachment_id=48369\" rel=\"attachment wp-att-48369\"><img loading=\"lazy\" class=\"alignnone  wp-image-48369\" title=\"vykort flicka - Kopia\" src=\"http:\/\/www.filindeblogg.nu\/wp-content\/uploads\/2013\/06\/vykort-flicka-Kopia23.jpg\" alt=\"\" width=\"47\" height=\"83\" \/><\/a><br \/>\n<strong>Grattis<\/strong> ocks\u00e5 till min k\u00e4ra v\u00e4n <strong>Carola i Skellefte\u00e5<\/strong> som fyller 50 \u00e5r idag! Precis som Nora-Anna var Carola en stor stj\u00e4rna n\u00e4r det begav sig! Dock hade Carola en klart supportande familj kring sig till skillnad fr\u00e5n Anna. Carola tillh\u00f6rde landslaget i handboll en g\u00e5ng.<\/p>\n<p style=\"text-align: center;\">\n<a href=\"http:\/\/www.filindeblogg.nu\/?attachment_id=48370\" rel=\"attachment wp-att-48370\"><img loading=\"lazy\" class=\"wp-image-48370 aligncenter\" title=\"Carola 50\" src=\"http:\/\/www.filindeblogg.nu\/wp-content\/uploads\/2013\/06\/Carola-50-300x300.jpg\" alt=\"\" width=\"180\" height=\"180\" srcset=\"http:\/\/www.filindeblogg.nu\/wp-content\/uploads\/2013\/06\/Carola-50-300x300.jpg 300w, http:\/\/www.filindeblogg.nu\/wp-content\/uploads\/2013\/06\/Carola-50-150x150.jpg 150w, http:\/\/www.filindeblogg.nu\/wp-content\/uploads\/2013\/06\/Carola-50.jpg 343w\" sizes=\"(max-width: 180px) 100vw, 180px\" \/><\/a>Ha en j\u00e4ttefin f\u00f6delsedag Carola!<\/p>\n<p style=\"text-align: center;\">\n<p>&nbsp;<\/p>\n<p>&nbsp;<\/p>\n","protected":false},"excerpt":{"rendered":"<p>Hemma hos mamma hittar jag emellan\u00e5t den h\u00e4r tidningen &#8211; Kv\u00e4llsstunden. &#8221;- Den fanns hemma n\u00e4r jag var liten&#8221;, s\u00e4ger mamma, &#8221;och G\u00f6te tyckte om att l\u00e4sa den&#8221;. Jag har aldrig brytt mig om den, tyckt den verkade trist och gammalmodig men gjorde ett f\u00f6rs\u00f6k h\u00e4r om kv\u00e4llen. Jag blev glatt \u00f6verraskad! H\u00e4r \u00e4r en [&hellip;]<\/p>\n","protected":false},"author":1,"featured_media":0,"comment_status":"open","ping_status":"open","sticky":false,"template":"","format":"standard","meta":[],"categories":[127,121,100,149,132,148,101],"tags":[],"_links":{"self":[{"href":"http:\/\/www.filindeblogg.nu\/index.php?rest_route=\/wp\/v2\/posts\/48351"}],"collection":[{"href":"http:\/\/www.filindeblogg.nu\/index.php?rest_route=\/wp\/v2\/posts"}],"about":[{"href":"http:\/\/www.filindeblogg.nu\/index.php?rest_route=\/wp\/v2\/types\/post"}],"author":[{"embeddable":true,"href":"http:\/\/www.filindeblogg.nu\/index.php?rest_route=\/wp\/v2\/users\/1"}],"replies":[{"embeddable":true,"href":"http:\/\/www.filindeblogg.nu\/index.php?rest_route=%2Fwp%2Fv2%2Fcomments&post=48351"}],"version-history":[{"count":24,"href":"http:\/\/www.filindeblogg.nu\/index.php?rest_route=\/wp\/v2\/posts\/48351\/revisions"}],"predecessor-version":[{"id":48394,"href":"http:\/\/www.filindeblogg.nu\/index.php?rest_route=\/wp\/v2\/posts\/48351\/revisions\/48394"}],"wp:attachment":[{"href":"http:\/\/www.filindeblogg.nu\/index.php?rest_route=%2Fwp%2Fv2%2Fmedia&parent=48351"}],"wp:term":[{"taxonomy":"category","embeddable":true,"href":"http:\/\/www.filindeblogg.nu\/index.php?rest_route=%2Fwp%2Fv2%2Fcategories&post=48351"},{"taxonomy":"post_tag","embeddable":true,"href":"http:\/\/www.filindeblogg.nu\/index.php?rest_route=%2Fwp%2Fv2%2Ftags&post=48351"}],"curies":[{"name":"wp","href":"https:\/\/api.w.org\/{rel}","templated":true}]}}