{"id":48242,"date":"2013-06-22T08:31:34","date_gmt":"2013-06-22T07:31:34","guid":{"rendered":"http:\/\/www.filindeblogg.nu\/?p=48242"},"modified":"2013-06-22T08:31:34","modified_gmt":"2013-06-22T07:31:34","slug":"lugna-puckar-pa-midsommardagen","status":"publish","type":"post","link":"http:\/\/www.filindeblogg.nu\/?p=48242","title":{"rendered":"Lugna puckar p\u00e5 midsommardagen"},"content":{"rendered":"<p><a href=\"http:\/\/www.filindeblogg.nu\/?attachment_id=48243\" rel=\"attachment wp-att-48243\"><img loading=\"lazy\" class=\"alignnone size-medium wp-image-48243\" title=\"036\" src=\"http:\/\/www.filindeblogg.nu\/wp-content\/uploads\/2013\/06\/0362-300x225.jpg\" alt=\"\" width=\"300\" height=\"225\" srcset=\"http:\/\/www.filindeblogg.nu\/wp-content\/uploads\/2013\/06\/0362-300x225.jpg 300w, http:\/\/www.filindeblogg.nu\/wp-content\/uploads\/2013\/06\/0362.jpg 600w\" sizes=\"(max-width: 300px) 100vw, 300px\" \/><\/a> S\u00e5 h\u00e4r kan det vara dagen efter, p\u00e5 midsommardagen! \ud83d\ude42<\/p>\n<p>Efter att man firat midsommar p\u00e5 alla m\u00f6jliga olika s\u00e4tt, h\u00e4r \u00e4r ett: <a href=\"http:\/\/www.filindeblogg.nu\/?attachment_id=48244\" rel=\"attachment wp-att-48244\"><img loading=\"lazy\" class=\"alignnone  wp-image-48244\" title=\"023\" src=\"http:\/\/www.filindeblogg.nu\/wp-content\/uploads\/2013\/06\/0232-300x225.jpg\" alt=\"\" width=\"180\" height=\"135\" srcset=\"http:\/\/www.filindeblogg.nu\/wp-content\/uploads\/2013\/06\/0232-300x225.jpg 300w, http:\/\/www.filindeblogg.nu\/wp-content\/uploads\/2013\/06\/0232.jpg 600w\" sizes=\"(max-width: 180px) 100vw, 180px\" \/><\/a><\/p>\n<p>Haft mysigt och roligt familj och v\u00e4nner tillsammans men ocks\u00e5 p\u00e5mints om de som inte l\u00e4ngre kan vara med&#8230; <img loading=\"lazy\" class=\"alignnone  wp-image-48245\" title=\"007\" src=\"http:\/\/www.filindeblogg.nu\/wp-content\/uploads\/2013\/06\/0075-257x300.jpg\" alt=\"\" width=\"154\" height=\"180\" srcset=\"http:\/\/www.filindeblogg.nu\/wp-content\/uploads\/2013\/06\/0075-257x300.jpg 257w, http:\/\/www.filindeblogg.nu\/wp-content\/uploads\/2013\/06\/0075.jpg 426w\" sizes=\"(max-width: 154px) 100vw, 154px\" \/><\/p>\n<p>D\u00e5 kan man precis som <strong>Wilma<\/strong> h\u00e4r ovan &#8211; vilja ta det lite lugnt dagen efter.<br \/>\nEller ocks\u00e5 kan man baka en paj! <a href=\"http:\/\/www.filindeblogg.nu\/?attachment_id=48246\" rel=\"attachment wp-att-48246\"><img loading=\"lazy\" class=\"alignnone  wp-image-48246\" title=\"041\" src=\"http:\/\/www.filindeblogg.nu\/wp-content\/uploads\/2013\/06\/0411-300x225.jpg\" alt=\"\" width=\"180\" height=\"135\" srcset=\"http:\/\/www.filindeblogg.nu\/wp-content\/uploads\/2013\/06\/0411-300x225.jpg 300w, http:\/\/www.filindeblogg.nu\/wp-content\/uploads\/2013\/06\/0411.jpg 600w\" sizes=\"(max-width: 180px) 100vw, 180px\" \/><\/a> En l\u00e4cker jordgubbspaj sv\u00e4ngde dottern ihop! F\u00f6r att under dagen, tillsammans med vispad gr\u00e4dde, f\u00f6r\u00e4ra en \u00e4lskad mormor! Provsmakning! \ud83d\ude09\u00a0 <a href=\"http:\/\/www.filindeblogg.nu\/?attachment_id=48247\" rel=\"attachment wp-att-48247\"><img loading=\"lazy\" class=\"alignnone  wp-image-48247\" title=\"049\" src=\"http:\/\/www.filindeblogg.nu\/wp-content\/uploads\/2013\/06\/0491-225x300.jpg\" alt=\"\" width=\"135\" height=\"180\" srcset=\"http:\/\/www.filindeblogg.nu\/wp-content\/uploads\/2013\/06\/0491-225x300.jpg 225w, http:\/\/www.filindeblogg.nu\/wp-content\/uploads\/2013\/06\/0491.jpg 450w\" sizes=\"(max-width: 135px) 100vw, 135px\" \/><\/a><\/p>\n<p style=\"text-align: center;\">H\u00e4r en kul bild! Ser ni vad det \u00e4r?<img loading=\"lazy\" class=\"aligncenter size-medium wp-image-48249\" title=\"044\" src=\"http:\/\/www.filindeblogg.nu\/wp-content\/uploads\/2013\/06\/0441-300x274.jpg\" alt=\"\" width=\"300\" height=\"274\" srcset=\"http:\/\/www.filindeblogg.nu\/wp-content\/uploads\/2013\/06\/0441-300x274.jpg 300w, http:\/\/www.filindeblogg.nu\/wp-content\/uploads\/2013\/06\/0441.jpg 380w\" sizes=\"(max-width: 300px) 100vw, 300px\" \/><\/p>\n<p style=\"text-align: left;\"><a href=\"http:\/\/www.filindeblogg.nu\/?attachment_id=48250\" rel=\"attachment wp-att-48250\"><img loading=\"lazy\" class=\"alignnone  wp-image-48250\" title=\"Kalenderblad\" src=\"http:\/\/www.filindeblogg.nu\/wp-content\/uploads\/2013\/06\/Kalenderblad19.jpg\" alt=\"\" width=\"109\" height=\"79\" \/><\/a>22 juni, midsommardagen och<strong> Paulina och Paula <\/strong>firas p\u00e5 namnsdagen! <strong>GRATTIS!!<\/strong>\u00a0<a href=\"http:\/\/www.filindeblogg.nu\/?attachment_id=48251\" rel=\"attachment wp-att-48251\"><img loading=\"lazy\" class=\"alignnone  wp-image-48251\" title=\"vykort flicka - Kopia\" src=\"http:\/\/www.filindeblogg.nu\/wp-content\/uploads\/2013\/06\/vykort-flicka-Kopia20.jpg\" alt=\"\" width=\"47\" height=\"83\" \/><\/a><br \/>\nDessutom \u00e4r midsommardagen ocks\u00e5 allm\u00e4n flaggdag! <a href=\"http:\/\/www.filindeblogg.nu\/?attachment_id=48252\" rel=\"attachment wp-att-48252\"><img loading=\"lazy\" class=\"alignnone size-full wp-image-48252\" title=\"Flagga\" src=\"http:\/\/www.filindeblogg.nu\/wp-content\/uploads\/2013\/06\/Flagga.jpg\" alt=\"\" width=\"119\" height=\"116\" \/><\/a><\/p>\n<p style=\"text-align: left;\">Vi ses igen imorgon &#8211; d\u00e5 blir det mer om <strong>Vilda Wilma<\/strong> och hennes bravader!<\/p>\n<p style=\"text-align: left;\"><a href=\"http:\/\/www.filindeblogg.nu\/?attachment_id=48253\" rel=\"attachment wp-att-48253\"><img loading=\"lazy\" class=\"aligncenter size-medium wp-image-48253\" title=\"012\" src=\"http:\/\/www.filindeblogg.nu\/wp-content\/uploads\/2013\/06\/0122-225x300.jpg\" alt=\"\" width=\"225\" height=\"300\" srcset=\"http:\/\/www.filindeblogg.nu\/wp-content\/uploads\/2013\/06\/0122-225x300.jpg 225w, http:\/\/www.filindeblogg.nu\/wp-content\/uploads\/2013\/06\/0122.jpg 450w\" sizes=\"(max-width: 225px) 100vw, 225px\" \/><\/a><\/p>\n<p style=\"text-align: center;\">\n<p>&nbsp;<\/p>\n","protected":false},"excerpt":{"rendered":"<p>S\u00e5 h\u00e4r kan det vara dagen efter, p\u00e5 midsommardagen! \ud83d\ude42 Efter att man firat midsommar p\u00e5 alla m\u00f6jliga olika s\u00e4tt, h\u00e4r \u00e4r ett: Haft mysigt och roligt familj och v\u00e4nner tillsammans men ocks\u00e5 p\u00e5mints om de som inte l\u00e4ngre kan vara med&#8230; D\u00e5 kan man precis som Wilma h\u00e4r ovan &#8211; vilja ta det lite [&hellip;]<\/p>\n","protected":false},"author":1,"featured_media":0,"comment_status":"open","ping_status":"open","sticky":false,"template":"","format":"standard","meta":[],"categories":[41,100,149,101],"tags":[],"_links":{"self":[{"href":"http:\/\/www.filindeblogg.nu\/index.php?rest_route=\/wp\/v2\/posts\/48242"}],"collection":[{"href":"http:\/\/www.filindeblogg.nu\/index.php?rest_route=\/wp\/v2\/posts"}],"about":[{"href":"http:\/\/www.filindeblogg.nu\/index.php?rest_route=\/wp\/v2\/types\/post"}],"author":[{"embeddable":true,"href":"http:\/\/www.filindeblogg.nu\/index.php?rest_route=\/wp\/v2\/users\/1"}],"replies":[{"embeddable":true,"href":"http:\/\/www.filindeblogg.nu\/index.php?rest_route=%2Fwp%2Fv2%2Fcomments&post=48242"}],"version-history":[{"count":10,"href":"http:\/\/www.filindeblogg.nu\/index.php?rest_route=\/wp\/v2\/posts\/48242\/revisions"}],"predecessor-version":[{"id":48263,"href":"http:\/\/www.filindeblogg.nu\/index.php?rest_route=\/wp\/v2\/posts\/48242\/revisions\/48263"}],"wp:attachment":[{"href":"http:\/\/www.filindeblogg.nu\/index.php?rest_route=%2Fwp%2Fv2%2Fmedia&parent=48242"}],"wp:term":[{"taxonomy":"category","embeddable":true,"href":"http:\/\/www.filindeblogg.nu\/index.php?rest_route=%2Fwp%2Fv2%2Fcategories&post=48242"},{"taxonomy":"post_tag","embeddable":true,"href":"http:\/\/www.filindeblogg.nu\/index.php?rest_route=%2Fwp%2Fv2%2Ftags&post=48242"}],"curies":[{"name":"wp","href":"https:\/\/api.w.org\/{rel}","templated":true}]}}