{"id":46682,"date":"2013-04-30T06:46:29","date_gmt":"2013-04-30T05:46:29","guid":{"rendered":"http:\/\/www.filindeblogg.nu\/?p=46682"},"modified":"2013-04-30T06:46:33","modified_gmt":"2013-04-30T05:46:33","slug":"valborgsmassoafton","status":"publish","type":"post","link":"http:\/\/www.filindeblogg.nu\/?p=46682","title":{"rendered":"Valborgsm\u00e4ssoafton"},"content":{"rendered":"<p><a href=\"http:\/\/www.filindeblogg.nu\/?attachment_id=46683\" rel=\"attachment wp-att-46683\"><img loading=\"lazy\" class=\"alignnone  wp-image-46683\" title=\"013\" src=\"http:\/\/www.filindeblogg.nu\/wp-content\/uploads\/2013\/04\/0135-300x225.jpg\" alt=\"\" width=\"180\" height=\"135\" srcset=\"http:\/\/www.filindeblogg.nu\/wp-content\/uploads\/2013\/04\/0135-300x225.jpg 300w, http:\/\/www.filindeblogg.nu\/wp-content\/uploads\/2013\/04\/0135.jpg 600w\" sizes=\"(max-width: 180px) 100vw, 180px\" \/><\/a> Valborgsm\u00e4ssoafton \u00e4r inne! En h\u00e4rlig dag och kv\u00e4ll att h\u00e4lsa v\u00e5ren och sk\u00f6na maj v\u00e4lkommen!<\/p>\n<p>Bloggaren hoppar dock majbrasor i eldkorgar &#8211; det k\u00e4nns inte riktigt v\u00e4rdigt v\u00e5ren. Ist\u00e4llet inriktas p\u00e5 n\u00e5got annat &#8211; det h\u00e4r: <a href=\"http:\/\/www.filindeblogg.nu\/?attachment_id=46684\" rel=\"attachment wp-att-46684\"><img loading=\"lazy\" class=\"alignnone  wp-image-46684\" title=\"028\" src=\"http:\/\/www.filindeblogg.nu\/wp-content\/uploads\/2013\/04\/0281-265x300.jpg\" alt=\"\" width=\"159\" height=\"180\" srcset=\"http:\/\/www.filindeblogg.nu\/wp-content\/uploads\/2013\/04\/0281-265x300.jpg 265w, http:\/\/www.filindeblogg.nu\/wp-content\/uploads\/2013\/04\/0281.jpg 450w\" sizes=\"(max-width: 159px) 100vw, 159px\" \/><\/a><strong> Mamma!<\/strong><br \/>\nMin mamma fyller ju \u00e5r denna fina dag!<\/p>\n<p>En dag med lite kunglig glans d\u00e5 \u00e4ven<strong> Carl XVI Gustaf<\/strong> har f\u00f6delsedag! D\u00e5 passar det kanske att tipsa om den h\u00e4r bilagan ur <strong>DN<\/strong> i s\u00f6ndags: <a href=\"http:\/\/www.filindeblogg.nu\/?attachment_id=46685\" rel=\"attachment wp-att-46685\"><img loading=\"lazy\" class=\"alignnone  wp-image-46685\" title=\"007\" src=\"http:\/\/www.filindeblogg.nu\/wp-content\/uploads\/2013\/04\/0071-225x300.jpg\" alt=\"\" width=\"135\" height=\"180\" srcset=\"http:\/\/www.filindeblogg.nu\/wp-content\/uploads\/2013\/04\/0071-225x300.jpg 225w, http:\/\/www.filindeblogg.nu\/wp-content\/uploads\/2013\/04\/0071.jpg 450w\" sizes=\"(max-width: 135px) 100vw, 135px\" \/><\/a> Utflyktsm\u00e5l: Alla de kungliga slotten! P\u00e5 f\u00f6rsta sidan <strong>Kina slott<\/strong>! L\u00e4s mera om det lite annorlunda slottet <a href=\"http:\/\/www.kungahuset.se\/kungligaslotten\/kinaslott.4.19ae4931022afdcff3800013006.html\" target=\"_blank\"><strong>H\u00c4R!<\/strong><\/a><\/p>\n<p><a href=\"http:\/\/www.filindeblogg.nu\/?attachment_id=46686\" rel=\"attachment wp-att-46686\"><img loading=\"lazy\" class=\"alignnone  wp-image-46686\" title=\"011\" src=\"http:\/\/www.filindeblogg.nu\/wp-content\/uploads\/2013\/04\/0114-300x225.jpg\" alt=\"\" width=\"180\" height=\"135\" srcset=\"http:\/\/www.filindeblogg.nu\/wp-content\/uploads\/2013\/04\/0114-300x225.jpg 300w, http:\/\/www.filindeblogg.nu\/wp-content\/uploads\/2013\/04\/0114.jpg 600w\" sizes=\"(max-width: 180px) 100vw, 180px\" \/><\/a> Kort blogg idag! Mer imorgon. D\u00e5 handlar det bl.a. om bilar och trafik &#8211; till exempel det h\u00e4r s\u00e4ttet att parkera: <a href=\"http:\/\/www.filindeblogg.nu\/?attachment_id=46688\" rel=\"attachment wp-att-46688\"><img loading=\"lazy\" class=\"alignnone  wp-image-46688\" title=\"006\" src=\"http:\/\/www.filindeblogg.nu\/wp-content\/uploads\/2013\/04\/0063-300x244.jpg\" alt=\"\" width=\"180\" height=\"146\" srcset=\"http:\/\/www.filindeblogg.nu\/wp-content\/uploads\/2013\/04\/0063-300x244.jpg 300w, http:\/\/www.filindeblogg.nu\/wp-content\/uploads\/2013\/04\/0063.jpg 493w\" sizes=\"(max-width: 180px) 100vw, 180px\" \/><\/a><\/p>\n<p><a href=\"http:\/\/www.filindeblogg.nu\/?attachment_id=46689\" rel=\"attachment wp-att-46689\"><img loading=\"lazy\" class=\"alignnone  wp-image-46689\" title=\"026\" src=\"http:\/\/www.filindeblogg.nu\/wp-content\/uploads\/2013\/04\/0263-188x300.jpg\" alt=\"\" width=\"113\" height=\"180\" srcset=\"http:\/\/www.filindeblogg.nu\/wp-content\/uploads\/2013\/04\/0263-188x300.jpg 188w, http:\/\/www.filindeblogg.nu\/wp-content\/uploads\/2013\/04\/0263.jpg 291w\" sizes=\"(max-width: 113px) 100vw, 113px\" \/><\/a> Bloggaren i annorlunda utstyrsel h\u00e4lsar v\u00e5ren v\u00e4lkommen och \u00f6nskar er alla en fin Valborgsm\u00e4ssoafton!<\/p>\n<p style=\"text-align: center;\">H\u00e4r \u00e4r tv\u00e5 som v\u00e4ntar p\u00e5 f\u00f6delsedagst\u00e5rta precis som bloggaren! \ud83d\ude42<\/p>\n<p style=\"text-align: center;\"><a href=\"http:\/\/www.filindeblogg.nu\/?attachment_id=46690\" rel=\"attachment wp-att-46690\"><img loading=\"lazy\" class=\"aligncenter size-medium wp-image-46690\" title=\"002\" src=\"http:\/\/www.filindeblogg.nu\/wp-content\/uploads\/2013\/04\/0025-300x287.jpg\" alt=\"\" width=\"300\" height=\"287\" srcset=\"http:\/\/www.filindeblogg.nu\/wp-content\/uploads\/2013\/04\/0025-300x287.jpg 300w, http:\/\/www.filindeblogg.nu\/wp-content\/uploads\/2013\/04\/0025.jpg 470w\" sizes=\"(max-width: 300px) 100vw, 300px\" \/><\/a><strong>Alice<\/strong> till v\u00e4nster och <strong>Vilma<\/strong> till h\u00f6ger!<\/p>\n<p style=\"text-align: center;\"><a href=\"http:\/\/www.filindeblogg.nu\/?attachment_id=46691\" rel=\"attachment wp-att-46691\"><img loading=\"lazy\" class=\"alignnone  wp-image-46691\" title=\"Kalenderblad\" src=\"http:\/\/www.filindeblogg.nu\/wp-content\/uploads\/2013\/04\/Kalenderblad27.jpg\" alt=\"\" width=\"109\" height=\"79\" \/><\/a><strong>Mariana<\/strong> har namnsdag! <strong>GRATTIS!<\/strong> <strong><br \/>\nGRATTIS<\/strong> f\u00f6rst\u00e5s ocks\u00e5 till kungen och mamma! <a href=\"http:\/\/www.filindeblogg.nu\/?attachment_id=46692\" rel=\"attachment wp-att-46692\"><img loading=\"lazy\" class=\"alignnone  wp-image-46692\" title=\"vykort flicka - Kopia\" src=\"http:\/\/www.filindeblogg.nu\/wp-content\/uploads\/2013\/04\/vykort-flicka-Kopia28.jpg\" alt=\"\" width=\"47\" height=\"83\" \/><\/a><\/p>\n","protected":false},"excerpt":{"rendered":"<p>Valborgsm\u00e4ssoafton \u00e4r inne! En h\u00e4rlig dag och kv\u00e4ll att h\u00e4lsa v\u00e5ren och sk\u00f6na maj v\u00e4lkommen! Bloggaren hoppar dock majbrasor i eldkorgar &#8211; det k\u00e4nns inte riktigt v\u00e4rdigt v\u00e5ren. Ist\u00e4llet inriktas p\u00e5 n\u00e5got annat &#8211; det h\u00e4r: Mamma! Min mamma fyller ju \u00e5r denna fina dag! En dag med lite kunglig glans d\u00e5 \u00e4ven Carl XVI [&hellip;]<\/p>\n","protected":false},"author":1,"featured_media":0,"comment_status":"open","ping_status":"open","sticky":false,"template":"","format":"standard","meta":[],"categories":[127,114,100,149,132,101,153],"tags":[],"_links":{"self":[{"href":"http:\/\/www.filindeblogg.nu\/index.php?rest_route=\/wp\/v2\/posts\/46682"}],"collection":[{"href":"http:\/\/www.filindeblogg.nu\/index.php?rest_route=\/wp\/v2\/posts"}],"about":[{"href":"http:\/\/www.filindeblogg.nu\/index.php?rest_route=\/wp\/v2\/types\/post"}],"author":[{"embeddable":true,"href":"http:\/\/www.filindeblogg.nu\/index.php?rest_route=\/wp\/v2\/users\/1"}],"replies":[{"embeddable":true,"href":"http:\/\/www.filindeblogg.nu\/index.php?rest_route=%2Fwp%2Fv2%2Fcomments&post=46682"}],"version-history":[{"count":17,"href":"http:\/\/www.filindeblogg.nu\/index.php?rest_route=\/wp\/v2\/posts\/46682\/revisions"}],"predecessor-version":[{"id":46709,"href":"http:\/\/www.filindeblogg.nu\/index.php?rest_route=\/wp\/v2\/posts\/46682\/revisions\/46709"}],"wp:attachment":[{"href":"http:\/\/www.filindeblogg.nu\/index.php?rest_route=%2Fwp%2Fv2%2Fmedia&parent=46682"}],"wp:term":[{"taxonomy":"category","embeddable":true,"href":"http:\/\/www.filindeblogg.nu\/index.php?rest_route=%2Fwp%2Fv2%2Fcategories&post=46682"},{"taxonomy":"post_tag","embeddable":true,"href":"http:\/\/www.filindeblogg.nu\/index.php?rest_route=%2Fwp%2Fv2%2Ftags&post=46682"}],"curies":[{"name":"wp","href":"https:\/\/api.w.org\/{rel}","templated":true}]}}