{"id":463,"date":"2007-10-29T08:40:27","date_gmt":"2007-10-29T07:40:27","guid":{"rendered":"http:\/\/www.filindeblogg.nu\/?p=463"},"modified":"2009-06-05T04:43:43","modified_gmt":"2009-06-05T03:43:43","slug":"gymnasium-for-vem","status":"publish","type":"post","link":"http:\/\/www.filindeblogg.nu\/?p=463","title":{"rendered":"Gymnasium &#8211; f\u00f6r vem??"},"content":{"rendered":"<p>Idag har<a href=\"http:\/\/www.dn.se\/DNet\/jsp\/polopoly.jsp?d=3064&amp;a=708741\"> <strong>DN<\/strong> <\/a>en bilaga kallad <a href=\"http:\/\/www.dn.se\/DNet\/jsp\/polopoly.jsp?d=3064&amp;a=708741\">gymnasieguiden.<\/a> Flashigt visas en m\u00e4ngd olika gymnasieprogram som <a href=\"http:\/\/www.dn.se\/DNet\/jsp\/polopoly.jsp?d=3064&amp;a=708911\">eleverna fr\u00e5n 9:an <\/a>kan v\u00e4lja mellan.<br \/>\n<strong>MEN jag saknar dock ett program <\/strong>&#8211; eller en inriktning &#8211; eller \u00e5tminstone en v\u00e4gledning! <strong>Var finns programmen f\u00f6r alla de elever med neuropsykiatriska funktionshinder av typen ADHD och Aspergers syndrom m fl? <\/strong>Finns inte!<\/p>\n<p><strong>Finns inte ens hos Skolverket!!<\/strong> Jag har sj\u00e4lv fr\u00e5gat!<strong> Skolverket har ingen f\u00f6rteckning <\/strong>\u00f6ver gymnasieskolor med speciell inriktning f\u00f6r dessa elever!! Detta trots att det faktiskt finns s\u00e5dana gymnasieskolor. Jag fick uppmaningen fr\u00e5n Skolverket att<strong> sj\u00e4lv &#8221;s\u00f6ka p\u00e5 n\u00e4tet&#8221;!<\/strong> Helt otroligt &#8211; \u00e4r min kommentar.<\/p>\n<blockquote><p>Vi hittade en <strong>gymnasieskola i \u00d6rebro som har Samh\u00e4llsprogrammet f\u00f6r elever med Aspergers syndrom<\/strong>. En otroligt bra skola med <strong>eldsj\u00e4lar till l\u00e4rare.<\/strong> Men, det var rena turen och kanske lite skicklighet, att vi lyckades sp\u00e5ra upp skolan. Skolan heter <a href=\"http:\/\/www.wuc.orebro.se\/utbildningargymnasium\/samhallsprogrammetspasp.4.7e9ae696112b44131f380001577.html\">Wadk\u00f6pings Utbildningscenter <\/a>och klicka p\u00e5 namnet s\u00e5 kommer ni <strong>direkt till hemsidan!<\/strong><\/p><\/blockquote>\n<p>Vad kan man d\u00e5 t\u00e4nka sig att <strong>DN <\/strong>har f\u00f6r guidning f\u00f6r elever med <strong>Aspergers syndrom? <\/strong>Det h\u00e4r \u00e4r elever med <strong>normal- till \u00f6verbeg\u00e5vning,<\/strong> intelligenta ungdomar som t o m kan ha en specialbeg\u00e5vning inom<strong> matematik, spr\u00e5k, estetik eller annat<\/strong>. Jo, <strong>IV-programmet!<\/strong><\/p>\n<p>IV-programmet,<strong> Individuella programmet, <\/strong>hittar man r\u00e4tt l\u00e5ngt bak i DN:s gymnasieguide och den s\u00e4ger inte mycket om verkligheten. Kanske <strong>n\u00e5gra lyckokast<\/strong> \u00e4r f\u00e5ngade i artikeln &#8211; annars \u00e4r IV k\u00e4nt som <strong>slasktratten inom gymnasieskolan!<\/strong><br \/>\nH\u00e4r hamnar <strong>alla som g\u00e5tt ut grundskolan utan att klara k\u00e4rn\u00e4mnena <\/strong>&#8211; vilket \u00e4r <strong>v\u00e4ldigt m\u00e5nga!<\/strong> Det \u00e4r s\u00e5 m\u00e5nga s\u00e5 att <strong>IV-programmet \u00e4r det st\u00f6rsta<\/strong> programmet inom gymnasieskolan! Hit kommer ocks\u00e5 elever med sociala problem, elever som inte kan spr\u00e5ket m fl &#8211; <strong>OCH <\/strong>elever med ADHD och Aspergers syndrom!<\/p>\n<p><strong>Fr\u00e5ga en rektor<\/strong> om han\/hon vet vad Aspergers syndrom \u00e4r!<strong> V\u00e4lj ut n\u00e5gra l\u00e4rare p\u00e5 m\u00e5f\u00e5 <\/strong>och fr\u00e5ga samma sak! <strong>OCH framf\u00f6r allt &#8211; fr\u00e5ga <a href=\"http:\/\/www.dn.se\/DNet\/jsp\/polopoly.jsp?d=3064&amp;a=708904\">politikerna<\/a> <\/strong>som sysslar med utbildningsfr\u00e5gor om de k\u00e4nner till dessa funktionshinder!! Jag lovar &#8211; <strong>dom har inte en susning! <\/strong><\/p>\n<p>Detta \u00e4r en<strong> stor skandal <\/strong>f\u00f6r ett land som Sverige! En stor m\u00e4ngd elever som redan har sv\u00e5righeter &#8211;<strong> s\u00e5llas bort direkt efter 9:an <\/strong>&#8211; och hamnar i <strong>arbetsl\u00f6shet och f\u00f6rtidspensionering! <\/strong><\/p>\n<p>G\u00e5 in p\u00e5 denna hemsida &#8211; <a href=\"http:\/\/user.tninet.se\/~fxg297r\/persp_pos_beromda_personer.htm\">Ber\u00f6mda personer<\/a> &#8211; s\u00e5 kan ni se att <strong>Albert Einstein hade Aspergers, Mozart hade ADHD <\/strong>och en m\u00e4ngd nu levande anses ha ADHD eller ADD &#8211; t ex <strong>Robin Williams<\/strong>. Vad g\u00f6r vi med v\u00e5ra genier i vardande idag??<\/p>\n<p>Sen kan man ocks\u00e5 ta sig en funderare p\u00e5 varf\u00f6r IV-programmet \u00e4r det st\u00f6rsta? Vad det beror p\u00e5 att s\u00e5 m\u00e5nga g\u00e5r ut 9:an utan kunskaper?<br \/>\n<strong>V\u00e4rldens b\u00e4sta skola ?? HA! <\/strong><\/p>\n","protected":false},"excerpt":{"rendered":"<p>Idag har DN en bilaga kallad gymnasieguiden. Flashigt visas en m\u00e4ngd olika gymnasieprogram som eleverna fr\u00e5n 9:an kan v\u00e4lja mellan. MEN jag saknar dock ett program &#8211; eller en inriktning &#8211; eller \u00e5tminstone en v\u00e4gledning! Var finns programmen f\u00f6r alla de elever med neuropsykiatriska funktionshinder av typen ADHD och Aspergers syndrom m fl? Finns inte! [&hellip;]<\/p>\n","protected":false},"author":1,"featured_media":0,"comment_status":"open","ping_status":"open","sticky":false,"template":"","format":"standard","meta":[],"categories":[1,107],"tags":[],"_links":{"self":[{"href":"http:\/\/www.filindeblogg.nu\/index.php?rest_route=\/wp\/v2\/posts\/463"}],"collection":[{"href":"http:\/\/www.filindeblogg.nu\/index.php?rest_route=\/wp\/v2\/posts"}],"about":[{"href":"http:\/\/www.filindeblogg.nu\/index.php?rest_route=\/wp\/v2\/types\/post"}],"author":[{"embeddable":true,"href":"http:\/\/www.filindeblogg.nu\/index.php?rest_route=\/wp\/v2\/users\/1"}],"replies":[{"embeddable":true,"href":"http:\/\/www.filindeblogg.nu\/index.php?rest_route=%2Fwp%2Fv2%2Fcomments&post=463"}],"version-history":[{"count":1,"href":"http:\/\/www.filindeblogg.nu\/index.php?rest_route=\/wp\/v2\/posts\/463\/revisions"}],"predecessor-version":[{"id":6094,"href":"http:\/\/www.filindeblogg.nu\/index.php?rest_route=\/wp\/v2\/posts\/463\/revisions\/6094"}],"wp:attachment":[{"href":"http:\/\/www.filindeblogg.nu\/index.php?rest_route=%2Fwp%2Fv2%2Fmedia&parent=463"}],"wp:term":[{"taxonomy":"category","embeddable":true,"href":"http:\/\/www.filindeblogg.nu\/index.php?rest_route=%2Fwp%2Fv2%2Fcategories&post=463"},{"taxonomy":"post_tag","embeddable":true,"href":"http:\/\/www.filindeblogg.nu\/index.php?rest_route=%2Fwp%2Fv2%2Ftags&post=463"}],"curies":[{"name":"wp","href":"https:\/\/api.w.org\/{rel}","templated":true}]}}