{"id":44,"date":"2006-04-10T10:17:24","date_gmt":"2006-04-10T09:17:24","guid":{"rendered":"http:\/\/www.filindeblogg.nu\/?p=44"},"modified":"2009-06-05T04:46:33","modified_gmt":"2009-06-05T03:46:33","slug":"barn-i-sverige-som-inte-passar-in","status":"publish","type":"post","link":"http:\/\/www.filindeblogg.nu\/?p=44","title":{"rendered":"Barn i Sverige som inte passar in&#8230;"},"content":{"rendered":"<p>I detta land som kallar sig demokratiskt finns det en m\u00e4ngd barn och ungdomar som dagligen uts\u00e4tts f\u00f6r kr\u00e4nkningar! Jag t\u00e4nker p\u00e5 elever med neuropsykiatriska funktionshinder.<br \/>\nSverige har skolplikt f\u00f6r alla barn och ungdomar upp till 16 \u00e5r men det inneb\u00e4r ocks\u00e5 att alla dessa barn och ungdomar HAR R\u00c4TTIGHET TILL UTBILDNING! Denna r\u00e4ttighet efterlevs inte idag, 2006, i det s k  demokratiska Sverige!<\/p>\n<p>I varje grupp av 7-\u00e5ringar som b\u00f6rjar sitt f\u00f6rsta skol\u00e5r om h\u00f6sten finns ett par procent som har ADHD, Aspergers syndrom eller andra neuropsykiatriska funktionshinder. Detta \u00e4r ett s k dolt handikapp och det \u00e4r verkligen uppenbarligen dolt f\u00f6r s\u00e5v\u00e4l l\u00e4rare och rektorer som f\u00f6r Skolverket, skolministern och regeringen!<br \/>\nHandikappet &#8211; eller egenskapen, som jag hellre vill kalla det, inneb\u00e4r INTE s\u00e4mre intelligens men d\u00e4remot sv\u00e5righeter att f\u00f6lja med i undervisningen p\u00e5 olika vis.<br \/>\n&#8221;Hj\u00e4lpen&#8221; dessa elever f\u00e5r \u00e4r &#8221;f\u00f6rvisning&#8221; till en l\u00e4mplig skrubb n\u00e5gonstans p\u00e5 skolan d\u00e4r personalen med l\u00e4gst utbildning f\u00e5r ansvaret f\u00f6r eleverna!<br \/>\nOm Du blir sjuk och kommer till lasarettet och det visar sig att Din sjukdom beh\u00f6ver specialistv\u00e5rd &#8211; f\u00f6rv\u00e4ntar Du Dig d\u00e5 att personalen kallar upp vaktm\u00e4staren fr\u00e5n k\u00e4llaren f\u00f6r att hj\u00e4lpa Dig?? Nej, Du tror s\u00e4kert att en specialutbildad l\u00e4kare tar hand om Dig. Det g\u00e4ller inte f\u00f6r de elever i Sveriges skolor som har behov av specialundervisning!!<br \/>\nDen dag dessa 7-\u00e5ringar s\u00e4tter sin fot i skolan f\u00f6r f\u00f6rsta g\u00e5ngen \u00e4r deras framtid p\u00e5 f\u00f6rhand utstakad! Missf\u00f6rst\u00e5nd, kr\u00e4nkningar, nedbrytning, utsatthet och till sist total utfrysning och avsaknad av r\u00e4ttigheter till utbildning \u00e4r det som v\u00e4ntar!<\/p>\n<p>Det finns undantag &#8211; men det \u00e4r bara om barnet r\u00e5kar ha turen att f\u00f6das av f\u00f6r\u00e4ldrar som orkar, vet, kan och t\u00f6rs i en kommun som har en eldsj\u00e4l som orkar, vet, kan och t\u00f6rs. Dessa elever kan r\u00e4knas p\u00e5 ena handens fingrar.<br \/>\nChansen att lyckas \u00e4r \u00e4nd\u00e5 minimal med de f\u00f6ruts\u00e4ttningar som regeringen ger f\u00f6r de h\u00e4r eleverna.<\/p>\n<p>Detta \u00e4r en SKAMFL\u00c4CK F\u00d6R SVERIGE! F\u00f6rutom att det \u00e4r en personlig tragedi f\u00f6r s\u00e5v\u00e4l de h\u00e4r barnen som deras familjer &#8211; s\u00e5 kommer de framtida kostnaderna f\u00f6r dessa barn att bli enorma.<br \/>\nVilken sorts liv v\u00e4ntar en m\u00e4nniska med neuropsykiatriskt funktionshinder som dels f\u00e5tt sj\u00e4lvf\u00f6rtroendet k\u00f6rt i botten, dels saknar utbildning och d\u00e4rmed sj\u00e4lvklart kommer att sakna arbete och m\u00f6jlighet att f\u00f6rs\u00f6rja sig??<\/p>\n<p>En koll av v\u00e5ra f\u00e4ngelser visar att en stor del av de intagna har just dessa neuropsykiatriska funktionshinder. M\u00e5nga hamnar inom psykv\u00e5rden medan andra tar sitt liv.<br \/>\nFramtiden f\u00f6r den f\u00f6rv\u00e4ntansfulla 7-\u00e5ringen med ADHD \u00e4r utklassning, avsaknad av s\u00e5v\u00e4l utbildning som jobb och d\u00e4rmed en klar risk f\u00f6r drogmissbruk och kriminalitet i vuxen \u00e5lder som f\u00f6ljd.<\/p>\n<p>Jag har sj\u00e4lv genomlevt den oerh\u00f6rt sm\u00e4rtsamma erfarenheten att f\u00f6lja tv\u00e5 barn fr\u00e5n gl\u00e4djen f\u00f6rsta skoldagen till depression och utslagning n\u00e4r grundskoletiden n\u00e5r sitt slut. D\u00c4RF\u00d6R V\u00c4GRAR JAG ATT ACCEPTERA FLER KR\u00c4NKNIGAR OCH DISKRIMINERINGAR AV DESSA BARN OCH UNGDOMAR!<\/p>\n<p>Genom Feministiskt initiativ &#8211; Fi &#8211; som jobbar mot all form av diskriminering kommer denna fr\u00e5ga nu att lyftas och regeringen st\u00e4llas mot v\u00e4ggen!<\/p>\n<p>I valet i h\u00f6st kan Du som vill f\u00f6r\u00e4ndring s\u00e4ga Ditt!<\/p>\n<p>Fi \u00e4r alternativet f\u00f6r r\u00e4ttigheter och mot diskriminering!<\/p>\n","protected":false},"excerpt":{"rendered":"<p>I detta land som kallar sig demokratiskt finns det en m\u00e4ngd barn och ungdomar som dagligen uts\u00e4tts f\u00f6r kr\u00e4nkningar! Jag t\u00e4nker p\u00e5 elever med neuropsykiatriska funktionshinder. Sverige har skolplikt f\u00f6r alla barn och ungdomar upp till 16 \u00e5r men det inneb\u00e4r ocks\u00e5 att alla dessa barn och ungdomar HAR R\u00c4TTIGHET TILL UTBILDNING! Denna r\u00e4ttighet efterlevs [&hellip;]<\/p>\n","protected":false},"author":1,"featured_media":0,"comment_status":"open","ping_status":"open","sticky":false,"template":"","format":"standard","meta":[],"categories":[1,107],"tags":[],"_links":{"self":[{"href":"http:\/\/www.filindeblogg.nu\/index.php?rest_route=\/wp\/v2\/posts\/44"}],"collection":[{"href":"http:\/\/www.filindeblogg.nu\/index.php?rest_route=\/wp\/v2\/posts"}],"about":[{"href":"http:\/\/www.filindeblogg.nu\/index.php?rest_route=\/wp\/v2\/types\/post"}],"author":[{"embeddable":true,"href":"http:\/\/www.filindeblogg.nu\/index.php?rest_route=\/wp\/v2\/users\/1"}],"replies":[{"embeddable":true,"href":"http:\/\/www.filindeblogg.nu\/index.php?rest_route=%2Fwp%2Fv2%2Fcomments&post=44"}],"version-history":[{"count":1,"href":"http:\/\/www.filindeblogg.nu\/index.php?rest_route=\/wp\/v2\/posts\/44\/revisions"}],"predecessor-version":[{"id":6098,"href":"http:\/\/www.filindeblogg.nu\/index.php?rest_route=\/wp\/v2\/posts\/44\/revisions\/6098"}],"wp:attachment":[{"href":"http:\/\/www.filindeblogg.nu\/index.php?rest_route=%2Fwp%2Fv2%2Fmedia&parent=44"}],"wp:term":[{"taxonomy":"category","embeddable":true,"href":"http:\/\/www.filindeblogg.nu\/index.php?rest_route=%2Fwp%2Fv2%2Fcategories&post=44"},{"taxonomy":"post_tag","embeddable":true,"href":"http:\/\/www.filindeblogg.nu\/index.php?rest_route=%2Fwp%2Fv2%2Ftags&post=44"}],"curies":[{"name":"wp","href":"https:\/\/api.w.org\/{rel}","templated":true}]}}