{"id":42153,"date":"2013-01-21T09:55:56","date_gmt":"2013-01-21T08:55:56","guid":{"rendered":"http:\/\/www.filindeblogg.nu\/?p=42153"},"modified":"2013-01-21T09:55:57","modified_gmt":"2013-01-21T08:55:57","slug":"markliga-program-och-udda-dokumentarer","status":"publish","type":"post","link":"http:\/\/www.filindeblogg.nu\/?p=42153","title":{"rendered":"M\u00e4rkliga program och udda dokument\u00e4rer"},"content":{"rendered":"<p><a href=\"http:\/\/www.filindeblogg.nu\/?attachment_id=42154\" rel=\"attachment wp-att-42154\"><img loading=\"lazy\" class=\"alignnone size-full wp-image-42154\" title=\"TV\" src=\"http:\/\/www.filindeblogg.nu\/wp-content\/uploads\/2013\/01\/TV1.jpg\" alt=\"\" width=\"113\" height=\"111\" \/><\/a>Bloggaren \u00e4r sparsmakad vad g\u00e4ller TV-program. Jag avskyr s\u00e5por, gillar intressanta dokument\u00e4rer men kan emellan\u00e5t \u00e4ven titta p\u00e5 lite l\u00e4ttsammare s\u00e4ndningar som roar och f\u00f6rstr\u00f6r.<\/p>\n<p>I helgen som gick s\u00e5g jag n\u00e5gra program som jag funderar kring. F\u00f6rst ut blir det homosexuella paret i <strong>Storbritannien<\/strong> som skaffat sig fem barn. <a href=\"http:\/\/www.filindeblogg.nu\/?attachment_id=42155\" rel=\"attachment wp-att-42155\"><img loading=\"lazy\" class=\"alignnone  wp-image-42155\" title=\"Barrie-and-Tony-Drewitt-B-006\" src=\"http:\/\/www.filindeblogg.nu\/wp-content\/uploads\/2013\/01\/Barrie-and-Tony-Drewitt-B-006-300x180.jpg\" alt=\"\" width=\"180\" height=\"108\" srcset=\"http:\/\/www.filindeblogg.nu\/wp-content\/uploads\/2013\/01\/Barrie-and-Tony-Drewitt-B-006-300x180.jpg 300w, http:\/\/www.filindeblogg.nu\/wp-content\/uploads\/2013\/01\/Barrie-and-Tony-Drewitt-B-006.jpg 460w\" sizes=\"(max-width: 180px) 100vw, 180px\" \/><\/a><br \/>\n<strong>TV4<\/strong> visade programmet och vi fick f\u00f6lja trebarnsf\u00e4derna n\u00e4r de best\u00e4llde tv\u00e5 nya barn. &#8221;Best\u00e4llde&#8221; &#8211; f\u00f6r det var precis s\u00e5 det var.<br \/>\nVia n\u00e4tet valdes en l\u00e4mplig donator ut och papporna best\u00e4mde sig sen f\u00f6r den gamla vanliga surrogatmamman i <strong>USA<\/strong>.<\/p>\n<p><a href=\"http:\/\/www.filindeblogg.nu\/?attachment_id=42156\" rel=\"attachment wp-att-42156\"><img loading=\"lazy\" class=\"alignnone size-full wp-image-42156\" title=\"\u00d6gonf\u00e4rger\" src=\"http:\/\/www.filindeblogg.nu\/wp-content\/uploads\/2013\/01\/\u00d6gonf\u00e4rger.jpg\" alt=\"\" width=\"129\" height=\"99\" \/><\/a>Bland embryona i banken kan allt v\u00e4ljas. Fr\u00e5n \u00f6gonf\u00e4rg och l\u00e4ngd till k\u00f6n och IQ.<br \/>\nPapporna ber\u00e4ttade att deras f\u00f6rsta tre barn hade de valt f\u00f6rutom efter vackert utseende &#8211; ocks\u00e5 smarthet. F\u00f6r de nya tvillingarna var det bara sk\u00f6nhet som g\u00e4llde. De valde den snyggaste donatorn &#8211; en fotomodell.<\/p>\n<p><a href=\"http:\/\/www.filindeblogg.nu\/?attachment_id=42157\" rel=\"attachment wp-att-42157\"><img loading=\"lazy\" class=\"alignnone size-full wp-image-42157\" title=\"Storken\" src=\"http:\/\/www.filindeblogg.nu\/wp-content\/uploads\/2013\/01\/Storken.jpg\" alt=\"\" width=\"116\" height=\"107\" \/><\/a> Sen f\u00e5r vi f\u00f6lja hur papporna f\u00e5r beskedet att en av tvillingarna som nu f\u00e5tt f\u00e4ste i surrogatmamman och \u00e4r n\u00e5gra m\u00e5nader gammal m\u00f6jligen har <strong>Downs syndrom<\/strong>. <a href=\"http:\/\/www.filindeblogg.nu\/?attachment_id=42158\" rel=\"attachment wp-att-42158\"><img loading=\"lazy\" class=\"alignnone size-full wp-image-42158\" title=\"Adoption 2\" src=\"http:\/\/www.filindeblogg.nu\/wp-content\/uploads\/2013\/01\/Adoption-2.jpg\" alt=\"\" width=\"87\" height=\"116\" \/><\/a><\/p>\n<p>Den ena pappa s\u00e4ger d\u00e5 i filmen att man kan ju alltid adoptera bort det barnet eftersom det \u00e4r f\u00f6r sent f\u00f6r &#8221;selection&#8221;. Han fr\u00e5gar sina tre barn vad de tycker och de f\u00f6rs\u00e4krar att det kommer att \u00e4lska barnet oavsett diagnos.<br \/>\nPappan s\u00e4ger d\u00e5: <em>&#8211; Ja, men hur skulle du k\u00e4nna om ditt syskon blev retat i skolan sen&#8230;<\/em><\/p>\n<p>Visst \u00e4r det m\u00e4rkligt alltsammans! Att v\u00e4lja barn precis som att v\u00e4lja hund!<br \/>\nOch att f\u00f6r\u00e4ldrar som verkligen borde f\u00f6rst\u00e5 vad diskriminering och okunskap inneb\u00e4r &#8211; funderar p\u00e5 att v\u00e4lja bort ett barn med &#8221;defekt&#8221;.<br \/>\nTill\u00e4ggas kan att b\u00e5da tvillingar var helt normala n\u00e4r de sedan f\u00f6ddes&#8230;<\/p>\n<p>Det \u00e4r s\u00e5 k\u00e4nslokallt men v\u00e4rlden \u00e4r kall och i <strong>USA<\/strong> finns fotolistor p\u00e5 n\u00e4tet fr\u00e5n adoptionsbyr\u00e5er &#8211; fritt att v\u00e4lja och vraka bland barn. <a href=\"http:\/\/www.filindeblogg.nu\/?attachment_id=42159\" rel=\"attachment wp-att-42159\"><img loading=\"lazy\" class=\"alignnone size-full wp-image-42159\" title=\"Adoption 1\" src=\"http:\/\/www.filindeblogg.nu\/wp-content\/uploads\/2013\/01\/Adoption-1.jpg\" alt=\"\" width=\"130\" height=\"150\" \/><\/a>\u00a0 Barnet h\u00e4r liksom barnet ovan \u00e4r fr\u00e5n en s\u00e5dan lista. Se <a href=\"http:\/\/photolisting.adoption.com\/\" target=\"_blank\"><strong>H\u00c4R<\/strong><\/a> f\u00f6r att hitta fler&#8230;<\/p>\n<p>En som valdes bort p\u00e5 grund av sin skada var <strong>Jono<\/strong>. <a href=\"http:\/\/www.filindeblogg.nu\/?attachment_id=42160\" rel=\"attachment wp-att-42160\"><img loading=\"lazy\" class=\"alignnone  wp-image-42160\" title=\"Jono\" src=\"http:\/\/www.filindeblogg.nu\/wp-content\/uploads\/2013\/01\/Jono-300x169.jpg\" alt=\"\" width=\"180\" height=\"101\" srcset=\"http:\/\/www.filindeblogg.nu\/wp-content\/uploads\/2013\/01\/Jono-300x169.jpg 300w, http:\/\/www.filindeblogg.nu\/wp-content\/uploads\/2013\/01\/Jono.jpg 600w\" sizes=\"(max-width: 180px) 100vw, 180px\" \/><\/a> <strong>Jono Lancaste<\/strong>r f\u00f6ddes i <strong>Storbritannien<\/strong> med <strong>Treacher Collins syndrom (TCS)<\/strong>, en genetisk sjukdom som g\u00f6r att ansiktet blir underutvecklat.<br \/>\n<strong>TV4<\/strong> visade dokument\u00e4ren ig\u00e5r och Jono \u00e4r en fantastisk ung man som f\u00e5tt ett bra liv tack vare sin adoptivmamma. I programmet f\u00e5r man f\u00f6lja honom och hans flickv\u00e4n i vardagslivet. <a href=\"http:\/\/www.filindeblogg.nu\/?attachment_id=42161\" rel=\"attachment wp-att-42161\"><img loading=\"lazy\" class=\"alignnone size-full wp-image-42161\" title=\"Jono och hans flickv\u00e4n\" src=\"http:\/\/www.filindeblogg.nu\/wp-content\/uploads\/2013\/01\/Jono-och-hans-flickv\u00e4n.jpg\" alt=\"\" width=\"135\" height=\"96\" \/><\/a><\/p>\n<p>Hur Jono f\u00f6rs\u00f6ker komma \u00f6ver sitt d\u00e5liga sj\u00e4lvf\u00f6rtroende dels genom h\u00e5rd styrket\u00e4rning men ocks\u00e5 genom att tala om mobbing inf\u00f6r skolklasser och att tr\u00e4ffa barn med samma sjukdom. <a href=\"http:\/\/www.filindeblogg.nu\/?attachment_id=42162\" rel=\"attachment wp-att-42162\"><img loading=\"lazy\" class=\"alignnone size-full wp-image-42162\" title=\"Jono hj\u00e4lper andra barn\" src=\"http:\/\/www.filindeblogg.nu\/wp-content\/uploads\/2013\/01\/Jono-hj\u00e4lper-andra-barn.jpg\" alt=\"\" width=\"130\" height=\"78\" \/><\/a><br \/>\nJono ber\u00e4ttar bland annat att varje f\u00f6delsedag t\u00e4nker han p\u00e5 sina biologiska f\u00f6r\u00e4ldrar. Om de minns honom? Om de t\u00e4nker p\u00e5 honom? Om de kanske vill tr\u00e4ffa honom f\u00f6r att se hur han klarat sig?<br \/>\nJono best\u00e4mmer sig f\u00f6r att f\u00f6rs\u00f6ka f\u00e5 kontakt med f\u00f6r\u00e4ldrarna och vi f\u00e5r f\u00f6lja hans oro och nervositet inf\u00f6r hur det ska g\u00e5. Gl\u00e4dje ena stunden &#8211; r\u00e4dsla n\u00e4sta.<br \/>\nJono f\u00e5r sen besked fr\u00e5n adoptionsbyr\u00e5n att de haft kontakt med f\u00f6r\u00e4ldrarna men att de inte vill tr\u00e4ffa honom. F\u00f6r\u00e4ldrarna l\u00e5ter meddela att de inte vill att han ska f\u00f6rs\u00f6ka kontakta dem igen. \ud83d\ude41<\/p>\n<p>Se <a href=\"http:\/\/www.tv4.se\/jono\" target=\"_blank\"><strong>H\u00c4R<\/strong> <\/a>om Jono p\u00e5 TV4! Och l\u00e4s bl.a. <strong><a href=\"http:\/\/sv.wikipedia.org\/wiki\/Treacher_Collins_syndrom\" target=\"_blank\">H\u00c4R<\/a><\/strong> om Treacher Collins syndrom (TCS).<\/p>\n<p>Skr\u00e4mmande om oskyldiga sm\u00e5 barn och adoptioner.<\/p>\n<p>&nbsp;<\/p>\n<p><a href=\"http:\/\/www.filindeblogg.nu\/?attachment_id=42163\" rel=\"attachment wp-att-42163\"><img loading=\"lazy\" class=\"alignnone  wp-image-42163\" title=\"Kalashfolket\" src=\"http:\/\/www.filindeblogg.nu\/wp-content\/uploads\/2013\/01\/Kalashfolket-300x168.jpg\" alt=\"\" width=\"180\" height=\"101\" srcset=\"http:\/\/www.filindeblogg.nu\/wp-content\/uploads\/2013\/01\/Kalashfolket-300x168.jpg 300w, http:\/\/www.filindeblogg.nu\/wp-content\/uploads\/2013\/01\/Kalashfolket.jpg 992w\" sizes=\"(max-width: 180px) 100vw, 180px\" \/><\/a> Positivt var att se dokument\u00e4ren p\u00e5 <strong>Kunskapskanalen<\/strong> om <strong>Kalashfolket<\/strong> som lever bland bergen i norra <strong>Pakistan<\/strong>.<br \/>\nProgrammet heter <strong>&#8221;Kalash-folkets kvinnor&#8221;<\/strong> och presenteras s\u00e5 h\u00e4r p\u00e5 Kunskapskanalen:<br \/>\n&#8221;<em>Grekisk dokument\u00e4r fr\u00e5n 2011. I de pakistanska bergen finns en folkgrupp, kalasher, som inte blivit omv\u00e4nda till muslimer, utan dyrkar sina gudar. Kvinnorna \u00e4r mycket starka och ocks\u00e5 fria. En grekisk hj\u00e4lporganisation driver projekt som st\u00f6ttar kvinnor till studier, men dess representant kidnappas av talibanerna, s\u00e5 nu vet man inte hur det kommer att g\u00e5 f\u00f6r kvinnorna i Hindu Kush.&#8221;<\/em><\/p>\n<p>Mycket intressant och programmet s\u00e4nds faktiskt igen idag kl 12 i<a href=\"http:\/\/www.kunskapskanalen.se\/\" target=\"_blank\"> Kunskapskanalen<\/a>. Missar du det idag kan du se det i 27 dagar till p\u00e5 SVTPlay &#8211; <a href=\"http:\/\/www.svtplay.se\/video\/968425\/kalash-folkets-kvinnor\" target=\"_blank\"><strong>H\u00c4R!<\/strong><\/a><\/p>\n<p>P\u00e5 tal om udda f\u00f6reteelser l\u00e4ser jag i <strong>Aftonbladet<\/strong> att en forskare s\u00f6ker &#8221;\u00e4ventyrlig kvinna&#8221; som vill f\u00f6da en Neandertalarbaby&#8230;<br \/>\n<em><a href=\"http:\/\/www.filindeblogg.nu\/?attachment_id=42167\" rel=\"attachment wp-att-42167\"><img loading=\"lazy\" class=\"alignnone  wp-image-42167\" title=\"Neanderthal_Man_2457005b\" src=\"http:\/\/www.filindeblogg.nu\/wp-content\/uploads\/2013\/01\/Neanderthal_Man_2457005b-300x187.jpg\" alt=\"\" width=\"180\" height=\"112\" srcset=\"http:\/\/www.filindeblogg.nu\/wp-content\/uploads\/2013\/01\/Neanderthal_Man_2457005b-300x187.jpg 300w, http:\/\/www.filindeblogg.nu\/wp-content\/uploads\/2013\/01\/Neanderthal_Man_2457005b.jpg 620w\" sizes=\"(max-width: 180px) 100vw, 180px\" \/><\/a> <\/em>S\u00e5 h\u00e4r skriver\u00a0 <strong>Aftonbladet<\/strong>:<em>\u00a0 <\/em><img loading=\"lazy\" class=\"alignnone size-full wp-image-42164\" title=\"Neanderthalmannen\" src=\"http:\/\/www.filindeblogg.nu\/wp-content\/uploads\/2013\/01\/Neanderthalmannen.jpg\" alt=\"\" width=\"145\" height=\"202\" \/><em>&#8221;<strong>George Church<\/strong> har t\u00e4nkt igenom sin plan noggrant. Han tror inte bara att en neandertalare kan f\u00f6das igen \u2013 han vill se det h\u00e4nda genom att f\u00f6ra in fossilens DNA i en stamcell och upprepa processen s\u00e5 l\u00e4nge det beh\u00f6vs. F\u00f6r att klona en neandertalare kr\u00e4vs sedan bara en sak \u2013 en surrogatmamma&#8221;.<\/em> L\u00e4s<strong> <a href=\"http:\/\/www.aftonbladet.se\/nyheter\/article16101534.ab\" target=\"_blank\">H\u00c4R<\/a>!<\/strong><br \/>\nOch p\u00e5<strong> The Telegraph <a href=\"http:\/\/www.telegraph.co.uk\/science\/9814620\/I-can-create-Neanderthal-baby-I-just-need-willing-woman.html\" target=\"_blank\">H\u00c4R<\/a><\/strong>! <a href=\"http:\/\/www.filindeblogg.nu\/?attachment_id=42166\" rel=\"attachment wp-att-42166\"><img loading=\"lazy\" class=\"alignnone size-full wp-image-42166\" title=\"Neandertalare\" src=\"http:\/\/www.filindeblogg.nu\/wp-content\/uploads\/2013\/01\/Neandertalare.jpg\" alt=\"\" width=\"93\" height=\"118\" \/><\/a><br \/>\nSjukt! Vad blir det av en s\u00e5dan baby? Vem tar hand om henne eller honom? <a href=\"http:\/\/www.filindeblogg.nu\/?attachment_id=42165\" rel=\"attachment wp-att-42165\"><img loading=\"lazy\" class=\"alignnone  wp-image-42165\" title=\"Neandertal_768334c\" src=\"http:\/\/www.filindeblogg.nu\/wp-content\/uploads\/2013\/01\/Neandertal_768334c-300x199.jpg\" alt=\"\" width=\"180\" height=\"119\" srcset=\"http:\/\/www.filindeblogg.nu\/wp-content\/uploads\/2013\/01\/Neandertal_768334c-300x199.jpg 300w, http:\/\/www.filindeblogg.nu\/wp-content\/uploads\/2013\/01\/Neandertal_768334c.jpg 485w\" sizes=\"(max-width: 180px) 100vw, 180px\" \/><\/a> Bild ur<a href=\"http:\/\/www.svd.se\/nyheter\/utrikes\/neandertal-gener_6330140.svd\" target=\"_blank\"><strong> SvD<\/strong><\/a>.<\/p>\n<p><strong>Frankensteins monster<\/strong> &#8211; vari ligger skillnaden? <a href=\"http:\/\/www.filindeblogg.nu\/?attachment_id=42168\" rel=\"attachment wp-att-42168\"><img loading=\"lazy\" class=\"alignnone size-full wp-image-42168\" title=\"Frankensteins monster\" src=\"http:\/\/www.filindeblogg.nu\/wp-content\/uploads\/2013\/01\/Frankensteins-monster.jpg\" alt=\"\" width=\"93\" height=\"117\" \/><\/a><\/p>\n<p>Hur l\u00e5ngt ska vi m\u00e4nniskor till\u00e5tas att g\u00e5? Var finns etiken? G\u00e4ller det mesta men framf\u00f6r allt n\u00e4r det handlar om barn.<\/p>\n<p>\u00d6ver till n\u00e5got helt annat! Det h\u00e4r har jag plockat ur tidningen <strong>Dagens Samh\u00e4lle<\/strong>: <a href=\"http:\/\/www.filindeblogg.nu\/?attachment_id=42169\" rel=\"attachment wp-att-42169\"><img loading=\"lazy\" class=\"alignnone size-medium wp-image-42169\" title=\"IMG_2022 (4)\" src=\"http:\/\/www.filindeblogg.nu\/wp-content\/uploads\/2013\/01\/IMG_2022-4-225x300.jpg\" alt=\"\" width=\"225\" height=\"300\" srcset=\"http:\/\/www.filindeblogg.nu\/wp-content\/uploads\/2013\/01\/IMG_2022-4-225x300.jpg 225w, http:\/\/www.filindeblogg.nu\/wp-content\/uploads\/2013\/01\/IMG_2022-4.jpg 450w\" sizes=\"(max-width: 225px) 100vw, 225px\" \/><\/a><\/p>\n<p>Slutligen vill jag visa denna fina bild som tillh\u00f6r <a href=\"http:\/\/na.se\/nyheter\/2.2212\/1.1332690-valkommen-na-appen-\" target=\"_blank\"><strong>Nerikes Allehandas<\/strong> app<\/a>!<br \/>\n<a href=\"http:\/\/www.filindeblogg.nu\/?attachment_id=42170\" rel=\"attachment wp-att-42170\"><img loading=\"lazy\" class=\"size-medium wp-image-42170 aligncenter\" title=\"21 jan 13 005\" src=\"http:\/\/www.filindeblogg.nu\/wp-content\/uploads\/2013\/01\/21-jan-13-005-200x300.png\" alt=\"\" width=\"200\" height=\"300\" srcset=\"http:\/\/www.filindeblogg.nu\/wp-content\/uploads\/2013\/01\/21-jan-13-005-200x300.png 200w, http:\/\/www.filindeblogg.nu\/wp-content\/uploads\/2013\/01\/21-jan-13-005.png 320w\" sizes=\"(max-width: 200px) 100vw, 200px\" \/><\/a><\/p>\n<p><a href=\"http:\/\/www.filindeblogg.nu\/?attachment_id=42171\" rel=\"attachment wp-att-42171\"><img loading=\"lazy\" class=\"alignnone  wp-image-42171\" title=\"Kalenderblad\" src=\"http:\/\/www.filindeblogg.nu\/wp-content\/uploads\/2013\/01\/Kalenderblad20.jpg\" alt=\"\" width=\"109\" height=\"79\" \/><\/a><strong>Agnes<\/strong> och <strong>Agneta<\/strong> har namnsdag och ska firas! <strong>Grattis!<\/strong> <a href=\"http:\/\/www.filindeblogg.nu\/?attachment_id=42172\" rel=\"attachment wp-att-42172\"><img loading=\"lazy\" class=\"alignnone  wp-image-42172\" title=\"vykort flicka - Kopia\" src=\"http:\/\/www.filindeblogg.nu\/wp-content\/uploads\/2013\/01\/vykort-flicka-Kopia20.jpg\" alt=\"\" width=\"47\" height=\"83\" \/><\/a><\/p>\n<p>&nbsp;<\/p>\n","protected":false},"excerpt":{"rendered":"<p>Bloggaren \u00e4r sparsmakad vad g\u00e4ller TV-program. Jag avskyr s\u00e5por, gillar intressanta dokument\u00e4rer men kan emellan\u00e5t \u00e4ven titta p\u00e5 lite l\u00e4ttsammare s\u00e4ndningar som roar och f\u00f6rstr\u00f6r. I helgen som gick s\u00e5g jag n\u00e5gra program som jag funderar kring. F\u00f6rst ut blir det homosexuella paret i Storbritannien som skaffat sig fem barn. TV4 visade programmet och vi [&hellip;]<\/p>\n","protected":false},"author":1,"featured_media":0,"comment_status":"open","ping_status":"open","sticky":false,"template":"","format":"standard","meta":[],"categories":[100,147,149,101,134,130,150],"tags":[],"_links":{"self":[{"href":"http:\/\/www.filindeblogg.nu\/index.php?rest_route=\/wp\/v2\/posts\/42153"}],"collection":[{"href":"http:\/\/www.filindeblogg.nu\/index.php?rest_route=\/wp\/v2\/posts"}],"about":[{"href":"http:\/\/www.filindeblogg.nu\/index.php?rest_route=\/wp\/v2\/types\/post"}],"author":[{"embeddable":true,"href":"http:\/\/www.filindeblogg.nu\/index.php?rest_route=\/wp\/v2\/users\/1"}],"replies":[{"embeddable":true,"href":"http:\/\/www.filindeblogg.nu\/index.php?rest_route=%2Fwp%2Fv2%2Fcomments&post=42153"}],"version-history":[{"count":44,"href":"http:\/\/www.filindeblogg.nu\/index.php?rest_route=\/wp\/v2\/posts\/42153\/revisions"}],"predecessor-version":[{"id":42216,"href":"http:\/\/www.filindeblogg.nu\/index.php?rest_route=\/wp\/v2\/posts\/42153\/revisions\/42216"}],"wp:attachment":[{"href":"http:\/\/www.filindeblogg.nu\/index.php?rest_route=%2Fwp%2Fv2%2Fmedia&parent=42153"}],"wp:term":[{"taxonomy":"category","embeddable":true,"href":"http:\/\/www.filindeblogg.nu\/index.php?rest_route=%2Fwp%2Fv2%2Fcategories&post=42153"},{"taxonomy":"post_tag","embeddable":true,"href":"http:\/\/www.filindeblogg.nu\/index.php?rest_route=%2Fwp%2Fv2%2Ftags&post=42153"}],"curies":[{"name":"wp","href":"https:\/\/api.w.org\/{rel}","templated":true}]}}