{"id":41933,"date":"2013-01-14T11:11:38","date_gmt":"2013-01-14T10:11:38","guid":{"rendered":"http:\/\/www.filindeblogg.nu\/?p=41933"},"modified":"2013-01-14T11:11:40","modified_gmt":"2013-01-14T10:11:40","slug":"ankdammsnytt-fran-mitt-kara-arboga","status":"publish","type":"post","link":"http:\/\/www.filindeblogg.nu\/?p=41933","title":{"rendered":"Ankdammsnytt fr\u00e5n mitt k\u00e4ra Arboga"},"content":{"rendered":"<p><a href=\"http:\/\/www.filindeblogg.nu\/?attachment_id=41934\" rel=\"attachment wp-att-41934\"><img loading=\"lazy\" class=\"alignnone size-full wp-image-41934\" title=\"Arboga fr\u00e5n Wikipedia\" src=\"http:\/\/www.filindeblogg.nu\/wp-content\/uploads\/2013\/01\/Arboga-fr\u00e5n-Wikipedia.jpg\" alt=\"\" width=\"111\" height=\"74\" \/><\/a><strong><em> &#8221;Den lilla fina staden Arboga&#8221;<\/em><\/strong> eller<strong><em> &#8221;Arboga &#8211; plats f\u00f6r inspiration&#8221;<\/em><\/strong>.<\/p>\n<p>Men hur fin \u00e4r min hemstad och hur mycket plats f\u00e5r inspirationen egentligen ta?<br \/>\n<a href=\"http:\/\/www.filindeblogg.nu\/?attachment_id=41935\" rel=\"attachment wp-att-41935\"><img loading=\"lazy\" class=\"alignnone size-full wp-image-41935\" title=\"Badanka liten s\u00f6t\" src=\"http:\/\/www.filindeblogg.nu\/wp-content\/uploads\/2013\/01\/Badanka-liten-s\u00f6t.jpg\" alt=\"\" width=\"111\" height=\"42\" \/><\/a><strong>Ankdammsnytt<\/strong> f\u00f6ljer!<\/p>\n<p>Den h\u00e4r vyn framtr\u00e4der n\u00e4r man kommer ut fr\u00e5n j\u00e4rnv\u00e4gsstationen, centralt i<strong> Arboga<\/strong>: <a href=\"http:\/\/www.filindeblogg.nu\/?attachment_id=41936\" rel=\"attachment wp-att-41936\"><img loading=\"lazy\" class=\"alignnone  wp-image-41936\" title=\"IMG_1930 (4)\" src=\"http:\/\/www.filindeblogg.nu\/wp-content\/uploads\/2013\/01\/IMG_1930-4-300x225.jpg\" alt=\"\" width=\"180\" height=\"135\" srcset=\"http:\/\/www.filindeblogg.nu\/wp-content\/uploads\/2013\/01\/IMG_1930-4-300x225.jpg 300w, http:\/\/www.filindeblogg.nu\/wp-content\/uploads\/2013\/01\/IMG_1930-4.jpg 600w\" sizes=\"(max-width: 180px) 100vw, 180px\" \/><\/a> Ser det kul ut? Inbjudande? Kunde det inte vara precis vilken liten sm\u00e5stadsh\u00e5la som helst &#8211; v\u00e5rt fina, medeltida Arboga!?<\/p>\n<p>Bloggaren \u00e4r full av inspiration och kreativitet och har naturligtvis p\u00e5talat saker och ting i tid och otid f\u00f6r kommunens styrande liksom de som \u00e4r satta att marknadsf\u00f6ra stan.<br \/>\nI b\u00f6rjan av november skickade jag ett medborgarf\u00f6rslag om hur Arboga borde v\u00e4lkomna resande p\u00e5 stationen. Det \u00e4r m\u00f6jligt att medborgarf\u00f6rslaget kommit bort f\u00f6r hittills har jag inte ens f\u00e5tt en bekr\u00e4ftelse p\u00e5 att det mottagits. Inspirerande&#8230;?<\/p>\n<p><a href=\"http:\/\/www.filindeblogg.nu\/?attachment_id=41937\" rel=\"attachment wp-att-41937\"><img loading=\"lazy\" class=\"alignnone  wp-image-41937\" title=\"Bruns hus 1\" src=\"http:\/\/www.filindeblogg.nu\/wp-content\/uploads\/2013\/01\/Bruns-hus-1-300x225.jpg\" alt=\"\" width=\"180\" height=\"135\" srcset=\"http:\/\/www.filindeblogg.nu\/wp-content\/uploads\/2013\/01\/Bruns-hus-1-300x225.jpg 300w, http:\/\/www.filindeblogg.nu\/wp-content\/uploads\/2013\/01\/Bruns-hus-1.jpg 600w\" sizes=\"(max-width: 180px) 100vw, 180px\" \/><\/a> Det h\u00e4r \u00e4r en v\u00e4lk\u00e4nd vy &#8211; sedd fr\u00e5n <strong>\u00d6stra Nygatan<\/strong>.<br \/>\nOch h\u00e4r fr\u00e5n <strong>Centrumleden<\/strong>: <a href=\"http:\/\/www.filindeblogg.nu\/?attachment_id=41938\" rel=\"attachment wp-att-41938\"><img loading=\"lazy\" class=\"alignnone  wp-image-41938\" title=\"Bruns hus 5\" src=\"http:\/\/www.filindeblogg.nu\/wp-content\/uploads\/2013\/01\/Bruns-hus-5-300x225.jpg\" alt=\"\" width=\"180\" height=\"135\" srcset=\"http:\/\/www.filindeblogg.nu\/wp-content\/uploads\/2013\/01\/Bruns-hus-5-300x225.jpg 300w, http:\/\/www.filindeblogg.nu\/wp-content\/uploads\/2013\/01\/Bruns-hus-5.jpg 600w\" sizes=\"(max-width: 180px) 100vw, 180px\" \/><\/a><strong> Bruns<\/strong> kallas huset genom fotografen<strong> Sam Brun<\/strong> som kom till Arboga 1916 och fr\u00e5n 1923 blev \u00e4gare till fastigheten p\u00e5 <strong>Nygatan<\/strong>.<br \/>\n<a href=\"http:\/\/www.filindeblogg.nu\/?attachment_id=41939\" rel=\"attachment wp-att-41939\"><img loading=\"lazy\" class=\"alignnone  wp-image-41939\" title=\"14 jan 2013 011\" src=\"http:\/\/www.filindeblogg.nu\/wp-content\/uploads\/2013\/01\/14-jan-2013-011-300x225.jpg\" alt=\"\" width=\"180\" height=\"135\" srcset=\"http:\/\/www.filindeblogg.nu\/wp-content\/uploads\/2013\/01\/14-jan-2013-011-300x225.jpg 300w, http:\/\/www.filindeblogg.nu\/wp-content\/uploads\/2013\/01\/14-jan-2013-011.jpg 308w\" sizes=\"(max-width: 180px) 100vw, 180px\" \/><\/a> <strong>Sam Brun.<\/strong><\/p>\n<p>S\u00e5 h\u00e4r s\u00e5g huset ut p\u00e5 den tiden: <a href=\"http:\/\/www.filindeblogg.nu\/?attachment_id=41940\" rel=\"attachment wp-att-41940\"><img loading=\"lazy\" class=\"alignnone size-medium wp-image-41940\" title=\"14 jan 2013 010\" src=\"http:\/\/www.filindeblogg.nu\/wp-content\/uploads\/2013\/01\/14-jan-2013-010-300x225.jpg\" alt=\"\" width=\"300\" height=\"225\" srcset=\"http:\/\/www.filindeblogg.nu\/wp-content\/uploads\/2013\/01\/14-jan-2013-010-300x225.jpg 300w, http:\/\/www.filindeblogg.nu\/wp-content\/uploads\/2013\/01\/14-jan-2013-010.jpg 308w\" sizes=\"(max-width: 300px) 100vw, 300px\" \/><\/a> Bilderna och informationen har jag hittat hos<strong> Lennart \u00d6st<\/strong> via <strong>Arboga Museum<\/strong> &#8211; se <a href=\"http:\/\/www.arbogamuseum.se\/FotoDok\/LennartOstWeb.pdf\" target=\"_blank\"><strong>H\u00c4R<\/strong><\/a>!<\/p>\n<p>S\u00e5 sm\u00e5ningom tog fotografen <strong>Lennart Andersson<\/strong> \u00f6ver huset och atelj\u00e9n tillsammans med sin hustru <strong>Margaretha<\/strong>. B\u00e5da avled hastigt i slutet av f\u00f6rra \u00e5ret.<br \/>\n<a href=\"http:\/\/www.filindeblogg.nu\/?attachment_id=41941\" rel=\"attachment wp-att-41941\"><img loading=\"lazy\" class=\"alignnone  wp-image-41941\" title=\"Bruns hus 3\" src=\"http:\/\/www.filindeblogg.nu\/wp-content\/uploads\/2013\/01\/Bruns-hus-3-225x300.jpg\" alt=\"\" width=\"135\" height=\"180\" srcset=\"http:\/\/www.filindeblogg.nu\/wp-content\/uploads\/2013\/01\/Bruns-hus-3-225x300.jpg 225w, http:\/\/www.filindeblogg.nu\/wp-content\/uploads\/2013\/01\/Bruns-hus-3.jpg 450w\" sizes=\"(max-width: 135px) 100vw, 135px\" \/><\/a> Man kan undra vad som ska h\u00e4nda med huset nu? Finns det sl\u00e4ktingar till paret Andersson som t\u00e4nker ta \u00f6ver? Kommer fastigheten att s\u00e4ljas?<\/p>\n<p>De h\u00e4r gamla husen med anor \u00e4r det som g\u00f6r Arboga.<\/p>\n<p>H\u00e4r ett annat: <a href=\"http:\/\/www.filindeblogg.nu\/?attachment_id=41942\" rel=\"attachment wp-att-41942\"><img loading=\"lazy\" class=\"alignnone  wp-image-41942\" title=\"Glasbl\u00e5sarg\u00e5rden 1\" src=\"http:\/\/www.filindeblogg.nu\/wp-content\/uploads\/2013\/01\/Glasbl\u00e5sarg\u00e5rden-1-300x225.jpg\" alt=\"\" width=\"180\" height=\"135\" srcset=\"http:\/\/www.filindeblogg.nu\/wp-content\/uploads\/2013\/01\/Glasbl\u00e5sarg\u00e5rden-1-300x225.jpg 300w, http:\/\/www.filindeblogg.nu\/wp-content\/uploads\/2013\/01\/Glasbl\u00e5sarg\u00e5rden-1.jpg 600w\" sizes=\"(max-width: 180px) 100vw, 180px\" \/><\/a> <strong>Glasbl\u00e5sarg\u00e5rden<\/strong> runt \u00e5r 1900.<br \/>\nEn fotograf har kommit till <strong>Stora Nygatan<\/strong>, som gatan hette d\u00e5.<br \/>\nUppst\u00e5ndelsen \u00e4r stor. <a href=\"http:\/\/www.filindeblogg.nu\/?attachment_id=41943\" rel=\"attachment wp-att-41943\"><img loading=\"lazy\" class=\"alignnone  wp-image-41943\" title=\"IMG_1949 (4)\" src=\"http:\/\/www.filindeblogg.nu\/wp-content\/uploads\/2013\/01\/IMG_1949-4-300x225.jpg\" alt=\"\" width=\"180\" height=\"135\" srcset=\"http:\/\/www.filindeblogg.nu\/wp-content\/uploads\/2013\/01\/IMG_1949-4-300x225.jpg 300w, http:\/\/www.filindeblogg.nu\/wp-content\/uploads\/2013\/01\/IMG_1949-4.jpg 600w\" sizes=\"(max-width: 180px) 100vw, 180px\" \/><\/a> Sm\u00e5killarna tittar f\u00f6rundrat. N\u00e5gra kvinnor har \u00f6ppnat f\u00f6nstren f\u00f6r att f\u00f6lja vad som h\u00e4nder. <a href=\"http:\/\/www.filindeblogg.nu\/?attachment_id=41944\" rel=\"attachment wp-att-41944\"><img loading=\"lazy\" class=\"alignnone  wp-image-41944\" title=\"IMG_1945 (4)\" src=\"http:\/\/www.filindeblogg.nu\/wp-content\/uploads\/2013\/01\/IMG_1945-4-300x225.jpg\" alt=\"\" width=\"180\" height=\"135\" srcset=\"http:\/\/www.filindeblogg.nu\/wp-content\/uploads\/2013\/01\/IMG_1945-4-300x225.jpg 300w, http:\/\/www.filindeblogg.nu\/wp-content\/uploads\/2013\/01\/IMG_1945-4.jpg 600w\" sizes=\"(max-width: 180px) 100vw, 180px\" \/><\/a><\/p>\n<p>I <strong>Arboga Skivbyr\u00e5s<\/strong> skyltf\u00f6nster p\u00e5<strong> \u00d6stra Nygatan<\/strong>\u00a0 finns ocks\u00e5 bilder \u00f6ver gamla Arboga. <a href=\"http:\/\/www.filindeblogg.nu\/?attachment_id=41945\" rel=\"attachment wp-att-41945\"><img loading=\"lazy\" class=\"alignnone  wp-image-41945\" title=\"IMG_1937 (4)\" src=\"http:\/\/www.filindeblogg.nu\/wp-content\/uploads\/2013\/01\/IMG_1937-4-225x300.jpg\" alt=\"\" width=\"135\" height=\"180\" srcset=\"http:\/\/www.filindeblogg.nu\/wp-content\/uploads\/2013\/01\/IMG_1937-4-225x300.jpg 225w, http:\/\/www.filindeblogg.nu\/wp-content\/uploads\/2013\/01\/IMG_1937-4.jpg 450w\" sizes=\"(max-width: 135px) 100vw, 135px\" \/><\/a><\/p>\n<p>Bloggaren har f\u00f6reslagit ett byggnadsv\u00e5rdspris genom en motion till kommunen<a href=\"http:\/\/www.expressen.se\/nyheter\/grovt-valdsbrott-i-orebrotrakten\/\" target=\"_blank\">.<\/a> Inget har h\u00e4nt.<br \/>\n\u00c4r inte Arbogas fina gamla k\u00e5kar v\u00e4rda att bevara?\u00a0 \u00c4r det inte just den gammaldags bebyggelsen som g\u00f6r stan! Som f\u00e5r Arboga att utm\u00e4rka sig bland andra st\u00e4der? S\u00e5 att det inte blir en stad med samma gamla trista centrum som hos alla andra!<\/p>\n<p>Ankdammsnytt via lokalbladet kan se ut s\u00e5 h\u00e4r: <a href=\"http:\/\/www.filindeblogg.nu\/?attachment_id=41946\" rel=\"attachment wp-att-41946\"><img loading=\"lazy\" class=\"alignnone  wp-image-41946\" title=\"IMG_1970 (5)\" src=\"http:\/\/www.filindeblogg.nu\/wp-content\/uploads\/2013\/01\/IMG_1970-5-225x300.jpg\" alt=\"\" width=\"135\" height=\"180\" srcset=\"http:\/\/www.filindeblogg.nu\/wp-content\/uploads\/2013\/01\/IMG_1970-5-225x300.jpg 225w, http:\/\/www.filindeblogg.nu\/wp-content\/uploads\/2013\/01\/IMG_1970-5.jpg 450w\" sizes=\"(max-width: 135px) 100vw, 135px\" \/><\/a> F\u00f6rstasidesnyhet: <strong><em>&#8221;SD-ledamoten \u00e4r sp\u00e5rl\u00f6st borta&#8221;<\/em><\/strong>!<br \/>\nSka vi kalla p\u00e5 <strong><em>&#8221;Missing people Sverige&#8221;<\/em><\/strong>?? \u00c4r Polisen inkopplad??<\/p>\n<p>Nej, det handlar f\u00f6rst\u00e5s bara om en kille som flyttat fr\u00e5n stan. <a href=\"http:\/\/www.filindeblogg.nu\/?attachment_id=41947\" rel=\"attachment wp-att-41947\"><img loading=\"lazy\" class=\"alignnone  wp-image-41947\" title=\"IMG_1972 (5)\" src=\"http:\/\/www.filindeblogg.nu\/wp-content\/uploads\/2013\/01\/IMG_1972-5-300x225.jpg\" alt=\"\" width=\"180\" height=\"135\" srcset=\"http:\/\/www.filindeblogg.nu\/wp-content\/uploads\/2013\/01\/IMG_1972-5-300x225.jpg 300w, http:\/\/www.filindeblogg.nu\/wp-content\/uploads\/2013\/01\/IMG_1972-5.jpg 600w\" sizes=\"(max-width: 180px) 100vw, 180px\" \/><\/a> Med dagens teknik \u00e4r det r\u00e4tt sv\u00e5rt att bara &#8221;f\u00f6rsvinna&#8221;. Sen kan det ju vara olika orsaker till att man h\u00e5ller sig borta. Man \u00e4r sjuk, inte vill, eller helt enkelt inte haft tid p\u00e5 grund av arbete.<\/p>\n<p><a href=\"http:\/\/www.filindeblogg.nu\/?attachment_id=41948\" rel=\"attachment wp-att-41948\"><img loading=\"lazy\" class=\"alignnone  wp-image-41948\" title=\"IMG_1971 (5)\" src=\"http:\/\/www.filindeblogg.nu\/wp-content\/uploads\/2013\/01\/IMG_1971-5-300x225.jpg\" alt=\"\" width=\"180\" height=\"135\" srcset=\"http:\/\/www.filindeblogg.nu\/wp-content\/uploads\/2013\/01\/IMG_1971-5-300x225.jpg 300w, http:\/\/www.filindeblogg.nu\/wp-content\/uploads\/2013\/01\/IMG_1971-5.jpg 600w\" sizes=\"(max-width: 180px) 100vw, 180px\" \/><\/a> Bloggaren, till v\u00e4nster i bild, delar givetvis inte <strong>Mathias S\u00f6derstr\u00f6ms<\/strong> \u00e5sikter &#8211; men v\u00e4l arbetsb\u00e4nk den tid det begav sig. Vi pratade en del och jag har full koll p\u00e5 var Mathias S\u00f6derstr\u00f6m h\u00e5ller hus! \ud83d\ude42<br \/>\nBilderna \u00e4r fotograferade fr\u00e5n dagens <a href=\"http:\/\/bblat.se\/nyheter\" target=\"_blank\"><strong>Arboga Tidning<\/strong><\/a>.<\/p>\n<p>Tyv\u00e4rr \u00e4r det helt andra nyheter som kommer att pr\u00e4gla morgondagens tidning<a href=\"http:\/\/www.svd.se\/nyheter\/inrikes\/tva-doda-i-skottdrama_7822714.svd\" target=\"_blank\">. <\/a>H\u00e4ndelser som \u00e4r riksnyheter<a href=\"http:\/\/www.aftonbladet.se\/nyheter\/article16065193.ab\" target=\"_blank\">.<\/a> <a href=\"http:\/\/www.filindeblogg.nu\/?attachment_id=41949\" rel=\"attachment wp-att-41949\"><img loading=\"lazy\" class=\"alignnone  wp-image-41949\" title=\"IMG_1975 (5)\" src=\"http:\/\/www.filindeblogg.nu\/wp-content\/uploads\/2013\/01\/IMG_1975-5-300x225.jpg\" alt=\"\" width=\"180\" height=\"135\" srcset=\"http:\/\/www.filindeblogg.nu\/wp-content\/uploads\/2013\/01\/IMG_1975-5-300x225.jpg 300w, http:\/\/www.filindeblogg.nu\/wp-content\/uploads\/2013\/01\/IMG_1975-5.jpg 600w\" sizes=\"(max-width: 180px) 100vw, 180px\" \/><\/a> Du kan l\u00e4sa mer<a href=\"http:\/\/bblat.se\/nyheter\/arboga\/1.1943250-tva-doda-i-svartsjukedrama\" target=\"_blank\"><strong> H\u00c4R<\/strong><\/a> p\u00e5 Arboga Tidnings hemsida.<\/p>\n<p>\u00c5ter har Arboga hamnat i fokus p\u00e5 ett d\u00e5ligt s\u00e4tt. Skadeg\u00f6relse, rasism och mord \u00e4r s\u00e5dant som m\u00e5nga idag f\u00f6rknippar Arboga med<a href=\"http:\/\/www.dn.se\/nyheter\/sverige\/tva-doda-i-skottdrama-i-orebro\" target=\"_blank\">.<\/a> Vad kan vi alla g\u00f6ra f\u00f6r att v\u00e4nda trenden?<br \/>\nHur kan platsen f\u00f6r inspiration bli &#8221;p\u00e5 riktigt&#8221;? N\u00e4r tas id\u00e9er och f\u00f6rslag p\u00e5 allvar? N\u00e4r b\u00f6rjar socialtj\u00e4nst och polis p\u00e5 uppdrag av kommunpolitikerna att ta i v\u00e5ldsamheterna? \u00c4r de kriminella aktiviteterna tillf\u00e4lligheter eller bildar de ett m\u00f6nster?<br \/>\n<strong>N\u00e4r kan vi f\u00e5 tillbaka den lilla fina staden Arboga?<\/strong><\/p>\n<p>M\u00e5ndag igen och julen \u00e4r \u00f6ver. <a href=\"http:\/\/www.filindeblogg.nu\/?attachment_id=41950\" rel=\"attachment wp-att-41950\"><img loading=\"lazy\" class=\"alignnone  wp-image-41950\" title=\"IMG_1925 (4)\" src=\"http:\/\/www.filindeblogg.nu\/wp-content\/uploads\/2013\/01\/IMG_1925-41-300x225.jpg\" alt=\"\" width=\"180\" height=\"135\" srcset=\"http:\/\/www.filindeblogg.nu\/wp-content\/uploads\/2013\/01\/IMG_1925-41-300x225.jpg 300w, http:\/\/www.filindeblogg.nu\/wp-content\/uploads\/2013\/01\/IMG_1925-41.jpg 600w\" sizes=\"(max-width: 180px) 100vw, 180px\" \/><\/a> Ig\u00e5r s\u00e5 h\u00e4r!<\/p>\n<p>Idag: <a href=\"http:\/\/www.filindeblogg.nu\/?attachment_id=41951\" rel=\"attachment wp-att-41951\"><img loading=\"lazy\" class=\"alignnone  wp-image-41951\" title=\"IMG_1968 (4)\" src=\"http:\/\/www.filindeblogg.nu\/wp-content\/uploads\/2013\/01\/IMG_1968-4-300x225.jpg\" alt=\"\" width=\"180\" height=\"135\" srcset=\"http:\/\/www.filindeblogg.nu\/wp-content\/uploads\/2013\/01\/IMG_1968-4-300x225.jpg 300w, http:\/\/www.filindeblogg.nu\/wp-content\/uploads\/2013\/01\/IMG_1968-4.jpg 600w\" sizes=\"(max-width: 180px) 100vw, 180px\" \/><\/a><\/p>\n<p>Det k\u00e4nns r\u00e4tt sk\u00f6nt att vardagen \u00e4r h\u00e4r. <a href=\"http:\/\/www.filindeblogg.nu\/?attachment_id=41952\" rel=\"attachment wp-att-41952\"><img loading=\"lazy\" class=\"alignnone  wp-image-41952\" title=\"IMG_1920 (4)\" src=\"http:\/\/www.filindeblogg.nu\/wp-content\/uploads\/2013\/01\/IMG_1920-41-225x300.jpg\" alt=\"\" width=\"135\" height=\"180\" srcset=\"http:\/\/www.filindeblogg.nu\/wp-content\/uploads\/2013\/01\/IMG_1920-41-225x300.jpg 225w, http:\/\/www.filindeblogg.nu\/wp-content\/uploads\/2013\/01\/IMG_1920-41.jpg 450w\" sizes=\"(max-width: 135px) 100vw, 135px\" \/><\/a> Stj\u00e4rnan lyste upp decemberm\u00f6rkret<br \/>\n&#8211; men nu blir det ljusare och ljusare f\u00f6r var dag som g\u00e5r! \ud83d\ude42 <a href=\"http:\/\/www.filindeblogg.nu\/?attachment_id=41953\" rel=\"attachment wp-att-41953\"><img loading=\"lazy\" class=\"alignnone  wp-image-41953\" title=\"IMG_1969 (4)\" src=\"http:\/\/www.filindeblogg.nu\/wp-content\/uploads\/2013\/01\/IMG_1969-4-225x300.jpg\" alt=\"\" width=\"135\" height=\"180\" srcset=\"http:\/\/www.filindeblogg.nu\/wp-content\/uploads\/2013\/01\/IMG_1969-4-225x300.jpg 225w, http:\/\/www.filindeblogg.nu\/wp-content\/uploads\/2013\/01\/IMG_1969-4.jpg 450w\" sizes=\"(max-width: 135px) 100vw, 135px\" \/><\/a><\/p>\n<p><a href=\"http:\/\/www.filindeblogg.nu\/?attachment_id=41954\" rel=\"attachment wp-att-41954\"><img loading=\"lazy\" class=\"alignnone  wp-image-41954\" title=\"Kalenderblad\" src=\"http:\/\/www.filindeblogg.nu\/wp-content\/uploads\/2013\/01\/Kalenderblad13.jpg\" alt=\"\" width=\"109\" height=\"79\" \/><\/a>Dagens namnsdagsbarn \u00e4r <strong>Felix<\/strong> och <strong>Felicia<\/strong>. <strong>Grattis!<\/strong> <a href=\"http:\/\/www.filindeblogg.nu\/?attachment_id=41955\" rel=\"attachment wp-att-41955\"><img loading=\"lazy\" class=\"alignnone  wp-image-41955\" title=\"vykort flicka - Kopia\" src=\"http:\/\/www.filindeblogg.nu\/wp-content\/uploads\/2013\/01\/vykort-flicka-Kopia13.jpg\" alt=\"\" width=\"47\" height=\"83\" \/><\/a><\/p>\n<p style=\"text-align: center;\">Min Felix ska nog f\u00e5 n\u00e5got extra gott ikv\u00e4ll! \ud83d\ude42<\/p>\n<p style=\"text-align: center;\"><a href=\"http:\/\/www.filindeblogg.nu\/?attachment_id=41956\" rel=\"attachment wp-att-41956\"><img loading=\"lazy\" class=\"aligncenter size-full wp-image-41956\" title=\"Felix 121112 -\" src=\"http:\/\/www.filindeblogg.nu\/wp-content\/uploads\/2013\/01\/Felix-121112-.jpg\" alt=\"\" width=\"113\" height=\"150\" \/><\/a><\/p>\n<p>&nbsp;<\/p>\n<p>&nbsp;<\/p>\n<p>&nbsp;<\/p>\n<p>&nbsp;<\/p>\n","protected":false},"excerpt":{"rendered":"<p>&#8221;Den lilla fina staden Arboga&#8221; eller &#8221;Arboga &#8211; plats f\u00f6r inspiration&#8221;. Men hur fin \u00e4r min hemstad och hur mycket plats f\u00e5r inspirationen egentligen ta? Ankdammsnytt f\u00f6ljer! Den h\u00e4r vyn framtr\u00e4der n\u00e4r man kommer ut fr\u00e5n j\u00e4rnv\u00e4gsstationen, centralt i Arboga: Ser det kul ut? Inbjudande? Kunde det inte vara precis vilken liten sm\u00e5stadsh\u00e5la som helst [&hellip;]<\/p>\n","protected":false},"author":1,"featured_media":0,"comment_status":"open","ping_status":"open","sticky":false,"template":"","format":"standard","meta":[],"categories":[118,127,41,137,100,149,151,101],"tags":[],"_links":{"self":[{"href":"http:\/\/www.filindeblogg.nu\/index.php?rest_route=\/wp\/v2\/posts\/41933"}],"collection":[{"href":"http:\/\/www.filindeblogg.nu\/index.php?rest_route=\/wp\/v2\/posts"}],"about":[{"href":"http:\/\/www.filindeblogg.nu\/index.php?rest_route=\/wp\/v2\/types\/post"}],"author":[{"embeddable":true,"href":"http:\/\/www.filindeblogg.nu\/index.php?rest_route=\/wp\/v2\/users\/1"}],"replies":[{"embeddable":true,"href":"http:\/\/www.filindeblogg.nu\/index.php?rest_route=%2Fwp%2Fv2%2Fcomments&post=41933"}],"version-history":[{"count":18,"href":"http:\/\/www.filindeblogg.nu\/index.php?rest_route=\/wp\/v2\/posts\/41933\/revisions"}],"predecessor-version":[{"id":41974,"href":"http:\/\/www.filindeblogg.nu\/index.php?rest_route=\/wp\/v2\/posts\/41933\/revisions\/41974"}],"wp:attachment":[{"href":"http:\/\/www.filindeblogg.nu\/index.php?rest_route=%2Fwp%2Fv2%2Fmedia&parent=41933"}],"wp:term":[{"taxonomy":"category","embeddable":true,"href":"http:\/\/www.filindeblogg.nu\/index.php?rest_route=%2Fwp%2Fv2%2Fcategories&post=41933"},{"taxonomy":"post_tag","embeddable":true,"href":"http:\/\/www.filindeblogg.nu\/index.php?rest_route=%2Fwp%2Fv2%2Ftags&post=41933"}],"curies":[{"name":"wp","href":"https:\/\/api.w.org\/{rel}","templated":true}]}}