{"id":41712,"date":"2013-01-10T09:11:30","date_gmt":"2013-01-10T08:11:30","guid":{"rendered":"http:\/\/www.filindeblogg.nu\/?p=41712"},"modified":"2013-01-10T09:11:30","modified_gmt":"2013-01-10T08:11:30","slug":"associationer","status":"publish","type":"post","link":"http:\/\/www.filindeblogg.nu\/?p=41712","title":{"rendered":"Associationer"},"content":{"rendered":"<p>Idag handlar det om associationer. Bloggarens egna &#8211; kanske ocks\u00e5 dina?<\/p>\n<p><a href=\"http:\/\/www.filindeblogg.nu\/?attachment_id=41713\" rel=\"attachment wp-att-41713\"><img loading=\"lazy\" class=\"alignnone  wp-image-41713\" title=\"IMG_1902 (3)\" src=\"http:\/\/www.filindeblogg.nu\/wp-content\/uploads\/2013\/01\/IMG_1902-3-300x225.jpg\" alt=\"\" width=\"180\" height=\"135\" srcset=\"http:\/\/www.filindeblogg.nu\/wp-content\/uploads\/2013\/01\/IMG_1902-3-300x225.jpg 300w, http:\/\/www.filindeblogg.nu\/wp-content\/uploads\/2013\/01\/IMG_1902-3.jpg 600w\" sizes=\"(max-width: 180px) 100vw, 180px\" \/><\/a> Den h\u00e4r fina, men nu ack s\u00e5 tomma chokladasken f\u00e5r mig att t\u00e4nka p\u00e5 en sn\u00e4ll bror med familj som f\u00f6r\u00e4rade oss en smakfull julklapp!<br \/>\nMen &#8211; associationerna g\u00e5r vidare&#8230; <a href=\"http:\/\/www.filindeblogg.nu\/?attachment_id=41714\" rel=\"attachment wp-att-41714\"><img loading=\"lazy\" class=\"alignnone  wp-image-41714\" title=\"IMG_1903 (3)\" src=\"http:\/\/www.filindeblogg.nu\/wp-content\/uploads\/2013\/01\/IMG_1903-3-300x225.jpg\" alt=\"\" width=\"180\" height=\"135\" srcset=\"http:\/\/www.filindeblogg.nu\/wp-content\/uploads\/2013\/01\/IMG_1903-3-300x225.jpg 300w, http:\/\/www.filindeblogg.nu\/wp-content\/uploads\/2013\/01\/IMG_1903-3.jpg 600w\" sizes=\"(max-width: 180px) 100vw, 180px\" \/><\/a> Den tomma, fina asken associerar jag till liknande askar men fulla med pappersdockor! <a href=\"http:\/\/www.filindeblogg.nu\/?attachment_id=41715\" rel=\"attachment wp-att-41715\"><img loading=\"lazy\" class=\"alignnone size-full wp-image-41715\" title=\"Pappersdocka 1\" src=\"http:\/\/www.filindeblogg.nu\/wp-content\/uploads\/2013\/01\/Pappersdocka-1.jpg\" alt=\"\" width=\"105\" height=\"144\" \/><\/a>N\u00e4r man lyfte p\u00e5 locket till kartongen d\u00f6k de upp! <a href=\"http:\/\/www.filindeblogg.nu\/?attachment_id=41716\" rel=\"attachment wp-att-41716\"><img loading=\"lazy\" class=\"alignnone size-full wp-image-41716\" title=\"Pappersdocka 2\" src=\"http:\/\/www.filindeblogg.nu\/wp-content\/uploads\/2013\/01\/Pappersdocka-2.jpg\" alt=\"\" width=\"105\" height=\"144\" \/><\/a> Sm\u00e5barn var extra roligt att ha. <a href=\"http:\/\/www.filindeblogg.nu\/?attachment_id=41717\" rel=\"attachment wp-att-41717\"><img loading=\"lazy\" class=\"alignnone size-full wp-image-41717\" title=\"Pappersdocka barn\" src=\"http:\/\/www.filindeblogg.nu\/wp-content\/uploads\/2013\/01\/Pappersdocka-barn.jpg\" alt=\"\" width=\"105\" height=\"144\" \/><\/a><\/p>\n<p>Lyckan var stor n\u00e4r veckotidningen inneh\u00f6ll en ny docka och inte bara kl\u00e4der n\u00e4r man v\u00e4ntat en hel vecka p\u00e5 n\u00e4sta tidning.\u00a0<a href=\"http:\/\/www.filindeblogg.nu\/?attachment_id=41718\" rel=\"attachment wp-att-41718\"><img loading=\"lazy\" class=\"alignnone  wp-image-41718\" title=\"Klippdockor-tidningar-300x224\" src=\"http:\/\/www.filindeblogg.nu\/wp-content\/uploads\/2013\/01\/Klippdockor-tidningar-300x224.jpg\" alt=\"\" width=\"180\" height=\"134\" \/><\/a><br \/>\nMin lekkamrat<strong> Eleonor<\/strong> och jag brukade tr\u00e4ffas med v\u00e5ra kartonger och leka, leka, leka.Tomma chokladaskar blev perfekta hem f\u00f6r dockorna!<\/p>\n<p>Lek med pappersdockor \u00e4r n\u00e4ra f\u00f6rknippat med docksk\u00e5pslek. <a href=\"http:\/\/www.filindeblogg.nu\/?attachment_id=41719\" rel=\"attachment wp-att-41719\"><img loading=\"lazy\" class=\"alignnone size-full wp-image-41719\" title=\"Docksk\u00e5p\" src=\"http:\/\/www.filindeblogg.nu\/wp-content\/uploads\/2013\/01\/Docksk\u00e5p.jpg\" alt=\"\" width=\"124\" height=\"70\" \/><\/a>Tjejigt, tycker n\u00e5gon, men min lillebror ville alltid vara med och leka docksk\u00e5p med mig!<\/p>\n<p>Idag har v\u00e4l pappersdockorna och sk\u00e5pen ersatts av elektroniska varianter! <a href=\"http:\/\/www.filindeblogg.nu\/?attachment_id=41720\" rel=\"attachment wp-att-41720\"><img loading=\"lazy\" class=\"alignnone size-full wp-image-41720\" title=\"Sims \u00e5rstider\" src=\"http:\/\/www.filindeblogg.nu\/wp-content\/uploads\/2013\/01\/Sims-\u00e5rstider.jpg\" alt=\"\" width=\"75\" height=\"107\" \/><\/a> The SIMS som dataspel.<br \/>\nBloggaren har naturligtvis som vuxen lekt med dessa dockor&#8230; Nya varianter utkommer och en av de senaste jag hittade var SIMS Universitetsliv. <a href=\"http:\/\/www.filindeblogg.nu\/?attachment_id=41721\" rel=\"attachment wp-att-41721\"><img loading=\"lazy\" class=\"alignnone  wp-image-41721\" title=\"Sims universitetsliv\" src=\"http:\/\/www.filindeblogg.nu\/wp-content\/uploads\/2013\/01\/Sims-universitetsliv.jpg\" alt=\"\" width=\"81\" height=\"115\" \/><\/a><\/p>\n<p>Annat att associera till. Den h\u00e4r bilden: <a href=\"http:\/\/www.filindeblogg.nu\/?attachment_id=41722\" rel=\"attachment wp-att-41722\"><img loading=\"lazy\" class=\"alignnone  wp-image-41722\" title=\"IMG_1894 (3)\" src=\"http:\/\/www.filindeblogg.nu\/wp-content\/uploads\/2013\/01\/IMG_1894-3-225x300.jpg\" alt=\"\" width=\"135\" height=\"180\" srcset=\"http:\/\/www.filindeblogg.nu\/wp-content\/uploads\/2013\/01\/IMG_1894-3-225x300.jpg 225w, http:\/\/www.filindeblogg.nu\/wp-content\/uploads\/2013\/01\/IMG_1894-3.jpg 450w\" sizes=\"(max-width: 135px) 100vw, 135px\" \/><\/a><br \/>\nKorridoren p\u00e5 en<strong> v\u00e5rdcentral i Arboga<\/strong> &#8211; f\u00f6rknippar jag med: <a href=\"http:\/\/www.filindeblogg.nu\/?attachment_id=41723\" rel=\"attachment wp-att-41723\"><img loading=\"lazy\" class=\"alignnone size-full wp-image-41723\" title=\"Blodbussen\" src=\"http:\/\/www.filindeblogg.nu\/wp-content\/uploads\/2013\/01\/Blodbussen.jpg\" alt=\"\" width=\"131\" height=\"74\" \/><\/a> <strong>Blodbussen!<\/strong> Den bes\u00f6kte jag ig\u00e5r och bidrog med blod till medm\u00e4nniskor som drabbas av sjukdom och olycka. Vill du ocks\u00e5 l\u00e4mna blod &#8211; l\u00e4s mer <a href=\"http:\/\/geblod.nu\/regionsvaljaren\/\" target=\"_blank\"><strong>H\u00c4R!<\/strong><\/a> Blodbussen fr\u00e5n <strong>Uppsala Akademiska Sjukhus<\/strong> st\u00e5r f\u00f6r \u00f6vrigt kvar \u00e4ven idag vid <strong>Arboga Station<\/strong>.<\/p>\n<p>Det h\u00e4r kortet hittade jag p\u00e5 <a href=\"http:\/\/sv-se.facebook.com\/pages\/H%C3%A5-Ges-Br%C3%B6d\/183369898355480\" target=\"_blank\"><strong>H\u00e5-Ge:s Br\u00f6d<\/strong><\/a> i <strong>Arboga<\/strong>: <a href=\"http:\/\/www.filindeblogg.nu\/?attachment_id=41724\" rel=\"attachment wp-att-41724\"><img loading=\"lazy\" class=\"alignnone  wp-image-41724\" title=\"IMG_1906 (4)\" src=\"http:\/\/www.filindeblogg.nu\/wp-content\/uploads\/2013\/01\/IMG_1906-4-225x300.jpg\" alt=\"\" width=\"135\" height=\"180\" srcset=\"http:\/\/www.filindeblogg.nu\/wp-content\/uploads\/2013\/01\/IMG_1906-4-225x300.jpg 225w, http:\/\/www.filindeblogg.nu\/wp-content\/uploads\/2013\/01\/IMG_1906-4.jpg 450w\" sizes=\"(max-width: 135px) 100vw, 135px\" \/><\/a><strong><em> <a href=\"http:\/\/kulinariskastraket.se\/\" target=\"_blank\">&#8221;Kulinariska str\u00e5ket&#8221;<\/a>.<br \/>\n<\/em><\/strong>Kortet s\u00e4ger inte s\u00e5 mycket &#8211; det h\u00e4r \u00e4r baksidan: <a href=\"http:\/\/www.filindeblogg.nu\/?attachment_id=41725\" rel=\"attachment wp-att-41725\"><img loading=\"lazy\" class=\"alignnone  wp-image-41725\" title=\"IMG_1907 (3)\" src=\"http:\/\/www.filindeblogg.nu\/wp-content\/uploads\/2013\/01\/IMG_1907-3-300x225.jpg\" alt=\"\" width=\"180\" height=\"135\" srcset=\"http:\/\/www.filindeblogg.nu\/wp-content\/uploads\/2013\/01\/IMG_1907-3-300x225.jpg 300w, http:\/\/www.filindeblogg.nu\/wp-content\/uploads\/2013\/01\/IMG_1907-3.jpg 600w\" sizes=\"(max-width: 180px) 100vw, 180px\" \/><\/a><em> <\/em><br \/>\nP\u00e5 hemsidan det h\u00e4nvisas till l\u00e4ser jag<a href=\"http:\/\/magazin24.se\/nyheter\/arboga\/2012\/05\/18\/kulinariskt-strak-i-arboga\" target=\"_blank\">,<\/a> citat:<\/p>\n<p><em>&#8221;Kulinariska str\u00e5ket drivs av Arboga i Centrum tillsammans med Arboga kommun och med st\u00f6d fr\u00e5n Leader.<\/em><br \/>\n<em>Syftet med Kulinariska str\u00e5ket \u00e4r att Arbogas bes\u00f6kare och inv\u00e5nare l\u00e4ttare skall kunna hitta n\u00e4rproducerad mat i v\u00e5ra butiker, caf\u00e9er och restauranger.<\/em><br \/>\n<em>V\u00e5r symbol hittar du h\u00e4r och var i Arboga; p\u00e5 hyllkanter, menyer, delikatessdiskar och p\u00e5 bagerier och caf\u00e9er. Symbolen visar att varan \u00e4r, eller inneh\u00e5ller produkter som \u00e4r odlade, producerade eller f\u00f6r\u00e4dlade inom ett omr\u00e5de av ca 10 mil fr\u00e5n Arboga. <\/em><br \/>\n<em>H\u00e4r p\u00e5 v\u00e5r hemsida hittar du v\u00e5rt producentregister som \u00e4r under uppbyggnad \u2013 vill du finnas med i det kan du kontakta: johanna.ericson@wordings.se, tel: 0709-52 17 36.&#8221;\u00a0<\/em><\/p>\n<p>Bloggaren associerar speciellt till g\u00e5rdar d\u00e4r djur har det bra och sk\u00f6tseln \u00e4r ekologisk, g\u00e4rna KRAV. N\u00e4r jag s\u00f6ker i producentregistret hittar jag n\u00e5gra k\u00f6ttproducenter men huruvida djuren p\u00e5 g\u00e5rdarna har det bra, kan jag inte avg\u00f6ra.<br \/>\nEftersom det n\u00e4st intill \u00e4r om\u00f6jligt att hitta kycklingprodukter utan djurpl\u00e5geri i <strong>Sverige<\/strong> &#8211; blev jag glad att finna <strong>Hagby G\u00e5rdsf\u00e5gel AB i V\u00e4ster\u00e5s<\/strong>. Mer fundersam blev jag n\u00e4r, trots l\u00f6ften p\u00e5 hemsidan med f\u00f6ljande citat: <em>&#8221;V\u00e5ra f\u00e5glar f\u00f6ds upp naturligt och etiskt riktigt med tillg\u00e5ng till stora ytor och utevistelse.&#8221;<\/em> &#8211; och <em>&#8221;sm\u00e5skalighet&#8221;\u00a0<\/em> ocks\u00e5 l\u00e4ser att f\u00f6rra \u00e5ret slaktades 16000 (!) kycklingar och 3500 kalkoner. Hur sm\u00e5skaligt \u00e4r det? Var n\u00e5gonstans har alla 20 000 f\u00e5glar haft sin utevistelse?<\/p>\n<p><strong>&#8221;Leader<\/strong>&#8221;- som &#8221;Kulinariska str\u00e5ket&#8221; st\u00f6ds av gav inga associationer till bloggaren. Via <strong>Google<\/strong> l\u00e4ser jag att <em>&#8221;<strong>Leader<\/strong> \u00e4r en metod f\u00f6r landsbygdsutveckling som bygger p\u00e5 lokala initiativ och beslut&#8221;<\/em> och kommer fr\u00e5n<a href=\"http:\/\/www.jordbruksverket.se\/amnesomraden\/mojligheterpalandsbygden\/leadersautvecklardudinhembygd.4.6a459c18120617aa58a80006611.html\" target=\"_blank\"><strong> Jordbruksverket<\/strong><\/a>.<\/p>\n<p>Ett av mina barn undrade \u00f6ver den h\u00e4r associationen: <a href=\"http:\/\/www.filindeblogg.nu\/?attachment_id=41726\" rel=\"attachment wp-att-41726\"><img loading=\"lazy\" class=\"alignnone size-medium wp-image-41726\" title=\"10 jan 2013 007\" src=\"http:\/\/www.filindeblogg.nu\/wp-content\/uploads\/2013\/01\/10-jan-2013-007-225x300.jpg\" alt=\"\" width=\"225\" height=\"300\" srcset=\"http:\/\/www.filindeblogg.nu\/wp-content\/uploads\/2013\/01\/10-jan-2013-007-225x300.jpg 225w, http:\/\/www.filindeblogg.nu\/wp-content\/uploads\/2013\/01\/10-jan-2013-007.jpg 231w\" sizes=\"(max-width: 225px) 100vw, 225px\" \/><\/a> <strong>Vad \u00e4r Adhd-pop??<\/strong> \u00c4r tydligen en favorit f\u00f6r tidningen Kup\u00e9s redakt\u00f6r.<\/p>\n<p><a href=\"http:\/\/www.filindeblogg.nu\/?attachment_id=41727\" rel=\"attachment wp-att-41727\"><img loading=\"lazy\" class=\"alignnone  wp-image-41727\" title=\"Kalenderblad\" src=\"http:\/\/www.filindeblogg.nu\/wp-content\/uploads\/2013\/01\/Kalenderblad9.jpg\" alt=\"\" width=\"109\" height=\"79\" \/><\/a>Almanacksblad associerar till dagens namnsdagsbarn som \u00e4r <strong>Sigurd<\/strong> och<strong> Sigbritt<\/strong>!<br \/>\n<strong>GRATTIS!<\/strong> Bloggaren associerar direkt till kaffe med dopp och grattiskramar! Kanske till och med en knippe krispiga tulpaner! \ud83d\ude42\u00a0 <a href=\"http:\/\/www.filindeblogg.nu\/?attachment_id=41728\" rel=\"attachment wp-att-41728\"><img loading=\"lazy\" class=\"alignnone  wp-image-41728\" title=\"vykort flicka - Kopia\" src=\"http:\/\/www.filindeblogg.nu\/wp-content\/uploads\/2013\/01\/vykort-flicka-Kopia9.jpg\" alt=\"\" width=\"47\" height=\"83\" \/><\/a><\/p>\n<p style=\"text-align: center;\">Vad man kan associera till avslutningsbilden st\u00e5r skrivet i stj\u00e4rnorna! \ud83d\ude00<\/p>\n<p style=\"text-align: center;\"><img loading=\"lazy\" class=\"aligncenter size-medium wp-image-41729\" title=\"IMG_1892 (3)\" src=\"http:\/\/www.filindeblogg.nu\/wp-content\/uploads\/2013\/01\/IMG_1892-3-225x300.jpg\" alt=\"\" width=\"225\" height=\"300\" srcset=\"http:\/\/www.filindeblogg.nu\/wp-content\/uploads\/2013\/01\/IMG_1892-3-225x300.jpg 225w, http:\/\/www.filindeblogg.nu\/wp-content\/uploads\/2013\/01\/IMG_1892-3.jpg 450w\" sizes=\"(max-width: 225px) 100vw, 225px\" \/>Ha en bra dag, s\u00e4ger <strong>Vilda Wilma!<\/strong><\/p>\n<p>&nbsp;<\/p>\n<p>&nbsp;<\/p>\n<p>&nbsp;<\/p>\n<p><strong><em><\/p>\n<p><\/em><\/strong><\/p>\n","protected":false},"excerpt":{"rendered":"<p>Idag handlar det om associationer. Bloggarens egna &#8211; kanske ocks\u00e5 dina? Den h\u00e4r fina, men nu ack s\u00e5 tomma chokladasken f\u00e5r mig att t\u00e4nka p\u00e5 en sn\u00e4ll bror med familj som f\u00f6r\u00e4rade oss en smakfull julklapp! Men &#8211; associationerna g\u00e5r vidare&#8230; Den tomma, fina asken associerar jag till liknande askar men fulla med pappersdockor! N\u00e4r [&hellip;]<\/p>\n","protected":false},"author":1,"featured_media":0,"comment_status":"open","ping_status":"open","sticky":false,"template":"","format":"standard","meta":[],"categories":[127,107,41,142,100,149,101],"tags":[],"_links":{"self":[{"href":"http:\/\/www.filindeblogg.nu\/index.php?rest_route=\/wp\/v2\/posts\/41712"}],"collection":[{"href":"http:\/\/www.filindeblogg.nu\/index.php?rest_route=\/wp\/v2\/posts"}],"about":[{"href":"http:\/\/www.filindeblogg.nu\/index.php?rest_route=\/wp\/v2\/types\/post"}],"author":[{"embeddable":true,"href":"http:\/\/www.filindeblogg.nu\/index.php?rest_route=\/wp\/v2\/users\/1"}],"replies":[{"embeddable":true,"href":"http:\/\/www.filindeblogg.nu\/index.php?rest_route=%2Fwp%2Fv2%2Fcomments&post=41712"}],"version-history":[{"count":32,"href":"http:\/\/www.filindeblogg.nu\/index.php?rest_route=\/wp\/v2\/posts\/41712\/revisions"}],"predecessor-version":[{"id":41761,"href":"http:\/\/www.filindeblogg.nu\/index.php?rest_route=\/wp\/v2\/posts\/41712\/revisions\/41761"}],"wp:attachment":[{"href":"http:\/\/www.filindeblogg.nu\/index.php?rest_route=%2Fwp%2Fv2%2Fmedia&parent=41712"}],"wp:term":[{"taxonomy":"category","embeddable":true,"href":"http:\/\/www.filindeblogg.nu\/index.php?rest_route=%2Fwp%2Fv2%2Fcategories&post=41712"},{"taxonomy":"post_tag","embeddable":true,"href":"http:\/\/www.filindeblogg.nu\/index.php?rest_route=%2Fwp%2Fv2%2Ftags&post=41712"}],"curies":[{"name":"wp","href":"https:\/\/api.w.org\/{rel}","templated":true}]}}